{"id":5409,"date":"2023-07-07T12:08:24","date_gmt":"2023-07-07T15:08:24","guid":{"rendered":"https:\/\/focotocantinense.com.br\/?p=5409"},"modified":"2023-07-10T17:40:05","modified_gmt":"2023-07-10T20:40:05","slug":"deputado-antonio-andrade-garante-recursos-para-quatro-municipios-do-tocantins","status":"publish","type":"post","link":"https:\/\/focotocantinense.com.br\/?p=5409","title":{"rendered":"Deputado Antonio Andrade garante recursos para quatro munic\u00edpios do Tocantins"},"content":{"rendered":"\n<p><\/p>\n\n\n\n<figure class=\"wp-block-image size-full is-resized\"><img loading=\"lazy\" decoding=\"async\" src=\"https:\/\/focotocantinense.com.br\/wp-content\/uploads\/2023\/07\/AAA-9.jpg\" alt=\"\" class=\"wp-image-5410\" width=\"401\" height=\"267\" srcset=\"https:\/\/focotocantinense.com.br\/wp-content\/uploads\/2023\/07\/AAA-9.jpg 1000w, https:\/\/focotocantinense.com.br\/wp-content\/uploads\/2023\/07\/AAA-9-300x200.jpg 300w, https:\/\/focotocantinense.com.br\/wp-content\/uploads\/2023\/07\/AAA-9-768x512.jpg 768w, https:\/\/focotocantinense.com.br\/wp-content\/uploads\/2023\/07\/AAA-9-310x205.jpg 310w\" sizes=\"auto, (max-width: 401px) 100vw, 401px\" \/><\/figure>\n\n\n\n<p>O Deputado Federal tocantinense Antonio Andrade (Republicanos) destinou recursos para quatro munic\u00edpios do Tocantins, com o objetivo de impulsionar o desenvolvimento e beneficiar a popula\u00e7\u00e3o local. As verbas asseguradas pelo parlamentar foram destinadas aos munic\u00edpios de Aurora do Tocantins, F\u00e1tima, Paran\u00e3 e Silvan\u00f3polis.<\/p>\n\n\n\n<p>O parlamentar ressaltou a import\u00e2ncia desses investimentos para o desenvolvimento dos munic\u00edpios, afirmando que eles contribuir\u00e3o para a melhoria da qualidade de vida da popula\u00e7\u00e3o.<\/p>\n\n\n\n<p>Al\u00e9m disso, destacou o compromisso em buscar recursos e parcerias que viabilizem a implanta\u00e7\u00e3o de projetos que atendam \u00e0s necessidades da comunidade.<\/p>\n\n\n\n<p>A \u00e1rea beneficiada nas cidades ser\u00e1 a sa\u00fade e os recursos ser\u00e3o utilizados para a aquisi\u00e7\u00e3o de compras de material de consumo. O objetivo \u00e9 fortalecer o sistema de sa\u00fade local, garantindo atendimento de qualidade e acesso a servi\u00e7os especializados.<\/p>\n\n\n\n<p>Os prefeitos dos munic\u00edpios beneficiados expressaram sua gratid\u00e3o ao deputado e destacaram a import\u00e2ncia dos investimentos para suas cidades. Eles enfatizaram que esses recursos ser\u00e3o utilizados de maneira transparente e respons\u00e1vel, visando a melhora nas unidades de sa\u00fade.<\/p>\n\n\n\n<p>Com essas a\u00e7\u00f5es, Antonio reafirma seu compromisso com os munic\u00edpios tocantinenses e sua articula\u00e7\u00e3o para viabilizar recursos extras, buscando promover o desenvolvimento por meio de investimentos estrat\u00e9gicos na sa\u00fade.<\/p>\n\n\n\n<p>Emendas de Custeio<\/p>\n\n\n\n<p>Emendas parlamentares de custeio s\u00e3o recursos financeiros destinados para financiar despesas correntes. As despesas s\u00e3o relacionadas \u00e0 manuten\u00e7\u00e3o e funcionamento dos servi\u00e7os p\u00fablicos, como pagamento de sal\u00e1rios, compra de materiais de consumo, contratos de presta\u00e7\u00e3o de servi\u00e7os, entre outros.<\/p>\n\n\n\n<p>As emendas parlamentares s\u00e3o uma forma dos parlamentares exercerem o papel de representantes do povo, direcionando recursos para atender demandas espec\u00edficas de suas bases eleitorais e de \u00e1reas consideradas priorit\u00e1rias.<\/p>\n\n\n\n<figure class=\"wp-block-image size-full is-resized\"><img loading=\"lazy\" decoding=\"async\" src=\"https:\/\/focotocantinense.com.br\/wp-content\/uploads\/2023\/07\/VINI-2.jpg\" alt=\"\" class=\"wp-image-5411\" width=\"840\" height=\"253\" srcset=\"https:\/\/focotocantinense.com.br\/wp-content\/uploads\/2023\/07\/VINI-2.jpg 640w, https:\/\/focotocantinense.com.br\/wp-content\/uploads\/2023\/07\/VINI-2-300x90.jpg 300w\" sizes=\"auto, (max-width: 840px) 100vw, 840px\" \/><\/figure>\n","protected":false},"excerpt":{"rendered":"<p>O Deputado Federal tocantinense Antonio Andrade (Republicanos) destinou recursos para quatro munic\u00edpios do Tocantins, com o objetivo de impulsionar o desenvolvimento e beneficiar a popula\u00e7\u00e3o local. As verbas asseguradas pelo parlamentar foram destinadas aos munic\u00edpios de Aurora do Tocantins, F\u00e1tima, Paran\u00e3 e Silvan\u00f3polis. O parlamentar ressaltou a import\u00e2ncia desses investimentos para o desenvolvimento dos munic\u00edpios, &hellip;<\/p>\n","protected":false},"author":5,"featured_media":5410,"comment_status":"open","ping_status":"open","sticky":false,"template":"","format":"standard","meta":{"footnotes":""},"categories":[1],"tags":[],"class_list":["post-5409","post","type-post","status-publish","format-standard","has-post-thumbnail","","category-sem-categoria"],"_links":{"self":[{"href":"https:\/\/focotocantinense.com.br\/index.php?rest_route=\/wp\/v2\/posts\/5409","targetHints":{"allow":["GET"]}}],"collection":[{"href":"https:\/\/focotocantinense.com.br\/index.php?rest_route=\/wp\/v2\/posts"}],"about":[{"href":"https:\/\/focotocantinense.com.br\/index.php?rest_route=\/wp\/v2\/types\/post"}],"author":[{"embeddable":true,"href":"https:\/\/focotocantinense.com.br\/index.php?rest_route=\/wp\/v2\/users\/5"}],"replies":[{"embeddable":true,"href":"https:\/\/focotocantinense.com.br\/index.php?rest_route=%2Fwp%2Fv2%2Fcomments&post=5409"}],"version-history":[{"count":1,"href":"https:\/\/focotocantinense.com.br\/index.php?rest_route=\/wp\/v2\/posts\/5409\/revisions"}],"predecessor-version":[{"id":5412,"href":"https:\/\/focotocantinense.com.br\/index.php?rest_route=\/wp\/v2\/posts\/5409\/revisions\/5412"}],"wp:featuredmedia":[{"embeddable":true,"href":"https:\/\/focotocantinense.com.br\/index.php?rest_route=\/wp\/v2\/media\/5410"}],"wp:attachment":[{"href":"https:\/\/focotocantinense.com.br\/index.php?rest_route=%2Fwp%2Fv2%2Fmedia&parent=5409"}],"wp:term":[{"taxonomy":"category","embeddable":true,"href":"https:\/\/focotocantinense.com.br\/index.php?rest_route=%2Fwp%2Fv2%2Fcategories&post=5409"},{"taxonomy":"post_tag","embeddable":true,"href":"https:\/\/focotocantinense.com.br\/index.php?rest_route=%2Fwp%2Fv2%2Ftags&post=5409"}],"curies":[{"name":"wp","href":"https:\/\/api.w.org\/{rel}","templated":true}]}}