{"id":5406,"date":"2023-07-06T16:48:21","date_gmt":"2023-07-06T19:48:21","guid":{"rendered":"https:\/\/focotocantinense.com.br\/?p=5406"},"modified":"2023-07-06T16:48:21","modified_gmt":"2023-07-06T19:48:21","slug":"jalapao-recebe-a-9a-edicao-da-festa-da-rapadura","status":"publish","type":"post","link":"https:\/\/focotocantinense.com.br\/?p=5406","title":{"rendered":"Jalap\u00e3o recebe a 9\u00aa Edi\u00e7\u00e3o da Festa da Rapadura"},"content":{"rendered":"\n<p>A comunidade quilombola do Prata recebe nos dias 14 e 15 de julho, a 9\u00aa Edi\u00e7\u00e3o da Festa da Rapadura. O evento, organizado pela Associa\u00e7\u00e3o dos Artes\u00e3os e Pequenos Produtores Rurais em S\u00e3o F\u00e9lix do Tocantins, conta com o apoio do Sebrae e da Energisa por meio do projeto Energia Para Crescer. A festividade busca promover a valoriza\u00e7\u00e3o das tradi\u00e7\u00f5es e culturas das comunidades do Jalap\u00e3o, al\u00e9m de estimular o empreendedorismo local.&nbsp; &nbsp;<\/p>\n\n\n\n<p>A proposta do evento \u00e9 promover a valoriza\u00e7\u00e3o das tradi\u00e7\u00f5es e culturas das comunidades do Jalap\u00e3o, al\u00e9m de estimular o empreendedorismo local. Nos dos dias de festa, a comunidade e turistas do Jalap\u00e3o poder\u00e3o saborear comidas t\u00edpicas da regi\u00e3o e visitar as barracas que representam a identidade cultural do Tocantins.&nbsp;&nbsp;<\/p>\n\n\n\n<p>A gerente do Sebrae, Milena Lima, destacou a import\u00e2ncia do projeto Energia Para Crescer na vida dos quilombolas, como uma a\u00e7\u00e3o de fomento ao turismo. \u201cAl\u00e9m disso, nossa ideia \u00e9 mostrar o que h\u00e1 de melhor no Jalap\u00e3o, que s\u00e3o as pessoas\u201d.&nbsp;<\/p>\n\n\n\n<p>Para a realiza\u00e7\u00e3o da festa, o Sebrae e Energisa contribu\u00edram com a estrutura do evento, al\u00e9m de capacitar os empreendedores do ramo aliment\u00edcio e de hospedagem. \u201cO objetivo do projeto \u00e9 transformar a vida das comunidades, proporcionando conhecimento e trazendo novas possibilidades para gera\u00e7\u00e3o de renda\u201d, comenta Leandro Fernandes, Gerente de Gest\u00e3o e Projetos da Energisa Tocantins.&nbsp;<\/p>\n\n\n\n<p><strong>Energia Para Crescer&nbsp;<\/strong><\/p>\n\n\n\n<p>Iniciado em 2021 e com previs\u00e3o de t\u00e9rmino neste ano, o projeto Energia Para Crescer \u00e9 uma parceria do Sebrae Tocantins junto \u00e0 Energisa Tocantins. A iniciativa prop\u00f5e apoiar a melhoria da qualidade de vida das comunidades quilombolas atrav\u00e9s do est\u00edmulo ao empreendedorismo. Isso ocorre por meio das a\u00e7\u00f5es de qualifica\u00e7\u00e3o de produtos e servi\u00e7os tur\u00edsticos, fortalecimento da governan\u00e7a, promo\u00e7\u00e3o de produtos tur\u00edsticos e do destino de base comunit\u00e1ria, a fim de fomentar o acesso a servi\u00e7os financeiros e a atra\u00e7\u00e3o de investimentos, considerando a inclus\u00e3o social, a gera\u00e7\u00e3o de renda e a prote\u00e7\u00e3o ambiental.&nbsp;<\/p>\n\n\n\n<p>O Projeto \u00e9 executado em tr\u00eas comunidades quilombolas do Jalap\u00e3o, Povoado do Prata (S\u00e3o F\u00e9lix-TO), Mumbuca (Mateiros-TO) e Rio Novo (Mateiros-TO).<\/p>\n\n\n\n<figure class=\"wp-block-image size-full\"><img loading=\"lazy\" decoding=\"async\" width=\"885\" height=\"543\" src=\"https:\/\/focotocantinense.com.br\/wp-content\/uploads\/2023\/07\/AAA-8.jpg\" alt=\"\" class=\"wp-image-5407\" srcset=\"https:\/\/focotocantinense.com.br\/wp-content\/uploads\/2023\/07\/AAA-8.jpg 885w, https:\/\/focotocantinense.com.br\/wp-content\/uploads\/2023\/07\/AAA-8-300x184.jpg 300w, https:\/\/focotocantinense.com.br\/wp-content\/uploads\/2023\/07\/AAA-8-768x471.jpg 768w\" sizes=\"auto, (max-width: 885px) 100vw, 885px\" \/><\/figure>\n\n\n\n<figure class=\"wp-block-image size-full is-resized\"><img loading=\"lazy\" decoding=\"async\" src=\"https:\/\/focotocantinense.com.br\/wp-content\/uploads\/2023\/07\/VINI-1.jpg\" alt=\"\" class=\"wp-image-5382\" width=\"836\" height=\"252\" srcset=\"https:\/\/focotocantinense.com.br\/wp-content\/uploads\/2023\/07\/VINI-1.jpg 640w, https:\/\/focotocantinense.com.br\/wp-content\/uploads\/2023\/07\/VINI-1-300x90.jpg 300w\" sizes=\"auto, (max-width: 836px) 100vw, 836px\" \/><\/figure>\n","protected":false},"excerpt":{"rendered":"<p>A comunidade quilombola do Prata recebe nos dias 14 e 15 de julho, a 9\u00aa Edi\u00e7\u00e3o da Festa da Rapadura. O evento, organizado pela Associa\u00e7\u00e3o dos Artes\u00e3os e Pequenos Produtores Rurais em S\u00e3o F\u00e9lix do Tocantins, conta com o apoio do Sebrae e da Energisa por meio do projeto Energia Para Crescer. A festividade busca &hellip;<\/p>\n","protected":false},"author":5,"featured_media":5407,"comment_status":"open","ping_status":"open","sticky":false,"template":"","format":"standard","meta":{"footnotes":""},"categories":[56],"tags":[],"class_list":["post-5406","post","type-post","status-publish","format-standard","has-post-thumbnail","","category-natividade"],"_links":{"self":[{"href":"https:\/\/focotocantinense.com.br\/index.php?rest_route=\/wp\/v2\/posts\/5406","targetHints":{"allow":["GET"]}}],"collection":[{"href":"https:\/\/focotocantinense.com.br\/index.php?rest_route=\/wp\/v2\/posts"}],"about":[{"href":"https:\/\/focotocantinense.com.br\/index.php?rest_route=\/wp\/v2\/types\/post"}],"author":[{"embeddable":true,"href":"https:\/\/focotocantinense.com.br\/index.php?rest_route=\/wp\/v2\/users\/5"}],"replies":[{"embeddable":true,"href":"https:\/\/focotocantinense.com.br\/index.php?rest_route=%2Fwp%2Fv2%2Fcomments&post=5406"}],"version-history":[{"count":1,"href":"https:\/\/focotocantinense.com.br\/index.php?rest_route=\/wp\/v2\/posts\/5406\/revisions"}],"predecessor-version":[{"id":5408,"href":"https:\/\/focotocantinense.com.br\/index.php?rest_route=\/wp\/v2\/posts\/5406\/revisions\/5408"}],"wp:featuredmedia":[{"embeddable":true,"href":"https:\/\/focotocantinense.com.br\/index.php?rest_route=\/wp\/v2\/media\/5407"}],"wp:attachment":[{"href":"https:\/\/focotocantinense.com.br\/index.php?rest_route=%2Fwp%2Fv2%2Fmedia&parent=5406"}],"wp:term":[{"taxonomy":"category","embeddable":true,"href":"https:\/\/focotocantinense.com.br\/index.php?rest_route=%2Fwp%2Fv2%2Fcategories&post=5406"},{"taxonomy":"post_tag","embeddable":true,"href":"https:\/\/focotocantinense.com.br\/index.php?rest_route=%2Fwp%2Fv2%2Ftags&post=5406"}],"curies":[{"name":"wp","href":"https:\/\/api.w.org\/{rel}","templated":true}]}}