{"id":5401,"date":"2023-07-06T16:40:05","date_gmt":"2023-07-06T19:40:05","guid":{"rendered":"https:\/\/focotocantinense.com.br\/?p=5401"},"modified":"2023-07-06T16:40:41","modified_gmt":"2023-07-06T19:40:41","slug":"prefeitura-de-gurupi-homenageara-ex-governador-siqueira-campos-com-seu-nome-na-via-da-integracao","status":"publish","type":"post","link":"https:\/\/focotocantinense.com.br\/?p=5401","title":{"rendered":"Prefeitura de Gurupi homenagear\u00e1 ex-Governador Siqueira Campos com seu nome na Via da Integra\u00e7\u00e3o"},"content":{"rendered":"\n<p>A Prefeita de Gurupi, Josi Nunes, anunciou nesta quarta-feira, 05, uma homenagem p\u00f3stuma ao ex-Governador do Tocantins, Jos\u00e9 Wilson Siqueira Campos, que faleceu na \u00faltima ter\u00e7a-feira, 04. A homenagem ocorrer\u00e1 por meio da nomea\u00e7\u00e3o da futura Via da Integra\u00e7\u00e3o Leste-Oeste, que atualmente est\u00e1 em constru\u00e7\u00e3o, como &#8220;Via da Integra\u00e7\u00e3o Governador Siqueira Campos&#8221;.<\/p>\n\n\n\n<p>A decis\u00e3o de dedicar a via em constru\u00e7\u00e3o ao ex-Governador Siqueira Campos foi motivada pela relev\u00e2ncia da obra para a cidade de Gurupi, sendo uma importante liga\u00e7\u00e3o estrutural entre as regi\u00f5es Leste e Oeste do munic\u00edpio. A Prefeita Josi Nunes considerou que a via, por sua magnitude e seu potencial de integra\u00e7\u00e3o, \u00e9 uma homenagem \u00e0 altura de Siqueira Campos.<\/p>\n\n\n\n<p>A Via da Integra\u00e7\u00e3o ser\u00e1 um marco para a cidade de Gurupi, conectando-a ao futuro e promovendo a liga\u00e7\u00e3o entre diferentes partes do munic\u00edpio. Atrav\u00e9s dessa iniciativa, a Prefeitura busca preservar a mem\u00f3ria do ex-Governador e reconhecer sua contribui\u00e7\u00e3o para o desenvolvimento do Tocantins.<\/p>\n\n\n\n<p>A gestora considera uma justa homenagem ao legado do ex-Governador. \u201cVamos fazer uma homenagem ao criador e ex-Governador do Tocantins, Siqueira Campos, esse grande l\u00edder do nosso Estado, dando o nome dele \u00e0 Via da Integra\u00e7\u00e3o que estamos construindo em Gurupi, que liga os lados Leste e Oeste da cidade, passando pelo viaduto da BR-153. Ser\u00e1 a Via da Integra\u00e7\u00e3o Governador Siqueira Campos. \u00c9 uma forma de homenagear esse \u00edcone da nossa hist\u00f3ria. Vou encaminhar o Projeto de Lei para a C\u00e2mara Municipal e ap\u00f3s a aprova\u00e7\u00e3o e conclus\u00e3o das obras vamos colocar o nome dele\u201d, disse a Prefeita.<\/p>\n\n\n\n<p>A homenagem \u00e0 Siqueira Campos por meio da Via da Integra\u00e7\u00e3o reflete o reconhecimento de sua import\u00e2ncia hist\u00f3rica e pol\u00edtica para o Estado e para Gurupi. A obra se tornar\u00e1, assim, um patrim\u00f4nio que ir\u00e1 perpetuar sua mem\u00f3ria e seu legado de integra\u00e7\u00e3o e desenvolvimento. A expectativa da gest\u00e3o \u00e9 de que a Via da Integra\u00e7\u00e3o Governador Siqueira Campos se torne um s\u00edmbolo de progresso e uni\u00e3o para a cidade, promovendo o desenvolvimento e a integra\u00e7\u00e3o entre os bairros e regi\u00f5es do munic\u00edpio.<\/p>\n\n\n\n<p>As obras da est\u00e3o em andamento e a previs\u00e3o \u00e9 de que sejam conclu\u00eddas at\u00e9 o anivers\u00e1rio da cidade, em novembro.<\/p>\n\n\n\n<p><strong>A obra<\/strong><\/p>\n\n\n\n<p>A Via da Integra\u00e7\u00e3o Governador Siqueira Campos vai ligar a parte inferior do viaduto da BR-153 at\u00e9 o final da Avenida Beira Rio, pelo lado Leste, e as Avenidas Lenival Correia e Ant\u00f4nio Nunes, pelo lado Oeste, por meio da cria\u00e7\u00e3o da Avenida Contorno da Nascente do c\u00f3rrego Mutuca. Essas quatro avenidas formar\u00e3o a maior via no sentido Leste-Oeste, totalizando aproximadamente 10km de extens\u00e3o. A Via da Integra\u00e7\u00e3o envolve tamb\u00e9m o Parque da Nascente do Mutuca, que contar\u00e1 com pista de caminhada, ciclovia e ilumina\u00e7\u00e3o.<\/p>\n\n\n\n<p>O projeto de expans\u00e3o urbana faz parte das propostas da gest\u00e3o da prefeita Josi Nunes e \u00e9 voltado para proporcionar acessibilidade, lazer, pr\u00e1tica esportiva e preserva\u00e7\u00e3o dos mananciais e nascentes da cidade. A obra, avaliada em R$ 24 milh\u00f5es, recebeu recursos da Companhia de Desenvolvimento dos Vales do S\u00e3o Francisco e do Parna\u00edba (Codevasf), por interm\u00e9dio do Senador Eduardo Gomes e do Deputado Federal Carlos Gaguim.<\/p>\n\n\n\n<figure class=\"wp-block-image size-full\"><img loading=\"lazy\" decoding=\"async\" width=\"1015\" height=\"522\" src=\"https:\/\/focotocantinense.com.br\/wp-content\/uploads\/2023\/07\/AAA-7.jpg\" alt=\"\" class=\"wp-image-5402\" srcset=\"https:\/\/focotocantinense.com.br\/wp-content\/uploads\/2023\/07\/AAA-7.jpg 1015w, https:\/\/focotocantinense.com.br\/wp-content\/uploads\/2023\/07\/AAA-7-300x154.jpg 300w, https:\/\/focotocantinense.com.br\/wp-content\/uploads\/2023\/07\/AAA-7-768x395.jpg 768w\" sizes=\"auto, (max-width: 1015px) 100vw, 1015px\" \/><\/figure>\n\n\n\n<figure class=\"wp-block-image size-full is-resized\"><img loading=\"lazy\" decoding=\"async\" src=\"https:\/\/focotocantinense.com.br\/wp-content\/uploads\/2023\/07\/VINI-1.jpg\" alt=\"\" class=\"wp-image-5382\" width=\"844\" height=\"255\" srcset=\"https:\/\/focotocantinense.com.br\/wp-content\/uploads\/2023\/07\/VINI-1.jpg 640w, https:\/\/focotocantinense.com.br\/wp-content\/uploads\/2023\/07\/VINI-1-300x90.jpg 300w\" sizes=\"auto, (max-width: 844px) 100vw, 844px\" \/><\/figure>\n","protected":false},"excerpt":{"rendered":"<p>A Prefeita de Gurupi, Josi Nunes, anunciou nesta quarta-feira, 05, uma homenagem p\u00f3stuma ao ex-Governador do Tocantins, Jos\u00e9 Wilson Siqueira Campos, que faleceu na \u00faltima ter\u00e7a-feira, 04. A homenagem ocorrer\u00e1 por meio da nomea\u00e7\u00e3o da futura Via da Integra\u00e7\u00e3o Leste-Oeste, que atualmente est\u00e1 em constru\u00e7\u00e3o, como &#8220;Via da Integra\u00e7\u00e3o Governador Siqueira Campos&#8221;. A decis\u00e3o de &hellip;<\/p>\n","protected":false},"author":5,"featured_media":5402,"comment_status":"open","ping_status":"open","sticky":false,"template":"","format":"standard","meta":{"footnotes":""},"categories":[38],"tags":[],"class_list":["post-5401","post","type-post","status-publish","format-standard","has-post-thumbnail","","category-gurupi"],"_links":{"self":[{"href":"https:\/\/focotocantinense.com.br\/index.php?rest_route=\/wp\/v2\/posts\/5401","targetHints":{"allow":["GET"]}}],"collection":[{"href":"https:\/\/focotocantinense.com.br\/index.php?rest_route=\/wp\/v2\/posts"}],"about":[{"href":"https:\/\/focotocantinense.com.br\/index.php?rest_route=\/wp\/v2\/types\/post"}],"author":[{"embeddable":true,"href":"https:\/\/focotocantinense.com.br\/index.php?rest_route=\/wp\/v2\/users\/5"}],"replies":[{"embeddable":true,"href":"https:\/\/focotocantinense.com.br\/index.php?rest_route=%2Fwp%2Fv2%2Fcomments&post=5401"}],"version-history":[{"count":2,"href":"https:\/\/focotocantinense.com.br\/index.php?rest_route=\/wp\/v2\/posts\/5401\/revisions"}],"predecessor-version":[{"id":5405,"href":"https:\/\/focotocantinense.com.br\/index.php?rest_route=\/wp\/v2\/posts\/5401\/revisions\/5405"}],"wp:featuredmedia":[{"embeddable":true,"href":"https:\/\/focotocantinense.com.br\/index.php?rest_route=\/wp\/v2\/media\/5402"}],"wp:attachment":[{"href":"https:\/\/focotocantinense.com.br\/index.php?rest_route=%2Fwp%2Fv2%2Fmedia&parent=5401"}],"wp:term":[{"taxonomy":"category","embeddable":true,"href":"https:\/\/focotocantinense.com.br\/index.php?rest_route=%2Fwp%2Fv2%2Fcategories&post=5401"},{"taxonomy":"post_tag","embeddable":true,"href":"https:\/\/focotocantinense.com.br\/index.php?rest_route=%2Fwp%2Fv2%2Ftags&post=5401"}],"curies":[{"name":"wp","href":"https:\/\/api.w.org\/{rel}","templated":true}]}}