{"id":5397,"date":"2023-07-05T22:01:29","date_gmt":"2023-07-06T01:01:29","guid":{"rendered":"https:\/\/focotocantinense.com.br\/?p=5397"},"modified":"2023-07-05T22:02:17","modified_gmt":"2023-07-06T01:02:17","slug":"vinicius-martins-estreia-show-de-humor-nesta-quinta-feira-em-gurupi","status":"publish","type":"post","link":"https:\/\/focotocantinense.com.br\/?p=5397","title":{"rendered":"Vin\u00edcius Martins estreia show de humor nesta quinta-feira, em Gurupi"},"content":{"rendered":"\n<figure class=\"wp-block-image size-full is-resized\"><img loading=\"lazy\" decoding=\"async\" src=\"https:\/\/focotocantinense.com.br\/wp-content\/uploads\/2023\/07\/AAA-6.jpg\" alt=\"\" class=\"wp-image-5398\" width=\"400\" height=\"300\" srcset=\"https:\/\/focotocantinense.com.br\/wp-content\/uploads\/2023\/07\/AAA-6.jpg 1024w, https:\/\/focotocantinense.com.br\/wp-content\/uploads\/2023\/07\/AAA-6-300x225.jpg 300w, https:\/\/focotocantinense.com.br\/wp-content\/uploads\/2023\/07\/AAA-6-768x576.jpg 768w\" sizes=\"auto, (max-width: 400px) 100vw, 400px\" \/><\/figure>\n\n\n\n<p>O ator e humorista tocantinense Vin\u00edcius Martins estreia seu novo show de humor nesta quinta-feira, 06 de julho no Centro Cultural Mauro Cunha, em Gurupi. \u00c9 um show solo que promete levar ao p\u00fablico a dar boas gargalhadas e reflex\u00f5es sobre o cotidiano das pessoas. Trata-se do espet\u00e1culo S\u00f3 Riso Show de Humor, com in\u00edcio \u00e0s 20 horas.<\/p>\n\n\n\n<p>Al\u00e9m de levar muito bom humor e entretenimento, a produ\u00e7\u00e3o tem foco social com destina\u00e7\u00e3o de parte dos ingressos para ONGs e institui\u00e7\u00f5es, arrecada\u00e7\u00e3o de alimentos. O show conta, ainda, com int\u00e9rprete de Libras para dar mais acessibilidade ao p\u00fablico.<\/p>\n\n\n\n<p>Vin\u00edcius Martins tamb\u00e9m \u00e9 apresentador do Mutuca Cast juntamente com seu parceiro Rafael Rafiusk, um podcast de entrevistas e entretenimento bem humorado que virou o xod\u00f3 dos gurupienses.<\/p>\n\n\n\n<p><strong>VERTENTES<\/strong><br>Durante o espet\u00e1culo, Vin\u00edcius Martins apresentar\u00e1 v\u00e1rias vertentes da com\u00e9dia, como stand-up, personagens caricatos criados pelo pr\u00f3prio artista, bem como, piadas, quadros, gags de palha\u00e7o, dentre outros artif\u00edcios.<\/p>\n\n\n\n<p>Quem assina a dire\u00e7\u00e3o art\u00edstica do espet\u00e1culo \u00e9 o pai do humorista, o poeta e jornalista Zacarias Martins, contando na dire\u00e7\u00e3o geral e t\u00e9cnica de Fabio Moreno.<\/p>\n\n\n\n<p>Segundo o humorista, este show faz parte de um projeto que percorrer\u00e1 v\u00e1rias cidades tocantinenses com o intuito de formar plateia e proporcionar \u00e0 comunidade o acesso a espet\u00e1culos culturais. Em agosto o humorista se apresenta em Tocant\u00ednia e Porto Nacional.<\/p>\n\n\n\n<p><br>Os ingressos antecipados est\u00e3o \u00e0 venda on-line e na Loja Pro Sports, ao pre\u00e7o de R$ 30,00 inteira e R$ 15,00 mais um 1kg de alimento n\u00e3o perec\u00edvel a meia solid\u00e1ria.<\/p>\n\n\n\n<figure class=\"wp-block-image size-large is-resized\"><img loading=\"lazy\" decoding=\"async\" src=\"https:\/\/focotocantinense.com.br\/wp-content\/uploads\/2023\/07\/5215c382-74e8-4be1-ae0e-821dde0eaaee-576x1024.jpg\" alt=\"\" class=\"wp-image-5381\" width=\"837\" height=\"1488\" srcset=\"https:\/\/focotocantinense.com.br\/wp-content\/uploads\/2023\/07\/5215c382-74e8-4be1-ae0e-821dde0eaaee-576x1024.jpg 576w, https:\/\/focotocantinense.com.br\/wp-content\/uploads\/2023\/07\/5215c382-74e8-4be1-ae0e-821dde0eaaee-169x300.jpg 169w, https:\/\/focotocantinense.com.br\/wp-content\/uploads\/2023\/07\/5215c382-74e8-4be1-ae0e-821dde0eaaee-768x1365.jpg 768w, https:\/\/focotocantinense.com.br\/wp-content\/uploads\/2023\/07\/5215c382-74e8-4be1-ae0e-821dde0eaaee-864x1536.jpg 864w, https:\/\/focotocantinense.com.br\/wp-content\/uploads\/2023\/07\/5215c382-74e8-4be1-ae0e-821dde0eaaee.jpg 900w\" sizes=\"auto, (max-width: 837px) 100vw, 837px\" \/><\/figure>\n","protected":false},"excerpt":{"rendered":"<p>O ator e humorista tocantinense Vin\u00edcius Martins estreia seu novo show de humor nesta quinta-feira, 06 de julho no Centro Cultural Mauro Cunha, em Gurupi. \u00c9 um show solo que promete levar ao p\u00fablico a dar boas gargalhadas e reflex\u00f5es sobre o cotidiano das pessoas. Trata-se do espet\u00e1culo S\u00f3 Riso Show de Humor, com in\u00edcio &hellip;<\/p>\n","protected":false},"author":5,"featured_media":5398,"comment_status":"open","ping_status":"open","sticky":false,"template":"","format":"standard","meta":{"footnotes":""},"categories":[104],"tags":[],"class_list":["post-5397","post","type-post","status-publish","format-standard","has-post-thumbnail","","category-cultura"],"_links":{"self":[{"href":"https:\/\/focotocantinense.com.br\/index.php?rest_route=\/wp\/v2\/posts\/5397","targetHints":{"allow":["GET"]}}],"collection":[{"href":"https:\/\/focotocantinense.com.br\/index.php?rest_route=\/wp\/v2\/posts"}],"about":[{"href":"https:\/\/focotocantinense.com.br\/index.php?rest_route=\/wp\/v2\/types\/post"}],"author":[{"embeddable":true,"href":"https:\/\/focotocantinense.com.br\/index.php?rest_route=\/wp\/v2\/users\/5"}],"replies":[{"embeddable":true,"href":"https:\/\/focotocantinense.com.br\/index.php?rest_route=%2Fwp%2Fv2%2Fcomments&post=5397"}],"version-history":[{"count":2,"href":"https:\/\/focotocantinense.com.br\/index.php?rest_route=\/wp\/v2\/posts\/5397\/revisions"}],"predecessor-version":[{"id":5400,"href":"https:\/\/focotocantinense.com.br\/index.php?rest_route=\/wp\/v2\/posts\/5397\/revisions\/5400"}],"wp:featuredmedia":[{"embeddable":true,"href":"https:\/\/focotocantinense.com.br\/index.php?rest_route=\/wp\/v2\/media\/5398"}],"wp:attachment":[{"href":"https:\/\/focotocantinense.com.br\/index.php?rest_route=%2Fwp%2Fv2%2Fmedia&parent=5397"}],"wp:term":[{"taxonomy":"category","embeddable":true,"href":"https:\/\/focotocantinense.com.br\/index.php?rest_route=%2Fwp%2Fv2%2Fcategories&post=5397"},{"taxonomy":"post_tag","embeddable":true,"href":"https:\/\/focotocantinense.com.br\/index.php?rest_route=%2Fwp%2Fv2%2Ftags&post=5397"}],"curies":[{"name":"wp","href":"https:\/\/api.w.org\/{rel}","templated":true}]}}