{"id":5393,"date":"2023-07-05T20:56:12","date_gmt":"2023-07-05T23:56:12","guid":{"rendered":"https:\/\/focotocantinense.com.br\/?p=5393"},"modified":"2023-07-05T20:59:04","modified_gmt":"2023-07-05T23:59:04","slug":"vice-governador-do-tocantins-laurez-moreira-presta-ultima-homenagem-ao-ex-governador-siqueira-campos","status":"publish","type":"post","link":"https:\/\/focotocantinense.com.br\/?p=5393","title":{"rendered":"Vice-governador do Tocantins, Laurez Moreira, presta \u00faltima homenagem ao ex-governador Siqueira Campos"},"content":{"rendered":"\n<figure class=\"wp-block-image size-full is-resized\"><img loading=\"lazy\" decoding=\"async\" src=\"https:\/\/focotocantinense.com.br\/wp-content\/uploads\/2023\/07\/337442.jpg\" alt=\"\" class=\"wp-image-5394\" width=\"395\" height=\"226\" srcset=\"https:\/\/focotocantinense.com.br\/wp-content\/uploads\/2023\/07\/337442.jpg 883w, https:\/\/focotocantinense.com.br\/wp-content\/uploads\/2023\/07\/337442-300x172.jpg 300w, https:\/\/focotocantinense.com.br\/wp-content\/uploads\/2023\/07\/337442-768x439.jpg 768w\" sizes=\"auto, (max-width: 395px) 100vw, 395px\" \/><\/figure>\n\n\n\n<p><\/p>\n\n\n\n<p><strong><em>Ex-governador do Tocantins, Jos\u00e9 Wilson Siqueira Campos, sendo agraciado com a Comenda Bernardo Say\u00e3o, pelo ent\u00e3o prefeito de Gurupi, Laurez Moreira<\/em><\/strong> <\/p>\n\n\n\n<p>O Tocantins perdeu hoje um de seus maiores l\u00edderes pol\u00edticos. O ex-governador, Jos\u00e9 Wilson Siqueira Campos faleceu nesta ter\u00e7a-feira, 4, em Palmas. Neste momento de dor e luto, o vice-governador do Tocantins, Laurez Moreira, prestou sua \u00faltima homenagem ao amigo e companheiro de lutas.<\/p>\n\n\n\n<p>\u201cSiqueira Campos deixa um legado inestim\u00e1vel n\u00e3o s\u00f3 para o Tocantins, este estado que ele lutou tanto para a sua cria\u00e7\u00e3o, mas para todo o Brasil. Sua trajet\u00f3ria pol\u00edtica traz incans\u00e1veis lutas em prol da constru\u00e7\u00e3o de um estado melhor. A minha eterna gratid\u00e3o a esse homem que iniciou a hist\u00f3ria do nosso Tocantins e quis v\u00ea-lo prosperar como de fato prosperou. \u00c9 este o desejo que temos que manter vivo em nossos cora\u00e7\u00f5es. E devemos ainda lutar para que esta prosperidade t\u00e3o sonhada seja, efetivamente, alcan\u00e7ada e espargida a todos que vivem nesta terra\u201d, declarou o vice-governador Laurez Moreira.<\/p>\n\n\n\n<p>Conhecido como um dos criadores do Tocantins, o ex-governador Siqueira Campos dedicou sua vida \u00e0 causa p\u00fablica. Para Laurez Moreira, a partida do ex-governador deixa uma grande lacuna na pol\u00edtica tocantinense. Pois, segundo ele, &#8220;Siqueira Campos foi um l\u00edder vision\u00e1rio. Sua dedica\u00e7\u00e3o, determina\u00e7\u00e3o e paix\u00e3o pelo nosso Estado inspiraram muitos tocantinenses a se engajarem na constru\u00e7\u00e3o de um futuro melhor&#8221;, frisou.<\/p>\n\n\n\n<p>Por fim, o vice-governador Laurez Moreira expressou sua solidariedade aos familiares e amigos de Siqueira Campos. &#8220;Com grande pesar, lamentamos a morte do nosso querido ex-governador. Perdemos um grande l\u00edder e um amigo. Sua trajet\u00f3ria de vida nos ensinou muito sobre dedica\u00e7\u00e3o, determina\u00e7\u00e3o e amor pelo nosso Estado. Mesmo com sua partida, seu legado permanecer\u00e1 vivo em nossos cora\u00e7\u00f5es, nos inspirando a seguir em frente e a lutar pelos ideais que ele tanto defendeu. Pe\u00e7o ao nosso Bom Deus que conforte os cora\u00e7\u00f5es de seus familiares e amigos. A hist\u00f3ria de vida do ex-governador permanecer\u00e1 viva em nossos cora\u00e7\u00f5es. Agradecemos por todos os valorosos ensinamentos e, por tudo que fez pelo nosso Tocantins. O nosso fraternal abra\u00e7o ao ex-deputado e ex-prefeito de Palmas, Eduardo Siqueira Campos, irm\u00e3os e demais familiares\u201d, finalizou.<\/p>\n\n\n\n<p><strong>Breve hist\u00f3ria<\/strong><\/p>\n\n\n\n<p>Natural de Crato, no Cear\u00e1, Jos\u00e9 Wilson Siqueira Campos, popularmente conhecido como Siqueira Campos, nasceu em 1\u00b0 de agosto de 1928. Filho do mestre Pac\u00edfico Siqueira Campos &#8211; que tinha a profiss\u00e3o de seleiro e sapateiro &#8211; e de dona Regina Siqueira Campos. Veio para o norte goiano em 1960. Em Colinas, se elegeu vereador em 1965. Em 1971, se elegeu deputado federal, quando ent\u00e3o representou o Tocantins na luta separatista. Chegou a fazer 98 horas de greve de fome, em Bras\u00edlia.&nbsp;<\/p>\n\n\n\n<p>Foi eleito governador do Tocantins, pela primeira vez, com 60 anos. Governou o estado por quatro mandatos. Seu \u00faltimo cargo pol\u00edtico foi de senador da Rep\u00fablica.<\/p>\n\n\n\n<p>Outra luta importante foi a cria\u00e7\u00e3o de Palmas, capital do Estado. A \u00faltima capital planejada do Brasil, fundada em 1989, hoje com mais de 330 mil habitantes.<\/p>\n\n\n\n<p>Siqueira Campos, al\u00e9m de pol\u00edtico, foi agricultor, pecuarista e empres\u00e1rio.<\/p>\n\n\n\n<p><img decoding=\"async\" src=\"https:\/\/central.to.gov.br\/image\/337447?w=670&amp;h=383\"><\/p>\n\n\n\n<p><strong><em>Laurez Moreira prestou suas condol\u00eancias aos familiares, amigos e admiradores do ex-governador, Siqueira Campos &#8211; Foto: Bruno Maia\/Governo do Tocantins&nbsp;<\/em><\/strong><\/p>\n\n\n\n<p><img decoding=\"async\" src=\"https:\/\/central.to.gov.br\/image\/337446?w=670&amp;h=383\"><\/p>\n\n\n\n<p><strong><em>O vice-governador Laurez Moreira ressaltou sua admira\u00e7\u00e3o pela trajet\u00f3ria pol\u00edtica e de trabalho em prol do Tocantins &#8211; Foto: Bruno Maia\/Governo do Tocantins&nbsp;<\/em><\/strong><\/p>\n\n\n\n<p><img decoding=\"async\" src=\"https:\/\/central.to.gov.br\/image\/337445?w=670&amp;h=383\"><\/p>\n\n\n\n<p><strong><em>A Comenda Bernardo Say\u00e3o, entregue ao ex-governador Siqueira Campos, homenageia pessoas com destaque na hist\u00f3ria do Tocantins, e com relevantes servi\u00e7os prestados \u00e0 popula\u00e7\u00e3o do Estado &#8211; Foto: Marcos Veloso\/Governo do Tocantins&nbsp;<\/em><\/strong><\/p>\n\n\n\n<p><img decoding=\"async\" src=\"https:\/\/central.to.gov.br\/image\/337444?w=670&amp;h=383\"><\/p>\n\n\n\n<p><strong><em>Laurez Moreira agradeceu por todos os valorosos ensinamentos e por tudo que Siqueira Campos fez pelo Tocantins &#8211;  Foto: Marcos Veloso\/Governo do Tocantins<\/em><\/strong><\/p>\n\n\n\n<p><img decoding=\"async\" src=\"https:\/\/central.to.gov.br\/image\/337443?w=670&amp;h=383\"><\/p>\n\n\n\n<p><strong><em>Para o vice-governador do Tocantins, Laurez Moreira, a partida do ex-governador Siqueira Campos deixa uma grande lacuna na pol\u00edtica tocantinense &#8211; Foto: Bruno Maia\/Governo do Tocantins.<\/em><\/strong><\/p>\n\n\n\n<figure class=\"wp-block-image size-full is-resized\"><img loading=\"lazy\" decoding=\"async\" src=\"https:\/\/focotocantinense.com.br\/wp-content\/uploads\/2023\/07\/VINI-1.jpg\" alt=\"\" class=\"wp-image-5382\" width=\"837\" height=\"252\" srcset=\"https:\/\/focotocantinense.com.br\/wp-content\/uploads\/2023\/07\/VINI-1.jpg 640w, https:\/\/focotocantinense.com.br\/wp-content\/uploads\/2023\/07\/VINI-1-300x90.jpg 300w\" sizes=\"auto, (max-width: 837px) 100vw, 837px\" \/><\/figure>\n","protected":false},"excerpt":{"rendered":"<p>Ex-governador do Tocantins, Jos\u00e9 Wilson Siqueira Campos, sendo agraciado com a Comenda Bernardo Say\u00e3o, pelo ent\u00e3o prefeito de Gurupi, Laurez Moreira O Tocantins perdeu hoje um de seus maiores l\u00edderes pol\u00edticos. O ex-governador, Jos\u00e9 Wilson Siqueira Campos faleceu nesta ter\u00e7a-feira, 4, em Palmas. Neste momento de dor e luto, o vice-governador do Tocantins, Laurez Moreira, &hellip;<\/p>\n","protected":false},"author":5,"featured_media":5394,"comment_status":"open","ping_status":"open","sticky":false,"template":"","format":"standard","meta":{"footnotes":""},"categories":[40],"tags":[],"class_list":["post-5393","post","type-post","status-publish","format-standard","has-post-thumbnail","","category-politica"],"_links":{"self":[{"href":"https:\/\/focotocantinense.com.br\/index.php?rest_route=\/wp\/v2\/posts\/5393","targetHints":{"allow":["GET"]}}],"collection":[{"href":"https:\/\/focotocantinense.com.br\/index.php?rest_route=\/wp\/v2\/posts"}],"about":[{"href":"https:\/\/focotocantinense.com.br\/index.php?rest_route=\/wp\/v2\/types\/post"}],"author":[{"embeddable":true,"href":"https:\/\/focotocantinense.com.br\/index.php?rest_route=\/wp\/v2\/users\/5"}],"replies":[{"embeddable":true,"href":"https:\/\/focotocantinense.com.br\/index.php?rest_route=%2Fwp%2Fv2%2Fcomments&post=5393"}],"version-history":[{"count":2,"href":"https:\/\/focotocantinense.com.br\/index.php?rest_route=\/wp\/v2\/posts\/5393\/revisions"}],"predecessor-version":[{"id":5396,"href":"https:\/\/focotocantinense.com.br\/index.php?rest_route=\/wp\/v2\/posts\/5393\/revisions\/5396"}],"wp:featuredmedia":[{"embeddable":true,"href":"https:\/\/focotocantinense.com.br\/index.php?rest_route=\/wp\/v2\/media\/5394"}],"wp:attachment":[{"href":"https:\/\/focotocantinense.com.br\/index.php?rest_route=%2Fwp%2Fv2%2Fmedia&parent=5393"}],"wp:term":[{"taxonomy":"category","embeddable":true,"href":"https:\/\/focotocantinense.com.br\/index.php?rest_route=%2Fwp%2Fv2%2Fcategories&post=5393"},{"taxonomy":"post_tag","embeddable":true,"href":"https:\/\/focotocantinense.com.br\/index.php?rest_route=%2Fwp%2Fv2%2Ftags&post=5393"}],"curies":[{"name":"wp","href":"https:\/\/api.w.org\/{rel}","templated":true}]}}