{"id":5388,"date":"2023-07-05T20:44:49","date_gmt":"2023-07-05T23:44:49","guid":{"rendered":"https:\/\/focotocantinense.com.br\/?p=5388"},"modified":"2023-07-05T20:46:23","modified_gmt":"2023-07-05T23:46:23","slug":"governador-wanderlei-barbosa-presta-ultima-homenagem-e-destaca-legado-do-ex-governador-siqueira-campos","status":"publish","type":"post","link":"https:\/\/focotocantinense.com.br\/?p=5388","title":{"rendered":"Governador Wanderlei Barbosa presta \u00faltima homenagem e destaca legado do ex-governador Siqueira Campos"},"content":{"rendered":"\n<figure class=\"wp-block-image size-full is-resized\"><img loading=\"lazy\" decoding=\"async\" src=\"https:\/\/focotocantinense.com.br\/wp-content\/uploads\/2023\/07\/AAA-5.jpg\" alt=\"\" class=\"wp-image-5389\" width=\"408\" height=\"233\" srcset=\"https:\/\/focotocantinense.com.br\/wp-content\/uploads\/2023\/07\/AAA-5.jpg 883w, https:\/\/focotocantinense.com.br\/wp-content\/uploads\/2023\/07\/AAA-5-300x172.jpg 300w, https:\/\/focotocantinense.com.br\/wp-content\/uploads\/2023\/07\/AAA-5-768x439.jpg 768w\" sizes=\"auto, (max-width: 408px) 100vw, 408px\" \/><\/figure>\n\n\n\n<p>\u201cO Ex-governador Siqueira Campos merece todas as homenagens, tanto do Governo quanto do nosso povo, por tudo que ele representa\u201d. Essas foram as palavras do governador do Tocantins, Wanderlei Barbosa, ao chegar para as \u00faltimas homenagens ao ex-governador Jos\u00e9 Wilson Siqueira Campos, no Pal\u00e1cio Araguaia, onde foi velado. O Governador chegou acompanhado pelo pai Fenelon Barbosa, primeiro prefeito da capital. O vice-governador Laurez Moreira tamb\u00e9m participou das homenagens.\u00a0<\/p>\n\n\n\n<p>&nbsp;O Governador Wanderlei Barbosa disse que os tocantinenses s\u00e3o gratos a Deus por ter dado a oportunidade de contar com um pol\u00edtico da altura de Siqueira Campos, que proporcionou grandes avan\u00e7os para o Estado. \u201cTemos gratid\u00e3o a Deus, que deu a oportunidade do governador Siqueira Campos proporcionar tantos benef\u00edcios para o nosso povo e para o nosso Estado. Hoje existe aqui a converg\u00eancia e a compaix\u00e3o de todos os tocantinenses pelo homem que representou e representa muito, porque daqui a mil anos ser\u00e1 a hist\u00f3ria mais densa deste Estado\u201d, disse.<\/p>\n\n\n\n<p>&nbsp;O governador Wanderlei Barbosa tamb\u00e9m participou da missa de corpo presente celebrada pelo arcebispo de Palmas, Dom Pedro Guimar\u00e3es, na ala norte do Pal\u00e1cio Araguaia, e do enterro do ex-governador no Cemit\u00e9rio Jardim da Paz, na capital, onde foi homenageado com salva de tiros e outras honras militares destinadas a chefes de estado.<\/p>\n\n\n\n<p>Siqueira Campos morreu nesta ter\u00e7a-feira, 4, \u00e0s 19h25 aos 94 anos, em um hospital particular de Palmas, onde estava internado desde o dia 29 de junho, e veio a \u00f3bito por uma infec\u00e7\u00e3o generalizada. Durante todo o dia Siqueira Campos foi homenageado na ala norte do Pal\u00e1cio Araguaia, cedida pelo governador Wanderlei Barbosa para o vel\u00f3rio, &nbsp;por cantores e artistas tocantinenses, pol\u00edticos e populares, que foram prestar a \u00faltima homenagem ao pol\u00edtico mais emblem\u00e1tico do Tocantins.<\/p>\n\n\n\n<p>Jos\u00e9 Wilson Siqueira Campos nasceu em Crato no Cear\u00e1, em 1928, filho de mestre Pac\u00edfico Siqueira Campos &#8211; que tinha a profiss\u00e3o de seleiro e sapateiro &#8211; e de dona Regina Siqueira Campos. Ficou \u00f3rf\u00e3o de m\u00e3e aos 12 anos e viajou pelo pa\u00eds por quase 10 anos, em busca de oportunidade. Trabalhou em v\u00e1rios of\u00edcios em diversas cidades, at\u00e9 chegar \u00e0 cidade de Colinas, no ent\u00e3o Norte de Goi\u00e1s, atual Colinas do Tocantins.<\/p>\n\n\n\n<p>Em Colinas, Siqueira come\u00e7ou a trabalhar na \u00e1rea rural, o que despertou nele a voca\u00e7\u00e3o pol\u00edtica: fundou a Cooperativa Goiana de Agricultores e deflagrou o movimento popular que pedia a cria\u00e7\u00e3o do Tocantins. Na elei\u00e7\u00e3o seguinte foi candidato a vereador, tendo sido eleito com vota\u00e7\u00e3o expressiva. Elege-se vereador de Colinas com maior vota\u00e7\u00e3o (1965) e escolhido presidente da C\u00e2mara (1966). Era ent\u00e3o filiado a Arena. Integraria tamb\u00e9m ao longo de sua carreira ao PDS, PDC, PFL, PL e PSDB.<\/p>\n\n\n\n<p><strong>Desmembramento<\/strong><\/p>\n\n\n\n<p>Foi eleito deputado federal, reeleito por mais quatro mandatos, permanecendo no cargo entre 1971 e 1988, enquanto representante do norte goiano. Chegou a fazer uma greve de fome de 98 horas em favor da causa separatista. Siqueira foi deputado federal Constituinte e relator da Subcomiss\u00e3o dos Estados da Assembleia Nacional Constituinte, tendo redigido e entregado ao presidente da Assembleia (deputado Ulisses Guimar\u00e3es) a fus\u00e3o de emendas (conhecida como Emenda Siqueira Campos) que deu origem ao Estado do Tocantins, com a promulga\u00e7\u00e3o da Constitui\u00e7\u00e3o Federal de 1988.<\/p>\n\n\n\n<p>A cria\u00e7\u00e3o do Tocantins, pelos deputados membros Assembleia Constituinte, finalizou uma luta de quase 200 anos dos moradores do ent\u00e3o Norte de Goi\u00e1s em prol da divis\u00e3o do Estado, trazendo a perspectiva de desenvolvimento para uma regi\u00e3o que viveu s\u00e9culos de relativo isolamento. Com o Tocantins finalmente criado, Siqueira Campos se elegeu o primeiro governador, para mandato de dois anos (de 1 de janeiro de 1989 a 15 de mar\u00e7o de 1991).<\/p>\n\n\n\n<p>Foi tamb\u00e9m respons\u00e1vel pela constru\u00e7\u00e3o da capital Palmas, a \u00faltima cidade brasileira planejada do s\u00e9culo 20.&nbsp; Siqueira Campos voltou a ocupar o cargo de governador por mais tr\u00eas mandatos, per\u00edodo em que o Estado saiu da total precariedade at\u00e9 chegar ao in\u00edcio de sua industrializa\u00e7\u00e3o, com obras importantes como a interliga\u00e7\u00e3o das principais cidades do estado com pavimenta\u00e7\u00e3o, os Hospitais Regionais das maiores cidades e outras obras estruturantes do novo Estado.<\/p>\n\n\n\n<figure class=\"wp-block-image is-resized\"><img loading=\"lazy\" decoding=\"async\" src=\"https:\/\/central.to.gov.br\/image\/337488?w=670&amp;h=383\" alt=\"\" width=\"838\" height=\"479\"\/><\/figure>\n\n\n\n<p><strong><em>Governador Wanderlei Barbosa e vice governador Laurez Moreira durante a missa de corpo presente em frente ao Pal\u00e1cio Araguaia &#8211; Foto: Adilvan Nogueira\/Governo do Tocantins\u00a0<\/em><\/strong><\/p>\n\n\n\n<p><img decoding=\"async\" src=\"https:\/\/central.to.gov.br\/image\/337487?w=670&amp;h=383\"><\/p>\n\n\n\n<p><strong><em>Governador Wanderlei Barbosa com Eduardo Siqueira Campos e familiares do ex-governador &#8211; Foto: Adilvan Nogueira\/Governo do Tocantins\u00a0<\/em><\/strong><\/p>\n\n\n\n<figure class=\"wp-block-image is-resized\"><img loading=\"lazy\" decoding=\"async\" src=\"http:\/\/n1to.com.br\/img\/uploads\/VINI_92.jpg\" alt=\"\" width=\"839\" height=\"253\"\/><\/figure>\n","protected":false},"excerpt":{"rendered":"<p>\u201cO Ex-governador Siqueira Campos merece todas as homenagens, tanto do Governo quanto do nosso povo, por tudo que ele representa\u201d. Essas foram as palavras do governador do Tocantins, Wanderlei Barbosa, ao chegar para as \u00faltimas homenagens ao ex-governador Jos\u00e9 Wilson Siqueira Campos, no Pal\u00e1cio Araguaia, onde foi velado. O Governador chegou acompanhado pelo pai Fenelon &hellip;<\/p>\n","protected":false},"author":5,"featured_media":5389,"comment_status":"open","ping_status":"open","sticky":false,"template":"","format":"standard","meta":{"footnotes":""},"categories":[1],"tags":[],"class_list":["post-5388","post","type-post","status-publish","format-standard","has-post-thumbnail","","category-sem-categoria"],"_links":{"self":[{"href":"https:\/\/focotocantinense.com.br\/index.php?rest_route=\/wp\/v2\/posts\/5388","targetHints":{"allow":["GET"]}}],"collection":[{"href":"https:\/\/focotocantinense.com.br\/index.php?rest_route=\/wp\/v2\/posts"}],"about":[{"href":"https:\/\/focotocantinense.com.br\/index.php?rest_route=\/wp\/v2\/types\/post"}],"author":[{"embeddable":true,"href":"https:\/\/focotocantinense.com.br\/index.php?rest_route=\/wp\/v2\/users\/5"}],"replies":[{"embeddable":true,"href":"https:\/\/focotocantinense.com.br\/index.php?rest_route=%2Fwp%2Fv2%2Fcomments&post=5388"}],"version-history":[{"count":2,"href":"https:\/\/focotocantinense.com.br\/index.php?rest_route=\/wp\/v2\/posts\/5388\/revisions"}],"predecessor-version":[{"id":5392,"href":"https:\/\/focotocantinense.com.br\/index.php?rest_route=\/wp\/v2\/posts\/5388\/revisions\/5392"}],"wp:featuredmedia":[{"embeddable":true,"href":"https:\/\/focotocantinense.com.br\/index.php?rest_route=\/wp\/v2\/media\/5389"}],"wp:attachment":[{"href":"https:\/\/focotocantinense.com.br\/index.php?rest_route=%2Fwp%2Fv2%2Fmedia&parent=5388"}],"wp:term":[{"taxonomy":"category","embeddable":true,"href":"https:\/\/focotocantinense.com.br\/index.php?rest_route=%2Fwp%2Fv2%2Fcategories&post=5388"},{"taxonomy":"post_tag","embeddable":true,"href":"https:\/\/focotocantinense.com.br\/index.php?rest_route=%2Fwp%2Fv2%2Ftags&post=5388"}],"curies":[{"name":"wp","href":"https:\/\/api.w.org\/{rel}","templated":true}]}}