{"id":5374,"date":"2023-07-05T12:52:06","date_gmt":"2023-07-05T15:52:06","guid":{"rendered":"https:\/\/focotocantinense.com.br\/?p=5374"},"modified":"2023-07-05T12:52:07","modified_gmt":"2023-07-05T15:52:07","slug":"governador-por-quatro-mandatos-jose-wilson-siqueira-campos-deixa-legado-de-obras-e-acoes-que-marcam-o-tocantins","status":"publish","type":"post","link":"https:\/\/focotocantinense.com.br\/?p=5374","title":{"rendered":"Governador por quatro mandatos, Jos\u00e9 Wilson Siqueira Campos deixa legado de obras e a\u00e7\u00f5es que marcam o Tocantins"},"content":{"rendered":"\n<p>Jos\u00e9 Wilson Siqueira Campos foi o primeiro governador do Estado do Tocantins e repetiu o feito por mais tr\u00eas mandatos (1989-1991, 1995-1998, 1999-2003 e 2011-2014). Como deputado federal, atuou bravamente pela divis\u00e3o do norte goiano na C\u00e2mara Federal e, por meio da Constitui\u00e7\u00e3o Brasileira aprovada em 1988, avan\u00e7ou na luta separatista que resultou na cria\u00e7\u00e3o do estado do Tocantins naquele ano.<\/p>\n\n\n\n<figure class=\"wp-block-image size-large is-resized\"><img loading=\"lazy\" decoding=\"async\" src=\"https:\/\/focotocantinense.com.br\/wp-content\/uploads\/2023\/07\/337457-1024x585.jpg\" alt=\"\" class=\"wp-image-5375\" width=\"410\" height=\"233\" srcset=\"https:\/\/focotocantinense.com.br\/wp-content\/uploads\/2023\/07\/337457-1024x585.jpg 1024w, https:\/\/focotocantinense.com.br\/wp-content\/uploads\/2023\/07\/337457-300x171.jpg 300w, https:\/\/focotocantinense.com.br\/wp-content\/uploads\/2023\/07\/337457-768x439.jpg 768w, https:\/\/focotocantinense.com.br\/wp-content\/uploads\/2023\/07\/337457.jpg 1400w\" sizes=\"auto, (max-width: 410px) 100vw, 410px\" \/><\/figure>\n\n\n\n<p>Ainda sobre a divis\u00e3o do territ\u00f3rio goiano, \u00e9 importante destacar que Siqueira Campos se tornou a imagem de uma luta centen\u00e1ria, que teve in\u00edcio h\u00e1 quase 200 anos, com Joaquim Teot\u00f4nio Segurado, ouvidor geral da Capitania de Goi\u00e1s e posterior desembargador das comarcas do Rio de Janeiro, Goi\u00e1s e Bahia, concomitantemente. Em seus discursos durante a Assembleia Nacional Constituinte (1987-1988), Siqueira Campos citou o desembargador como \u201cpatrono e maior sustentador da luta pela cria\u00e7\u00e3o do Estado\u201d.<\/p>\n\n\n\n<p><strong>Novo Estado, novas cidades<\/strong><\/p>\n\n\n\n<p>Muitos povoados, vilas e distritos que ocupavam o territ\u00f3rio hoje conhecido como Tocantins receberam o t\u00edtulo de munic\u00edpio ap\u00f3s a constru\u00e7\u00e3o do Estado. Foram 58 munic\u00edpios criados ap\u00f3s a emancipa\u00e7\u00e3o do Tocantins, incluindo a \u00faltima cidade planejada no Brasil durante o s\u00e9culo XX, Palmas, fundada em 1989. As demais 57 cidades receberam esse t\u00edtulo entre os anos de 1990 e 1997, o que garantiu repasses de verbas p\u00fablicas e possibilitou o avan\u00e7o no desenvolvimento econ\u00f4mico e social nas diversas regi\u00f5es do Estado. O Tocantins conta com 139 munic\u00edpios e, para ligar essas cidades, o ex-governador Siqueira Campos idealizou a constru\u00e7\u00e3o de rodovias estaduais que s\u00e3o important\u00edssimas para o fluxo econ\u00f4mico, n\u00e3o s\u00f3 do Estado, como de todo o pa\u00eds.<\/p>\n\n\n\n<p><strong>Palmas<\/strong><\/p>\n\n\n\n<p>Em 1989, com o Tocantins territorializado e com uma capital provis\u00f3ria \u2013 Miracema do Norte -, o ent\u00e3o Governador empossado de forma interina lan\u00e7ou a pedra fundamental onde seria constru\u00edda a capital permanente, Palmas, no centro do Brasil, em cerrado aberto. Segundo Siqueira Campos, \u201cum novo Estado tem que ter um rosto tamb\u00e9m novo\u201d, por isso, recusou a ideia de aproveitar as cidades j\u00e1 existentes e se prop\u00f4s a erguer uma nova cidade para sediar a capital do Tocantins. \u00c0 \u00e9poca, sua decis\u00e3o foi amplamente criticada, sobretudo pelos prefeitos das maiores cidades do Tocantins e pelos maiores l\u00edderes que enxergavam, na proposta, um desperd\u00edcio de recursos.<\/p>\n\n\n\n<p>Em entrevista exclusiva cedida \u00e0 Secretaria Estadual da Comunica\u00e7\u00e3o (Secom) em 2019, Siqueira Campos explicou como decidiu pelo territ\u00f3rio que viria a ser a capital definitiva do Tocantins. \u201cEu tomei posse no dia primeiro de janeiro de 1989 e comecei a me dedicar \u00e0 decis\u00e3o de construir a capital no dia 19 do mesmo m\u00eas. Vindo de Miracema, sobrevoei de avi\u00e3o v\u00e1rias \u00e1reas e escolhi uma \u00e1rea de 70 por 70 &nbsp;Km, para, em qualquer parte dela, construir a capital. Foi o lugar mais bonito, o melhor lugar de toda essa regi\u00e3o\u201d, ressaltou Siqueira, na ocasi\u00e3o. Atualmente, a Capital do Tocantins abriga 302.692 habitantes, conforme \u00faltimo Censo do Instituto Brasileiro de Geografia e Estat\u00edstica (IBGE), realizado em 2022 e divulgado em 2023.<\/p>\n\n\n\n<p><strong>Pra\u00e7a dos Girass\u00f3is<\/strong><\/p>\n\n\n\n<p>O homem pol\u00edtico e, agora, memor\u00e1vel, \u00e9 conhecido pelas obras de grande express\u00e3o e magnitude. Al\u00e9m de lan\u00e7ar uma capital em territ\u00f3rio previamente habitado por pequenos produtores rurais e ribeirinhos, ele comandou a constru\u00e7\u00e3o da Pra\u00e7a dos Girass\u00f3is, projetada para abrigar as sedes dos poderes Executivo, Legislativo e Judici\u00e1rio do Tocantins. Com 571 mil m\u00b2 de extens\u00e3o, a Pra\u00e7a dos Girass\u00f3is \u00e9 considerada a segunda maior pra\u00e7a urbana do mundo e carrega, em si, muitos tra\u00e7os e esculturas da hist\u00f3ria do Estado rec\u00e9m criado. O destaque fica para o cruzeiro, assinado pelo artes\u00e3o Arnildo Antunes. Esculpida em pau-brasil, a cruz foi o primeiro monumento hist\u00f3rico erguido em Palmas e, em 2000, foi tombado como Patrim\u00f4nio Cultural da cidade.<\/p>\n\n\n\n<p><strong>Pal\u00e1cio Araguaia<\/strong><\/p>\n\n\n\n<p>Ainda se tratando da Capital e da Pra\u00e7a dos Girass\u00f3is, vale destacar a constru\u00e7\u00e3o do Pal\u00e1cio Araguaia, tamb\u00e9m idealizado por Siqueira Campos e projetado pelos arquitetos Maria Luci da Costa e Ernani Vilela. Constru\u00edda em tempo recorde (13 meses), a sede do Poder Executivo foi inaugurada em 9 de mar\u00e7o de 1991 e configura como marco do Plano Diretor de Palmas. Antes de o Pal\u00e1cio ficar pronto, a sede administrativa do Governo do Tocantins tomou posse onde hoje \u00e9 o Palacinho, constru\u00e7\u00e3o feita em madeira de lei (jatob\u00e1), com sistema de montagem pr\u00e9-fabricado, hoje tombado como Museu Hist\u00f3rico do Tocantins. Ainda sobre o Pal\u00e1cio Araguaia, ele traz em seus detalhes tra\u00e7os da religiosidade, cultura, hist\u00f3ria e lutas do Estado, como os arcos que fazem refer\u00eancia \u00e0 Igreja de Nossa Senhora do Ros\u00e1rio, no munic\u00edpio de Natividade.<\/p>\n\n\n\n<p><strong>UHE Lajeado<\/strong><\/p>\n\n\n\n<p>Por ter comandado o Executivo Estadual por quatro mandatos, Siqueira Campos realizou obras importantes em v\u00e1rias \u00e1reas, sobretudo na educa\u00e7\u00e3o, na sa\u00fade, na infraestrutura e na gera\u00e7\u00e3o de energia, buscando fortalecer cada vez mais a economia do \u201cca\u00e7ulinha brasileiro\u201d. Outro exemplo de obra de grande propor\u00e7\u00e3o \u00e9 a Usina Hidrel\u00e9trica (UHE) Lu\u00eds Eduardo Magalh\u00e3es, em Lajeado, constru\u00edda entre 1998 e 2002. Com o represamento do Rio Tocantins, Palmas ganhou um grande lago, respons\u00e1vel pelos belos visuais e praias de \u00e1gua doce na capital.<\/p>\n\n\n\n<p><strong>Ponte da Amizade e da Integra\u00e7\u00e3o<\/strong><\/p>\n\n\n\n<p>Outra obra estruturante que auxiliou no crescimento da capital, Palmas, e no desenvolvimento econ\u00f4mico do Tocantins foi a Ponte Fernando Henrique Cardoso (FHC), inaugurada no dia 27 de setembro de 2002 e constru\u00edda entre 1998 e 2002, 100% com recursos estaduais. Localizada na Rodovia TO-080, sobre o Lago de Palmas, formado pela Usina Hidrel\u00e9trica Lu\u00eds Eduardo Magalh\u00e3es, a edifica\u00e7\u00e3o \u00e9 um dos principais cart\u00f5es postais de Palmas, possui 1.042 metros de extens\u00e3o e foi or\u00e7ada em R$ 75 milh\u00f5es, \u00e0 \u00e9poca.<\/p>\n\n\n\n<p><strong>Sa\u00fade<\/strong><\/p>\n\n\n\n<p>A fim de garantir acesso aos direitos fundamentais como sa\u00fade, por exemplo, Siqueira Campos encabe\u00e7ou a constru\u00e7\u00e3o de hospitais de grande e m\u00e9dio porte em todo o territ\u00f3rio tocantinense. Desde Augustin\u00f3polis, na regi\u00e3o do Bico do Papagaio, \u00e0 Arraias, no extremo sudeste, v\u00e1rias cidades receberam obras de hospitais regionais, como Gurupi, Aragua\u00edna, Guara\u00ed, Para\u00edso, Xambio\u00e1, Dian\u00f3polis, Alvorada, Aragua\u00e7u, Arapoema, Miracema, Pedro Afonso e Porto Nacional. Destaque para o Hospital Geral de Palmas (HGP), refer\u00eancia em sa\u00fade p\u00fablica n\u00e3o s\u00f3 no Estado do Tocantins, mas para todas as unidades federativas que fazem divisa. O Pronto Socorro do HGP, por exemplo, tem uma m\u00e9dia de 3,5 mil atendimentos por m\u00eas, com pacientes vindos de Mato Grosso, Par\u00e1 e Maranh\u00e3o.<\/p>\n\n\n\n<p>Outra obra relevante na \u00e1rea da sa\u00fade promovida pelo ent\u00e3o governador Siqueira Campos foi o Hospital e Maternidade Dona Regina (HMDR), \u00fanica refer\u00eancia em alta complexidade para atender partos em toda a macrorregi\u00e3o de sa\u00fade centro sul do Tocantins. Nascido do processo de descentraliza\u00e7\u00e3o dos servi\u00e7os de ginecologia, obstetr\u00edcia e pediatria do Hospital de Refer\u00eancia de Palmas, o HMDR foi criado em 21 de junho de 1999.<\/p>\n\n\n\n<p><strong>Educa\u00e7\u00e3o<\/strong><\/p>\n\n\n\n<p>Antes da constru\u00e7\u00e3o do Tocantins, o antigo norte-goiano n\u00e3o recebia a aten\u00e7\u00e3o necess\u00e1ria dos poderes p\u00fablicos constitu\u00eddos na \u00e9poca, sobretudo na \u00e1rea da educa\u00e7\u00e3o. O que se tem de hist\u00f3ria \u00e9 que grande parte das escolas p\u00fablicas abertas nas cidades situadas nesta regi\u00e3o foram oriundas do processo colonizat\u00f3rio empreendido pela Igreja Cat\u00f3lica e seus padres mission\u00e1rios. Logo, outra importante contribui\u00e7\u00e3o dada por Siqueira Campos ao Tocantins e ao povo que aqui vivia foi acesso \u00e0 uma educa\u00e7\u00e3o de qualidade, desde seu primeiro mandato como governador.<\/p>\n\n\n\n<p>A implanta\u00e7\u00e3o de Escolas de Tempo Integral (ETI) na rede estadual de educa\u00e7\u00e3o, por exemplo, foi uma iniciativa empreendida por ele. Durante a implanta\u00e7\u00e3o do que ele chamou de \u201cnova educa\u00e7\u00e3o\u201d, construiu e adaptou, entre 2011 e 2014, escolas para seguir esta nova metodologia de ensino, atendendo milhares de crian\u00e7as tocantinenses e ofertando tr\u00eas refei\u00e7\u00f5es di\u00e1rias, al\u00e9m da pr\u00e1tica de esportes e aprendizado de m\u00fasica e artes em geral. No mesmo per\u00edodo, sua contribui\u00e7\u00e3o se estende \u00e0 entrega de \u00f4nibus escolares, mais de 230 obras na \u00e1rea da educa\u00e7\u00e3o e equipamentos distribu\u00eddos em todas as unidades escolares do Estado. Na \u00e9poca, Siqueira afirmou que \u201ca educa\u00e7\u00e3o \u00e9 o caminho que leva a mudan\u00e7as transformadoras e os investimentos s\u00e3o para n\u00e3o termos um povo pedindo esmolas, mas l\u00edderes capazes de mudar a realidade\u201d.<\/p>\n\n\n\n<p><strong>Pioneiros Mirins<\/strong><\/p>\n\n\n\n<p>Ainda lembrando o antigo norte-goiano, apesar de grandes riquezas naturais ainda brutas, era uma regi\u00e3o que carecia de muita aten\u00e7\u00e3o do poder p\u00fablico. Essa preocupa\u00e7\u00e3o consternou Siqueira Campos que, ap\u00f3s a constru\u00e7\u00e3o do Tocantins, implantou um programa de assist\u00eancia social que buscava trazer dignidade ao povo da regi\u00e3o. O programa Pioneiros Mirins foi criado originalmente em 1989, chegou a ter mais de 40 mil benefici\u00e1rios que recebiam bolsa-aux\u00edlio e participavam de atividades em n\u00facleos regionais e municipais. O programa passou por diversas etapas e adapta\u00e7\u00f5es, mas acabou sendo extinto no ano de 2017. O Pioneiros Mirins foi implementado como modelo de solu\u00e7\u00e3o para situa\u00e7\u00f5es de vulnerabilidade e risco social ou pessoal nos 139 munic\u00edpios do Tocantins.<\/p>\n\n\n\n<p><strong>Aeroporto Internacional de Palmas<\/strong><\/p>\n\n\n\n<p>Na ambi\u00e7\u00e3o de conectar o Tocantins ao restante do Brasil e ao mundo, Siqueira Campos p\u00f4s em pr\u00e1tica a constru\u00e7\u00e3o do Aeroporto Brigadeiro Lysias Rodrigues. Com capacidade para receber 2 milh\u00f5es de passageiros\/ano, o terminal a\u00e9reo foi inaugurado pela Infraero em 5 de outubro de 2001, no 13\u00ba anivers\u00e1rio do Tocantins. O Aeroporto Internacional de Palmas \u00e9 o \u00fanico operado pela Infraero no Tocantins que possui voos efetuados pela Latam Airlines Brasil, Gol Linhas A\u00e9reas Inteligentes, Azul Linhas A\u00e9reas Brasileiras e a Passaredo Linhas A\u00e9reas, que s\u00e3o as quatro maiores companhias a\u00e9reas do Brasil.<\/p>\n\n\n\n<p><strong>Contribui\u00e7\u00e3o hist\u00f3rica<\/strong><\/p>\n\n\n\n<p>Na reta final de sua vida pol\u00edtica como governador do Tocantins, durante o pronunciamento de sua ren\u00fancia em 2014, Siqueira Campos falou sobre a satisfa\u00e7\u00e3o em ter trabalhado uma vida inteira em prol de um povo, qui\u00e7\u00e1, continuaria esquecido caso n\u00e3o houvesse a divis\u00e3o territorial. No texto, direcionado aos deputados estaduais empossados \u00e0 \u00e9poca, ele afirmou: \u201cFoi um privil\u00e9gio e uma grande honra ter servido ao Estado do Tocantins, dividindo com vossas excel\u00eancias a responsabilidade pela condu\u00e7\u00e3o do nosso povo ao destino de grandeza que a hist\u00f3ria lhe reserva\u201d.<\/p>\n\n\n\n<figure class=\"wp-block-image is-resized\"><img loading=\"lazy\" decoding=\"async\" src=\"https:\/\/central.to.gov.br\/image\/337475?w=670&amp;h=383\" alt=\"\" width=\"833\" height=\"476\"\/><\/figure>\n\n\n\n<p><em><strong>Programa Pioneiros Mirins foi criado originalmente em 1989, chegou a ter mais de 40 mil benefici\u00e1rios que recebiam bolsa-aux\u00edlio e participavam de atividades em n\u00facleos regionais e municipais<\/strong><\/em><\/p>\n","protected":false},"excerpt":{"rendered":"<p>Jos\u00e9 Wilson Siqueira Campos foi o primeiro governador do Estado do Tocantins e repetiu o feito por mais tr\u00eas mandatos (1989-1991, 1995-1998, 1999-2003 e 2011-2014). Como deputado federal, atuou bravamente pela divis\u00e3o do norte goiano na C\u00e2mara Federal e, por meio da Constitui\u00e7\u00e3o Brasileira aprovada em 1988, avan\u00e7ou na luta separatista que resultou na cria\u00e7\u00e3o &hellip;<\/p>\n","protected":false},"author":5,"featured_media":0,"comment_status":"open","ping_status":"open","sticky":false,"template":"","format":"standard","meta":{"footnotes":""},"categories":[1],"tags":[],"class_list":["post-5374","post","type-post","status-publish","format-standard","","category-sem-categoria"],"_links":{"self":[{"href":"https:\/\/focotocantinense.com.br\/index.php?rest_route=\/wp\/v2\/posts\/5374","targetHints":{"allow":["GET"]}}],"collection":[{"href":"https:\/\/focotocantinense.com.br\/index.php?rest_route=\/wp\/v2\/posts"}],"about":[{"href":"https:\/\/focotocantinense.com.br\/index.php?rest_route=\/wp\/v2\/types\/post"}],"author":[{"embeddable":true,"href":"https:\/\/focotocantinense.com.br\/index.php?rest_route=\/wp\/v2\/users\/5"}],"replies":[{"embeddable":true,"href":"https:\/\/focotocantinense.com.br\/index.php?rest_route=%2Fwp%2Fv2%2Fcomments&post=5374"}],"version-history":[{"count":1,"href":"https:\/\/focotocantinense.com.br\/index.php?rest_route=\/wp\/v2\/posts\/5374\/revisions"}],"predecessor-version":[{"id":5376,"href":"https:\/\/focotocantinense.com.br\/index.php?rest_route=\/wp\/v2\/posts\/5374\/revisions\/5376"}],"wp:attachment":[{"href":"https:\/\/focotocantinense.com.br\/index.php?rest_route=%2Fwp%2Fv2%2Fmedia&parent=5374"}],"wp:term":[{"taxonomy":"category","embeddable":true,"href":"https:\/\/focotocantinense.com.br\/index.php?rest_route=%2Fwp%2Fv2%2Fcategories&post=5374"},{"taxonomy":"post_tag","embeddable":true,"href":"https:\/\/focotocantinense.com.br\/index.php?rest_route=%2Fwp%2Fv2%2Ftags&post=5374"}],"curies":[{"name":"wp","href":"https:\/\/api.w.org\/{rel}","templated":true}]}}