{"id":5371,"date":"2023-07-04T22:57:40","date_gmt":"2023-07-05T01:57:40","guid":{"rendered":"https:\/\/focotocantinense.com.br\/?p=5371"},"modified":"2023-07-04T22:58:40","modified_gmt":"2023-07-05T01:58:40","slug":"deputado-federal-com-profundo-pesar-recebi-agora-a-noticia-do-falecimento-do-meu-amigo-e-ex-governador-siqueira-campos","status":"publish","type":"post","link":"https:\/\/focotocantinense.com.br\/?p=5371","title":{"rendered":"Com profundo pesar, recebi agora a not\u00edcia do falecimento do meu amigo e ex-governador Siqueira Campos"},"content":{"rendered":"\n<p>Um l\u00edder nato, um pol\u00edtico vision\u00e1rio que sempre demostrou lideran\u00e7a e comprometimento com o desenvolvimento do nosso Estado.<\/p>\n\n\n\n<p>Com muita luta e determina\u00e7\u00e3o, na Constituinte de 88, o eterno Governador foi pioneiro da concep\u00e7\u00e3o do estado do Tocantins, se tornando uma figura emblem\u00e1tica, respeitada e admirada pela sua vis\u00e3o de futuro.<\/p>\n\n\n\n<p>Siqueira Campos ficar\u00e1 marcado nas mentes e nos cora\u00e7\u00f5es dos tocantinenses pelo cuidado, aten\u00e7\u00e3o e carinho com que sempre tratou a todos, principalmente aqueles que mais precisavam.<\/p>\n\n\n\n<p>Siqueira escreveu seu nome na hist\u00f3ria, e al\u00e9m de ter criado o Estado, planejou e fundou a capital Palmas.<\/p>\n\n\n\n<p>O Tocantins perde uma de suas maiores refer\u00eancias, sendo um exemplo m\u00e1ximo de amor, respeito e delicadeza.<\/p>\n\n\n\n<p>Com certeza, ser\u00e1 eternizado na hist\u00f3ria e na vida do povo tocantinense, pelo seu exemplo de integridade e dedica\u00e7\u00e3o ao servi\u00e7o publico.<\/p>\n\n\n\n<p>Muito obrigado por realizar o sonho de todos os tocantinenses!<\/p>\n\n\n\n<p>Nesse momento de como\u00e7\u00e3o, rogo a Deus para que conforte os filhos, familiares e amigos.<\/p>\n\n\n\n<p>Deputado Federal Antonio Andrade e fam\u00edlia<\/p>\n\n\n\n<p>4 de julho de 2023<\/p>\n","protected":false},"excerpt":{"rendered":"<p>Um l\u00edder nato, um pol\u00edtico vision\u00e1rio que sempre demostrou lideran\u00e7a e comprometimento com o desenvolvimento do nosso Estado. Com muita luta e determina\u00e7\u00e3o, na Constituinte de 88, o eterno Governador foi pioneiro da concep\u00e7\u00e3o do estado do Tocantins, se tornando uma figura emblem\u00e1tica, respeitada e admirada pela sua vis\u00e3o de futuro. Siqueira Campos ficar\u00e1 marcado &hellip;<\/p>\n","protected":false},"author":5,"featured_media":0,"comment_status":"open","ping_status":"open","sticky":false,"template":"","format":"standard","meta":{"footnotes":""},"categories":[1],"tags":[],"class_list":["post-5371","post","type-post","status-publish","format-standard","","category-sem-categoria"],"_links":{"self":[{"href":"https:\/\/focotocantinense.com.br\/index.php?rest_route=\/wp\/v2\/posts\/5371","targetHints":{"allow":["GET"]}}],"collection":[{"href":"https:\/\/focotocantinense.com.br\/index.php?rest_route=\/wp\/v2\/posts"}],"about":[{"href":"https:\/\/focotocantinense.com.br\/index.php?rest_route=\/wp\/v2\/types\/post"}],"author":[{"embeddable":true,"href":"https:\/\/focotocantinense.com.br\/index.php?rest_route=\/wp\/v2\/users\/5"}],"replies":[{"embeddable":true,"href":"https:\/\/focotocantinense.com.br\/index.php?rest_route=%2Fwp%2Fv2%2Fcomments&post=5371"}],"version-history":[{"count":2,"href":"https:\/\/focotocantinense.com.br\/index.php?rest_route=\/wp\/v2\/posts\/5371\/revisions"}],"predecessor-version":[{"id":5373,"href":"https:\/\/focotocantinense.com.br\/index.php?rest_route=\/wp\/v2\/posts\/5371\/revisions\/5373"}],"wp:attachment":[{"href":"https:\/\/focotocantinense.com.br\/index.php?rest_route=%2Fwp%2Fv2%2Fmedia&parent=5371"}],"wp:term":[{"taxonomy":"category","embeddable":true,"href":"https:\/\/focotocantinense.com.br\/index.php?rest_route=%2Fwp%2Fv2%2Fcategories&post=5371"},{"taxonomy":"post_tag","embeddable":true,"href":"https:\/\/focotocantinense.com.br\/index.php?rest_route=%2Fwp%2Fv2%2Ftags&post=5371"}],"curies":[{"name":"wp","href":"https:\/\/api.w.org\/{rel}","templated":true}]}}