{"id":5359,"date":"2023-07-04T20:55:44","date_gmt":"2023-07-04T23:55:44","guid":{"rendered":"https:\/\/focotocantinense.com.br\/?p=5359"},"modified":"2023-07-04T20:58:19","modified_gmt":"2023-07-04T23:58:19","slug":"premio-sebrae-mulher-de-negocios-esta-com-as-inscricoes-abertas","status":"publish","type":"post","link":"https:\/\/focotocantinense.com.br\/?p=5359","title":{"rendered":"Pr\u00eamio Sebrae Mulher de Neg\u00f3cios est\u00e1 com as inscri\u00e7\u00f5es abertas\u00a0"},"content":{"rendered":"\n<p>O Pr\u00eamio Sebrae Mulher de Neg\u00f3cios 2023 j\u00e1 est\u00e1 com as inscri\u00e7\u00f5es abertas. As interessadas podem se inscrever gratuitamente at\u00e9 o dia 31 de julho, por meio do preenchimento do formul\u00e1rio eletr\u00f4nico disponibilizado na p\u00e1gina do Pr\u00eamio Sebrae Mulher de Neg\u00f3cios (PSMN). Segundo o edital, podem concorrer ao pr\u00eamio, empresas abertas at\u00e9 o dia 1\u00b0 de janeiro de 2022.<\/p>\n\n\n\n<p>A iniciativa busca valorizar e incentivar o empreendedorismo feminino no Brasil, reconhecendo o trabalho e a dedica\u00e7\u00e3o de mulheres empreendedoras que contribuem para o desenvolvimento do Pa\u00eds.<\/p>\n\n\n\n<p>O pr\u00eamio \u00e9 composto por tr\u00eas etapas: estadual, regional e nacional. Podem ser candidatar mulheres empreendedoras, com mais de 18 anos, que sejam propriet\u00e1rias de pequenos neg\u00f3cios, enquadrados nos porte Microempresa (ME), Empresa de Pequeno Porte (EPP) , Microempreendedora Individual (MEI) com CNPJ, produtora rural que possua inscri\u00e7\u00e3o estadual de produtora, n\u00famero do Im\u00f3vel Rural na Receita Federal (NIRF) ou declara\u00e7\u00e3o de aptid\u00e3o (DAP) ao Programa Nacional de Fortalecimento da Agricultura Familiar (Pronaf) ou que explore atividade pesqueira e possua registro no Minist\u00e9rio da Pesca.<\/p>\n\n\n\n<p>Desde 2004, o pr\u00eamio homenageia empreendedoras com capacidade de inova\u00e7\u00e3o, vis\u00e3o de futuro, estrat\u00e9gia e gest\u00e3o empresarial que, com seus neg\u00f3cios, geram impacto social e econ\u00f4mico na regi\u00e3o em que est\u00e3o inseridas.<\/p>\n\n\n\n<p>A analista do Sebrae Raquel Montelo Moura Carvalho pontua que ao reconhecer o trabalho das empreendedoras, a iniciativa tamb\u00e9m tem como objetivo inspirar outras mulheres a investir em seus sonhos e acreditar em seu potencial empreendedor, como protagonistas de seus neg\u00f3cios e suas pr\u00f3prias narrativas de vidas. \u201cSe voc\u00ea tem uma hist\u00f3ria inspiradora e quer ter sua trajet\u00f3ria reconhecida, inscreva-se agora e concorra ao Pr\u00eamio Mulher de Neg\u00f3cios, que ser\u00e1 uma forma de reconhecer e prestigiar seu neg\u00f3cio que tanto contribui para o nosso Estado\u201d, pontua.<\/p>\n\n\n\n<figure class=\"wp-block-image size-full is-resized\"><img loading=\"lazy\" decoding=\"async\" src=\"https:\/\/focotocantinense.com.br\/wp-content\/uploads\/2023\/07\/350530926_971317200734957_6477915199643551551_n.jpg\" alt=\"\" class=\"wp-image-5357\" width=\"842\" height=\"842\" srcset=\"https:\/\/focotocantinense.com.br\/wp-content\/uploads\/2023\/07\/350530926_971317200734957_6477915199643551551_n.jpg 699w, https:\/\/focotocantinense.com.br\/wp-content\/uploads\/2023\/07\/350530926_971317200734957_6477915199643551551_n-300x300.jpg 300w, https:\/\/focotocantinense.com.br\/wp-content\/uploads\/2023\/07\/350530926_971317200734957_6477915199643551551_n-150x150.jpg 150w\" sizes=\"auto, (max-width: 842px) 100vw, 842px\" \/><\/figure>\n\n\n\n<figure class=\"wp-block-image size-full is-resized\"><img loading=\"lazy\" decoding=\"async\" src=\"https:\/\/focotocantinense.com.br\/wp-content\/uploads\/2023\/07\/VINI.jpg\" alt=\"\" class=\"wp-image-5363\" width=\"840\" height=\"253\" srcset=\"https:\/\/focotocantinense.com.br\/wp-content\/uploads\/2023\/07\/VINI.jpg 640w, https:\/\/focotocantinense.com.br\/wp-content\/uploads\/2023\/07\/VINI-300x90.jpg 300w\" sizes=\"auto, (max-width: 840px) 100vw, 840px\" \/><\/figure>\n\n\n\n<figure class=\"wp-block-image size-large is-resized\"><img loading=\"lazy\" decoding=\"async\" src=\"https:\/\/focotocantinense.com.br\/wp-content\/uploads\/2023\/07\/5215c382-74e8-4be1-ae0e-821dde0eaaee-11-864x1536-1-576x1024.jpg\" alt=\"\" class=\"wp-image-5362\" width=\"837\" height=\"1488\" srcset=\"https:\/\/focotocantinense.com.br\/wp-content\/uploads\/2023\/07\/5215c382-74e8-4be1-ae0e-821dde0eaaee-11-864x1536-1-576x1024.jpg 576w, https:\/\/focotocantinense.com.br\/wp-content\/uploads\/2023\/07\/5215c382-74e8-4be1-ae0e-821dde0eaaee-11-864x1536-1-169x300.jpg 169w, https:\/\/focotocantinense.com.br\/wp-content\/uploads\/2023\/07\/5215c382-74e8-4be1-ae0e-821dde0eaaee-11-864x1536-1-768x1365.jpg 768w, https:\/\/focotocantinense.com.br\/wp-content\/uploads\/2023\/07\/5215c382-74e8-4be1-ae0e-821dde0eaaee-11-864x1536-1.jpg 864w\" sizes=\"auto, (max-width: 837px) 100vw, 837px\" \/><\/figure>\n","protected":false},"excerpt":{"rendered":"<p>O Pr\u00eamio Sebrae Mulher de Neg\u00f3cios 2023 j\u00e1 est\u00e1 com as inscri\u00e7\u00f5es abertas. As interessadas podem se inscrever gratuitamente at\u00e9 o dia 31 de julho, por meio do preenchimento do formul\u00e1rio eletr\u00f4nico disponibilizado na p\u00e1gina do Pr\u00eamio Sebrae Mulher de Neg\u00f3cios (PSMN). Segundo o edital, podem concorrer ao pr\u00eamio, empresas abertas at\u00e9 o dia 1\u00b0 &hellip;<\/p>\n","protected":false},"author":5,"featured_media":5357,"comment_status":"open","ping_status":"open","sticky":false,"template":"","format":"standard","meta":{"footnotes":""},"categories":[104],"tags":[],"class_list":["post-5359","post","type-post","status-publish","format-standard","has-post-thumbnail","","category-cultura"],"_links":{"self":[{"href":"https:\/\/focotocantinense.com.br\/index.php?rest_route=\/wp\/v2\/posts\/5359","targetHints":{"allow":["GET"]}}],"collection":[{"href":"https:\/\/focotocantinense.com.br\/index.php?rest_route=\/wp\/v2\/posts"}],"about":[{"href":"https:\/\/focotocantinense.com.br\/index.php?rest_route=\/wp\/v2\/types\/post"}],"author":[{"embeddable":true,"href":"https:\/\/focotocantinense.com.br\/index.php?rest_route=\/wp\/v2\/users\/5"}],"replies":[{"embeddable":true,"href":"https:\/\/focotocantinense.com.br\/index.php?rest_route=%2Fwp%2Fv2%2Fcomments&post=5359"}],"version-history":[{"count":3,"href":"https:\/\/focotocantinense.com.br\/index.php?rest_route=\/wp\/v2\/posts\/5359\/revisions"}],"predecessor-version":[{"id":5365,"href":"https:\/\/focotocantinense.com.br\/index.php?rest_route=\/wp\/v2\/posts\/5359\/revisions\/5365"}],"wp:featuredmedia":[{"embeddable":true,"href":"https:\/\/focotocantinense.com.br\/index.php?rest_route=\/wp\/v2\/media\/5357"}],"wp:attachment":[{"href":"https:\/\/focotocantinense.com.br\/index.php?rest_route=%2Fwp%2Fv2%2Fmedia&parent=5359"}],"wp:term":[{"taxonomy":"category","embeddable":true,"href":"https:\/\/focotocantinense.com.br\/index.php?rest_route=%2Fwp%2Fv2%2Fcategories&post=5359"},{"taxonomy":"post_tag","embeddable":true,"href":"https:\/\/focotocantinense.com.br\/index.php?rest_route=%2Fwp%2Fv2%2Ftags&post=5359"}],"curies":[{"name":"wp","href":"https:\/\/api.w.org\/{rel}","templated":true}]}}