{"id":5353,"date":"2023-07-04T20:38:52","date_gmt":"2023-07-04T23:38:52","guid":{"rendered":"https:\/\/focotocantinense.com.br\/?p=5353"},"modified":"2023-07-04T20:38:53","modified_gmt":"2023-07-04T23:38:53","slug":"governo-do-tocantins-intensifica-obras-de-pavimentacao-asfaltica-na-to-020-entre-campos-lindos-e-serra-do-centro","status":"publish","type":"post","link":"https:\/\/focotocantinense.com.br\/?p=5353","title":{"rendered":"Governo do Tocantins intensifica obras de pavimenta\u00e7\u00e3o asf\u00e1ltica na TO-020, entre Campos Lindos e Serra do Centro"},"content":{"rendered":"\n<p>A obra de pavimenta\u00e7\u00e3o asf\u00e1ltica na rodovia TO-020, trecho que liga Campos Lindos \u00e0 Serra do Centro, totalizando 33,40 km de extens\u00e3o, segue em ritmo acelerado pelo Governo do Estado do Tocantins, por meio da Ag\u00eancia de Transportes, Obras e Infraestrutura (Ageto). O investimento \u00e9 de cerca de R$ 75,7 milh\u00f5es.<\/p>\n\n\n\n<p>Campos Lindos e regi\u00e3o s\u00e3o um dos principais polos de produ\u00e7\u00e3o agr\u00edcola do Tocantins, e com esse trecho pavimentado passar\u00e1 a ter liga\u00e7\u00e3o rodovi\u00e1ria de qualidade, melhorando os custos de produ\u00e7\u00e3o dos gr\u00e3os e a mobilidade da popula\u00e7\u00e3o. Os produtores poder\u00e3o escoar o que produzem com seguran\u00e7a.<\/p>\n\n\n\n<p>A pavimenta\u00e7\u00e3o do trecho j\u00e1 foi implantada ao longo de 15 km com a capa asf\u00e1ltica em Concreto Betuminoso Usinado a Quente (CBUQ), um dos mais resistentes tipos de asfalto. Os quil\u00f4metros restantes est\u00e3o com terraplanagem pronta. A previs\u00e3o de finaliza\u00e7\u00e3o da obra \u00e9 para o final desse ano.<\/p>\n\n\n\n<p>Quando a pavimenta\u00e7\u00e3o for totalmente conclu\u00edda, a empresa contratada realizar\u00e1 as sinaliza\u00e7\u00f5es vertical e horizontal. Na sequ\u00eancia, ser\u00e3o colocados a grama e o meio-fio.<\/p>\n\n\n\n<p><strong>Agroneg\u00f3cio<\/strong><\/p>\n\n\n\n<p>Na regi\u00e3o de Campos Lindos, al\u00e9m da soja \u00e9 produzido tamb\u00e9m algod\u00e3o, uma cultura que gera muitos empregos e agrega valor \u00e0 sua cadeia produtiva. Junto \u00e0 produ\u00e7\u00e3o, est\u00e1 tamb\u00e9m uma ind\u00fastria de beneficiamento, onde \u00e9 processado o algod\u00e3o em caro\u00e7o, separando-o a pluma. Essas plumas j\u00e1 ficam prontas para serem enviadas para as fia\u00e7\u00f5es e posteriormente, para as tecelagens. Grande parte da pluma extra\u00edda \u00e9 exportada e segue diretamente de Campos Lindos para o Porto de Santos &#8211; SP.<\/p>\n\n\n\n<p>Um dos produtos da ind\u00fastria de algod\u00e3o \u00e9 o beneficamente do seu caro\u00e7o ou semente. Instalada na regi\u00e3o h\u00e1 quase tr\u00eas anos, tem uma unidade industrial que extrai do caro\u00e7o o \u00f3leo e a torta de algod\u00e3o. O \u00f3leo vai para a ind\u00fastria de refino, para o consumo humano, e para a ind\u00fastria de biodiesel. J\u00e1 a torta, vai para a alimenta\u00e7\u00e3o animal e f\u00e1bricas de produ\u00e7\u00e3o de ra\u00e7\u00e3o, usada na dieta animal em confinamentos e para o gado leiteiro. Tamb\u00e9m h\u00e1 uma empresa de beneficiamento de sementes da soja cultivada nos campos do munic\u00edpio e regi\u00e3o.<\/p>\n\n\n\n<p>O presidente da Ageto, M\u00e1rcio Pinheiro Rodrigues, ressalta que o trecho da rodovia ser\u00e1 vai auxiliar na log\u00edstica de escoamento de produtos agroindustrial da regi\u00e3o, fortalecendo o desenvolvimento de Campos Lindos e dos demais munic\u00edpios beneficiados. \u201cA voca\u00e7\u00e3o do agroneg\u00f3cio \u00e9 o que move a economia do Tocantins. Nosso Estado j\u00e1 \u00e9 conhecido como um dos maiores produtores de alimentos no mundo. Para isso, precisamos de infraestrutura e log\u00edstica para que, aquilo que \u00e9 produzido na ch\u00e1cara, no s\u00edtio e na fazenda possa rapidamente chegar \u00e0s mesas das popula\u00e7\u00f5es brasileira e mundial\u201d, afirmou M\u00e1rcio Pinheiro.<\/p>\n\n\n\n<figure class=\"wp-block-image size-large\"><img loading=\"lazy\" decoding=\"async\" width=\"1024\" height=\"582\" src=\"https:\/\/focotocantinense.com.br\/wp-content\/uploads\/2023\/07\/AAA-2-1024x582.jpg\" alt=\"\" class=\"wp-image-5354\" srcset=\"https:\/\/focotocantinense.com.br\/wp-content\/uploads\/2023\/07\/AAA-2-1024x582.jpg 1024w, https:\/\/focotocantinense.com.br\/wp-content\/uploads\/2023\/07\/AAA-2-300x171.jpg 300w, https:\/\/focotocantinense.com.br\/wp-content\/uploads\/2023\/07\/AAA-2-768x437.jpg 768w, https:\/\/focotocantinense.com.br\/wp-content\/uploads\/2023\/07\/AAA-2.jpg 1400w\" sizes=\"auto, (max-width: 1024px) 100vw, 1024px\" \/><\/figure>\n\n\n\n<figure class=\"wp-block-image size-full is-resized\"><img loading=\"lazy\" decoding=\"async\" src=\"https:\/\/focotocantinense.com.br\/wp-content\/uploads\/2023\/06\/VINI-7.jpg\" alt=\"\" class=\"wp-image-5302\" width=\"840\" height=\"253\" srcset=\"https:\/\/focotocantinense.com.br\/wp-content\/uploads\/2023\/06\/VINI-7.jpg 640w, https:\/\/focotocantinense.com.br\/wp-content\/uploads\/2023\/06\/VINI-7-300x90.jpg 300w\" sizes=\"auto, (max-width: 840px) 100vw, 840px\" \/><\/figure>\n\n\n\n<figure class=\"wp-block-image size-large is-resized\"><img loading=\"lazy\" decoding=\"async\" src=\"https:\/\/focotocantinense.com.br\/wp-content\/uploads\/2023\/06\/5215c382-74e8-4be1-ae0e-821dde0eaaee-11-576x1024.jpg\" alt=\"\" class=\"wp-image-5301\" width=\"836\" height=\"1486\" srcset=\"https:\/\/focotocantinense.com.br\/wp-content\/uploads\/2023\/06\/5215c382-74e8-4be1-ae0e-821dde0eaaee-11-576x1024.jpg 576w, https:\/\/focotocantinense.com.br\/wp-content\/uploads\/2023\/06\/5215c382-74e8-4be1-ae0e-821dde0eaaee-11-169x300.jpg 169w, https:\/\/focotocantinense.com.br\/wp-content\/uploads\/2023\/06\/5215c382-74e8-4be1-ae0e-821dde0eaaee-11-768x1365.jpg 768w, https:\/\/focotocantinense.com.br\/wp-content\/uploads\/2023\/06\/5215c382-74e8-4be1-ae0e-821dde0eaaee-11-864x1536.jpg 864w, https:\/\/focotocantinense.com.br\/wp-content\/uploads\/2023\/06\/5215c382-74e8-4be1-ae0e-821dde0eaaee-11.jpg 900w\" sizes=\"auto, (max-width: 836px) 100vw, 836px\" \/><\/figure>\n","protected":false},"excerpt":{"rendered":"<p>A obra de pavimenta\u00e7\u00e3o asf\u00e1ltica na rodovia TO-020, trecho que liga Campos Lindos \u00e0 Serra do Centro, totalizando 33,40 km de extens\u00e3o, segue em ritmo acelerado pelo Governo do Estado do Tocantins, por meio da Ag\u00eancia de Transportes, Obras e Infraestrutura (Ageto). O investimento \u00e9 de cerca de R$ 75,7 milh\u00f5es. Campos Lindos e regi\u00e3o &hellip;<\/p>\n","protected":false},"author":5,"featured_media":5354,"comment_status":"open","ping_status":"open","sticky":false,"template":"","format":"standard","meta":{"footnotes":""},"categories":[114],"tags":[],"class_list":["post-5353","post","type-post","status-publish","format-standard","has-post-thumbnail","","category-agronegocio"],"_links":{"self":[{"href":"https:\/\/focotocantinense.com.br\/index.php?rest_route=\/wp\/v2\/posts\/5353","targetHints":{"allow":["GET"]}}],"collection":[{"href":"https:\/\/focotocantinense.com.br\/index.php?rest_route=\/wp\/v2\/posts"}],"about":[{"href":"https:\/\/focotocantinense.com.br\/index.php?rest_route=\/wp\/v2\/types\/post"}],"author":[{"embeddable":true,"href":"https:\/\/focotocantinense.com.br\/index.php?rest_route=\/wp\/v2\/users\/5"}],"replies":[{"embeddable":true,"href":"https:\/\/focotocantinense.com.br\/index.php?rest_route=%2Fwp%2Fv2%2Fcomments&post=5353"}],"version-history":[{"count":1,"href":"https:\/\/focotocantinense.com.br\/index.php?rest_route=\/wp\/v2\/posts\/5353\/revisions"}],"predecessor-version":[{"id":5355,"href":"https:\/\/focotocantinense.com.br\/index.php?rest_route=\/wp\/v2\/posts\/5353\/revisions\/5355"}],"wp:featuredmedia":[{"embeddable":true,"href":"https:\/\/focotocantinense.com.br\/index.php?rest_route=\/wp\/v2\/media\/5354"}],"wp:attachment":[{"href":"https:\/\/focotocantinense.com.br\/index.php?rest_route=%2Fwp%2Fv2%2Fmedia&parent=5353"}],"wp:term":[{"taxonomy":"category","embeddable":true,"href":"https:\/\/focotocantinense.com.br\/index.php?rest_route=%2Fwp%2Fv2%2Fcategories&post=5353"},{"taxonomy":"post_tag","embeddable":true,"href":"https:\/\/focotocantinense.com.br\/index.php?rest_route=%2Fwp%2Fv2%2Ftags&post=5353"}],"curies":[{"name":"wp","href":"https:\/\/api.w.org\/{rel}","templated":true}]}}