{"id":5349,"date":"2023-07-04T18:14:23","date_gmt":"2023-07-04T21:14:23","guid":{"rendered":"https:\/\/focotocantinense.com.br\/?p=5349"},"modified":"2023-07-04T18:15:48","modified_gmt":"2023-07-04T21:15:48","slug":"deputado-antonio-andrade-se-reune-com-o-presidente-da-associacao-brasileira-da-industria-de-hoteis","status":"publish","type":"post","link":"https:\/\/focotocantinense.com.br\/?p=5349","title":{"rendered":"Deputado Antonio Andrade se re\u00fane com o presidente da  Associa\u00e7\u00e3o Brasileira da Ind\u00fastria de Hot\u00e9is"},"content":{"rendered":"\n<p><\/p>\n\n\n\n<p>O deputado federal e defensor do turismo, Antonio Andrade, se reuniu nesta ter\u00e7a-feira, 4 de julho, em Bras\u00edlia, com o presidente da Associa\u00e7\u00e3o Brasileira da Ind\u00fastria de Hot\u00e9is (ABIH)-Tocantins, Marcos Kochi.<\/p>\n\n\n\n<p>O encontro teve como objetivo discutir estrat\u00e9gias e medidas para impulsionar o setor hoteleiro no Tocantins, visando o fortalecimento do turismo e a atra\u00e7\u00e3o de visitantes no estado.<\/p>\n\n\n\n<p>A reuni\u00e3o ocorreu em um momento crucial para o turismo no pa\u00eds, visto que a ind\u00fastria hoteleira enfrentou diversos desafios devido \u00e0 pandemia de COVID-19, que resultou em restri\u00e7\u00f5es de viagens e impactos econ\u00f4micos significativos.<\/p>\n\n\n\n<figure class=\"wp-block-image size-full is-resized\"><img loading=\"lazy\" decoding=\"async\" src=\"https:\/\/focotocantinense.com.br\/wp-content\/uploads\/2023\/07\/557c96a0-84c5-49f4-abdb-3718bb2b60ba.jpg\" alt=\"\" class=\"wp-image-5350\" width=\"401\" height=\"285\"\/><\/figure>\n\n\n\n<p>Durante o encontro, foram abordados temas como a necessidade de incentivos fiscais para a constru\u00e7\u00e3o e moderniza\u00e7\u00e3o de hot\u00e9is, a import\u00e2ncia da qualifica\u00e7\u00e3o da m\u00e3o de obra e a promo\u00e7\u00e3o de destinos tur\u00edsticos do Tocantins, como por exemplo, o Parque Estadual do Jalap\u00e3o.<\/p>\n\n\n\n<p>Antonio Andrade se comprometeu a levar as demandas discutidas na reuni\u00e3o aos \u00f3rg\u00e3os competentes do governo federal, com o intuito de criar pol\u00edticas efetivas para o setor hoteleiro e tur\u00edstico. \u201cCom uma vis\u00e3o compartilhada de crescimento sustent\u00e1vel, \u00e9 poss\u00edvel fortalecer a economia, gerar empregos e promover a riqueza cultural e natural do nosso querido estado do Tocantins, atraindo cada vez mais visitantes tanto nacionais quanto internacionais\u201d, afirmou.<\/p>\n\n\n\n<p>A ABIH destacou a import\u00e2ncia de uma parceria estrat\u00e9gica entre o setor p\u00fablico e privado para impulsionar o turismo e promover o Tocantins como um destino atrativo. \u201cTratei com o deputado a necessidade de investimentos em infraestrutura tur\u00edstica, como estradas, aeroportos e servi\u00e7os de qualidade, a fim de proporcionar uma experi\u00eancia positiva aos turistas\u201d, disse o presidente Kochi.<\/p>\n\n\n\n<figure class=\"wp-block-image size-full is-resized\"><img loading=\"lazy\" decoding=\"async\" src=\"https:\/\/focotocantinense.com.br\/wp-content\/uploads\/2023\/06\/VINI-7.jpg\" alt=\"\" class=\"wp-image-5302\" width=\"840\" height=\"253\" srcset=\"https:\/\/focotocantinense.com.br\/wp-content\/uploads\/2023\/06\/VINI-7.jpg 640w, https:\/\/focotocantinense.com.br\/wp-content\/uploads\/2023\/06\/VINI-7-300x90.jpg 300w\" sizes=\"auto, (max-width: 840px) 100vw, 840px\" \/><\/figure>\n\n\n\n<figure class=\"wp-block-gallery has-nested-images columns-default is-cropped wp-block-gallery-1 is-layout-flex wp-block-gallery-is-layout-flex\">\n<figure class=\"wp-block-image size-large\"><img loading=\"lazy\" decoding=\"async\" width=\"576\" height=\"1024\" data-id=\"5301\" src=\"https:\/\/focotocantinense.com.br\/wp-content\/uploads\/2023\/06\/5215c382-74e8-4be1-ae0e-821dde0eaaee-11-576x1024.jpg\" alt=\"\" class=\"wp-image-5301\" srcset=\"https:\/\/focotocantinense.com.br\/wp-content\/uploads\/2023\/06\/5215c382-74e8-4be1-ae0e-821dde0eaaee-11-576x1024.jpg 576w, https:\/\/focotocantinense.com.br\/wp-content\/uploads\/2023\/06\/5215c382-74e8-4be1-ae0e-821dde0eaaee-11-169x300.jpg 169w, https:\/\/focotocantinense.com.br\/wp-content\/uploads\/2023\/06\/5215c382-74e8-4be1-ae0e-821dde0eaaee-11-768x1365.jpg 768w, https:\/\/focotocantinense.com.br\/wp-content\/uploads\/2023\/06\/5215c382-74e8-4be1-ae0e-821dde0eaaee-11-864x1536.jpg 864w, https:\/\/focotocantinense.com.br\/wp-content\/uploads\/2023\/06\/5215c382-74e8-4be1-ae0e-821dde0eaaee-11.jpg 900w\" sizes=\"auto, (max-width: 576px) 100vw, 576px\" \/><\/figure>\n<\/figure>\n","protected":false},"excerpt":{"rendered":"<p>O deputado federal e defensor do turismo, Antonio Andrade, se reuniu nesta ter\u00e7a-feira, 4 de julho, em Bras\u00edlia, com o presidente da Associa\u00e7\u00e3o Brasileira da Ind\u00fastria de Hot\u00e9is (ABIH)-Tocantins, Marcos Kochi. O encontro teve como objetivo discutir estrat\u00e9gias e medidas para impulsionar o setor hoteleiro no Tocantins, visando o fortalecimento do turismo e a atra\u00e7\u00e3o &hellip;<\/p>\n","protected":false},"author":5,"featured_media":5350,"comment_status":"open","ping_status":"open","sticky":false,"template":"","format":"standard","meta":{"footnotes":""},"categories":[40],"tags":[],"class_list":["post-5349","post","type-post","status-publish","format-standard","has-post-thumbnail","","category-politica"],"_links":{"self":[{"href":"https:\/\/focotocantinense.com.br\/index.php?rest_route=\/wp\/v2\/posts\/5349","targetHints":{"allow":["GET"]}}],"collection":[{"href":"https:\/\/focotocantinense.com.br\/index.php?rest_route=\/wp\/v2\/posts"}],"about":[{"href":"https:\/\/focotocantinense.com.br\/index.php?rest_route=\/wp\/v2\/types\/post"}],"author":[{"embeddable":true,"href":"https:\/\/focotocantinense.com.br\/index.php?rest_route=\/wp\/v2\/users\/5"}],"replies":[{"embeddable":true,"href":"https:\/\/focotocantinense.com.br\/index.php?rest_route=%2Fwp%2Fv2%2Fcomments&post=5349"}],"version-history":[{"count":2,"href":"https:\/\/focotocantinense.com.br\/index.php?rest_route=\/wp\/v2\/posts\/5349\/revisions"}],"predecessor-version":[{"id":5352,"href":"https:\/\/focotocantinense.com.br\/index.php?rest_route=\/wp\/v2\/posts\/5349\/revisions\/5352"}],"wp:featuredmedia":[{"embeddable":true,"href":"https:\/\/focotocantinense.com.br\/index.php?rest_route=\/wp\/v2\/media\/5350"}],"wp:attachment":[{"href":"https:\/\/focotocantinense.com.br\/index.php?rest_route=%2Fwp%2Fv2%2Fmedia&parent=5349"}],"wp:term":[{"taxonomy":"category","embeddable":true,"href":"https:\/\/focotocantinense.com.br\/index.php?rest_route=%2Fwp%2Fv2%2Fcategories&post=5349"},{"taxonomy":"post_tag","embeddable":true,"href":"https:\/\/focotocantinense.com.br\/index.php?rest_route=%2Fwp%2Fv2%2Ftags&post=5349"}],"curies":[{"name":"wp","href":"https:\/\/api.w.org\/{rel}","templated":true}]}}