{"id":5341,"date":"2023-07-04T16:17:52","date_gmt":"2023-07-04T19:17:52","guid":{"rendered":"https:\/\/focotocantinense.com.br\/?p=5341"},"modified":"2023-07-04T16:19:17","modified_gmt":"2023-07-04T19:19:17","slug":"especialista-em-producao-de-videos-do-tocantins-revoluciona-com-lancamento-de-filme-utilizando-a-tecnologia-do-unreal-engine","status":"publish","type":"post","link":"https:\/\/focotocantinense.com.br\/?p=5341","title":{"rendered":"Especialista em produ\u00e7\u00e3o de v\u00eddeos do Tocantins revoluciona com lan\u00e7amento de filme utilizando a tecnologia do Unreal Engine"},"content":{"rendered":"\n<p><strong>Por Cinthia Abreu<\/strong><\/p>\n\n\n\n<p>A partir de uma plataforma de jogos, o especialista em produ\u00e7\u00e3o de v\u00eddeos Elton Abreu realizou uma superprodu\u00e7\u00e3o cinematogr\u00e1fica. Proposto inicialmente como um clipe musical, o projeto foi se desenvolvendo at\u00e9 se tornar um filme, nomeado como Guardi\u00f5es do Beat. O v\u00eddeo de cerca de 8 minutos est\u00e1 dispon\u00edvel no canal do Youtube de Elton Abreu.<\/p>\n\n\n\n<figure class=\"wp-block-image size-full is-resized\"><img loading=\"lazy\" decoding=\"async\" src=\"https:\/\/focotocantinense.com.br\/wp-content\/uploads\/2023\/07\/AAA-1.jpg\" alt=\"\" class=\"wp-image-5342\" width=\"409\" height=\"215\" srcset=\"https:\/\/focotocantinense.com.br\/wp-content\/uploads\/2023\/07\/AAA-1.jpg 1005w, https:\/\/focotocantinense.com.br\/wp-content\/uploads\/2023\/07\/AAA-1-300x158.jpg 300w, https:\/\/focotocantinense.com.br\/wp-content\/uploads\/2023\/07\/AAA-1-768x405.jpg 768w\" sizes=\"auto, (max-width: 409px) 100vw, 409px\" \/><\/figure>\n\n\n\n<p>De acordo com Elton Abreu, da empresa Abreu 3D, a produ\u00e7\u00e3o virtual \u00e9 um processo que envolve a cria\u00e7\u00e3o e execu\u00e7\u00e3o de conte\u00fado audiovisual por meio de tecnologias digitais. \u201cUtilizei recursos como cen\u00e1rios virtuais, gr\u00e1ficos em computa\u00e7\u00e3o gr\u00e1fica e efeitos especiais. Assim foi poss\u00edvel criar ambientes e elementos visuais de forma simulada, sem depender de cen\u00e1rios f\u00edsicos tradicionais\u201d, relatou o produtor.<\/p>\n\n\n\n<p>Produzido em Palmas, o v\u00eddeo tem a dire\u00e7\u00e3o e execu\u00e7\u00e3o de Elton Abreu e conta com interpreta\u00e7\u00e3o da banda palmense Indoor, interpretado por Arthur Lunar, Waguinn e Dallag com prepara\u00e7\u00e3o de elenco de Nival Correia e produ\u00e7\u00e3o executiva de Cinthia Abreu.<\/p>\n\n\n\n<p>A hist\u00f3ria se passa no ano de 2099, em Palmas, Gurupi e Aragua\u00edna, projetando como seriam essas regi\u00f5es no futuro.<\/p>\n\n\n\n<p>Para Elton, a produ\u00e7\u00e3o audiovisual \u00e9 revolucion\u00e1ria e promete transformar a forma como os v\u00eddeos s\u00e3o produzidos no Brasil. \u201c\u00c9 um v\u00eddeo que apresenta um novo n\u00edvel de realismo e imers\u00e3o, proporcionando aos espectadores uma experi\u00eancia visual \u00fanica\u201d, complementou. O dom\u00ednio aprofundado da tecnologia permitiu ao produtor a cria\u00e7\u00e3o de cen\u00e1rios virtuais deslumbrantes e de alta qualidade.<\/p>\n\n\n\n<p><strong>Realiza\u00e7\u00e3o<\/strong><\/p>\n\n\n\n<p>Nascido em S\u00e3o Paulo (SP) e radicado em Palmas (TO), Elton Abreu \u00e9 propriet\u00e1rio da empresa Abreu 3D Produ\u00e7\u00f5es, que atua no Audiovisual h\u00e1 mais de 10 anos. Iniciou a carreira como montador, colorista e motion design, depois de alguns cursos em S\u00e3o Paulo e atualmente atua tamb\u00e9m como filmmaker e diretor de fotografia.<\/p>\n\n\n\n<p><strong>Sinopse<\/strong><\/p>\n\n\n\n<p>Em Guardi\u00f5es do Beat, transporte-se para o futuro proibido de Palmas-TO, em 2099, onde a m\u00fasica \u00e9 silenciada e a revolu\u00e7\u00e3o virtual ganha vida. Prepare-se para mergulhar em uma experi\u00eancia cinematogr\u00e1fica, criada com o poderoso Unreal Engine.<\/p>\n\n\n\n<p>Link:&nbsp;<a href=\"https:\/\/www.youtube.com\/watch?v=4FLWOiTGGKM\">https:\/\/www.youtube.com\/watch?v=4FLWOiTGGKM<\/a><\/p>\n\n\n\n<p><strong>Ficha T\u00e9cnica &#8211; Guardi\u00f5es do Beat<\/strong><\/p>\n\n\n\n<p><strong>Dire\u00e7\u00e3o-geral:&nbsp;<\/strong>Elton Abreu<\/p>\n\n\n\n<p><strong>Filmagem, edi\u00e7\u00e3o e anima\u00e7\u00e3o:&nbsp;<\/strong>Elton Abreu<\/p>\n\n\n\n<p><strong>Elenco:&nbsp;<\/strong>Arthur Lunar, Waguinn e Dallag<\/p>\n\n\n\n<p><strong>Produ\u00e7\u00e3o executiva:&nbsp;<\/strong>Cinthia Abreu<\/p>\n\n\n\n<p><strong>Prepara\u00e7\u00e3o de elenco:&nbsp;<\/strong>Nival Correia<\/p>\n\n\n\n<p><strong>Fotografia Still:&nbsp;<\/strong>R\u00e9gis Rodrigues e Carlos Gomez<\/p>\n\n\n\n<p><strong>Making Off:\u00a0<\/strong>Julia Dellatorre, Keven Lopes e Kaio Andr\u00e9<\/p>\n\n\n\n<figure class=\"wp-block-image size-full is-resized\"><img loading=\"lazy\" decoding=\"async\" src=\"https:\/\/focotocantinense.com.br\/wp-content\/uploads\/2023\/06\/VINI-7.jpg\" alt=\"\" class=\"wp-image-5302\" width=\"840\" height=\"253\" srcset=\"https:\/\/focotocantinense.com.br\/wp-content\/uploads\/2023\/06\/VINI-7.jpg 640w, https:\/\/focotocantinense.com.br\/wp-content\/uploads\/2023\/06\/VINI-7-300x90.jpg 300w\" sizes=\"auto, (max-width: 840px) 100vw, 840px\" \/><\/figure>\n\n\n\n<figure class=\"wp-block-image size-large is-resized\"><img loading=\"lazy\" decoding=\"async\" src=\"https:\/\/focotocantinense.com.br\/wp-content\/uploads\/2023\/06\/5215c382-74e8-4be1-ae0e-821dde0eaaee-11-576x1024.jpg\" alt=\"\" class=\"wp-image-5301\" width=\"842\" height=\"1497\" srcset=\"https:\/\/focotocantinense.com.br\/wp-content\/uploads\/2023\/06\/5215c382-74e8-4be1-ae0e-821dde0eaaee-11-576x1024.jpg 576w, https:\/\/focotocantinense.com.br\/wp-content\/uploads\/2023\/06\/5215c382-74e8-4be1-ae0e-821dde0eaaee-11-169x300.jpg 169w, https:\/\/focotocantinense.com.br\/wp-content\/uploads\/2023\/06\/5215c382-74e8-4be1-ae0e-821dde0eaaee-11-768x1365.jpg 768w, https:\/\/focotocantinense.com.br\/wp-content\/uploads\/2023\/06\/5215c382-74e8-4be1-ae0e-821dde0eaaee-11-864x1536.jpg 864w, https:\/\/focotocantinense.com.br\/wp-content\/uploads\/2023\/06\/5215c382-74e8-4be1-ae0e-821dde0eaaee-11.jpg 900w\" sizes=\"auto, (max-width: 842px) 100vw, 842px\" \/><\/figure>\n","protected":false},"excerpt":{"rendered":"<p>Por Cinthia Abreu A partir de uma plataforma de jogos, o especialista em produ\u00e7\u00e3o de v\u00eddeos Elton Abreu realizou uma superprodu\u00e7\u00e3o cinematogr\u00e1fica. Proposto inicialmente como um clipe musical, o projeto foi se desenvolvendo at\u00e9 se tornar um filme, nomeado como Guardi\u00f5es do Beat. O v\u00eddeo de cerca de 8 minutos est\u00e1 dispon\u00edvel no canal do &hellip;<\/p>\n","protected":false},"author":5,"featured_media":5342,"comment_status":"open","ping_status":"open","sticky":false,"template":"","format":"standard","meta":{"footnotes":""},"categories":[37],"tags":[],"class_list":["post-5341","post","type-post","status-publish","format-standard","has-post-thumbnail","","category-palmas"],"_links":{"self":[{"href":"https:\/\/focotocantinense.com.br\/index.php?rest_route=\/wp\/v2\/posts\/5341","targetHints":{"allow":["GET"]}}],"collection":[{"href":"https:\/\/focotocantinense.com.br\/index.php?rest_route=\/wp\/v2\/posts"}],"about":[{"href":"https:\/\/focotocantinense.com.br\/index.php?rest_route=\/wp\/v2\/types\/post"}],"author":[{"embeddable":true,"href":"https:\/\/focotocantinense.com.br\/index.php?rest_route=\/wp\/v2\/users\/5"}],"replies":[{"embeddable":true,"href":"https:\/\/focotocantinense.com.br\/index.php?rest_route=%2Fwp%2Fv2%2Fcomments&post=5341"}],"version-history":[{"count":4,"href":"https:\/\/focotocantinense.com.br\/index.php?rest_route=\/wp\/v2\/posts\/5341\/revisions"}],"predecessor-version":[{"id":5348,"href":"https:\/\/focotocantinense.com.br\/index.php?rest_route=\/wp\/v2\/posts\/5341\/revisions\/5348"}],"wp:featuredmedia":[{"embeddable":true,"href":"https:\/\/focotocantinense.com.br\/index.php?rest_route=\/wp\/v2\/media\/5342"}],"wp:attachment":[{"href":"https:\/\/focotocantinense.com.br\/index.php?rest_route=%2Fwp%2Fv2%2Fmedia&parent=5341"}],"wp:term":[{"taxonomy":"category","embeddable":true,"href":"https:\/\/focotocantinense.com.br\/index.php?rest_route=%2Fwp%2Fv2%2Fcategories&post=5341"},{"taxonomy":"post_tag","embeddable":true,"href":"https:\/\/focotocantinense.com.br\/index.php?rest_route=%2Fwp%2Fv2%2Ftags&post=5341"}],"curies":[{"name":"wp","href":"https:\/\/api.w.org\/{rel}","templated":true}]}}