{"id":5334,"date":"2023-07-02T18:08:58","date_gmt":"2023-07-02T21:08:58","guid":{"rendered":"https:\/\/focotocantinense.com.br\/?p=5334"},"modified":"2023-07-02T18:09:55","modified_gmt":"2023-07-02T21:09:55","slug":"em-sao-paulo-laurez-moreira-solicita-prioridade-na-conclusao-das-obras-do-trecho-da-br-242-que-corta-o-tocantins","status":"publish","type":"post","link":"https:\/\/focotocantinense.com.br\/?p=5334","title":{"rendered":"Em S\u00e3o Paulo, Laurez Moreira solicita prioridade na conclus\u00e3o das obras do trecho da BR-242 que corta o Tocantins"},"content":{"rendered":"\n<p>O governador em exerc\u00edcio do Tocantins, Laurez Moreira, acompanhado do secret\u00e1rio da Administra\u00e7\u00e3o (Secad), Paulo C\u00e9sar Benfica, participou, nessa sexta-feira, 30, de\u00a0uma reuni\u00e3o realizada pelo Minist\u00e9rio do Planejamento e Or\u00e7amento e o Banco Interamericano de Desenvolvimento (BID) com o tema &#8220;Fomentando o Desenvolvimento Sustent\u00e1vel e Inclusivo da Amaz\u00f4nia Brasileira&#8221;. O encontro ocorreu na cidade de S\u00e3o Paulo e reuniu representantes de v\u00e1rios estados da regi\u00e3o amaz\u00f4nica para o lan\u00e7amento do programa Amaz\u00f4nia Sempre (Amaz\u00f4nia Forever), do BID.<\/p>\n\n\n\n<figure class=\"wp-block-image size-full is-resized\"><img loading=\"lazy\" decoding=\"async\" src=\"https:\/\/focotocantinense.com.br\/wp-content\/uploads\/2023\/07\/aaa.jpg\" alt=\"\" class=\"wp-image-5335\" width=\"397\" height=\"227\" srcset=\"https:\/\/focotocantinense.com.br\/wp-content\/uploads\/2023\/07\/aaa.jpg 883w, https:\/\/focotocantinense.com.br\/wp-content\/uploads\/2023\/07\/aaa-300x172.jpg 300w, https:\/\/focotocantinense.com.br\/wp-content\/uploads\/2023\/07\/aaa-768x439.jpg 768w\" sizes=\"auto, (max-width: 397px) 100vw, 397px\" \/><\/figure>\n\n\n\n<p>Durante o evento, o Governador em exerc\u00edcio destacou a relev\u00e2ncia da Amaz\u00f4nia para todo o Pa\u00eds e ressaltou o compromisso do Governo do Tocantins em desenvolver a regi\u00e3o de forma sustent\u00e1vel. Laurez Moreira tamb\u00e9m enfatizou a import\u00e2ncia do apoio do Governo Federal na conclus\u00e3o das obras da BR-242. &#8220;Gostaria que voc\u00eas dessem muita aten\u00e7\u00e3o para essa rodovia, que sai da Bahia em dire\u00e7\u00e3o&nbsp;ao Tocantins, no sentido do estado do Mato Grosso, ligando ainda Rond\u00f4nia, Acre e o Peru. \u00c9 uma rodovia que est\u00e1 com empecilho somente na Ilha do Bananal, que separa o Tocantins do Mato Grosso&#8221;.<\/p>\n\n\n\n<p>O governador em exerc\u00edcio do Tocantins, Laurez Moreira, mencionou que essa obra, de 90 km de estrada dentro da Ilha do Bananal, vai colaborar com o escoamento da produ\u00e7\u00e3o agr\u00edcola dos estados do Tocantins e Mato Grosso, j\u00e1 que reduzem as dist\u00e2ncias enfrentadas no transporte de carga. &#8220;Seria a maneira mais f\u00e1cil de viabilizar essa liga\u00e7\u00e3o\u201d, ressaltou, ao se referir que, com a rodovia conclu\u00edda, o transporte de mercadoria tamb\u00e9m pode passar do Oceano Atl\u00e2ntico ao Pacifico por meio terrestre.<\/p>\n\n\n\n<p>Ap\u00f3s a reuni\u00e3o, Laurez Moreira juntamente com os demais governadores presentes no encontro assinaram uma declara\u00e7\u00e3o conjunta em apoio ao programa do BID. Estavam presentes na reuni\u00e3o em S\u00e3o Paulo os governadores, representantes do BID, ministros de Finan\u00e7as ou Planejamento da Bol\u00edvia, Col\u00f4mbia, Equador, Guiana, Peru e Suriname.<\/p>\n\n\n\n<p><strong>O encontro<\/strong><\/p>\n\n\n\n<p>A ministra do Planejamento e Or\u00e7amento, Simone Tebet, e o presidente do Banco Interamericano de Desenvolvimento (BID), Ilan Goldfajn, coordenaram uma reuni\u00e3o com ministros de seis pa\u00edses amaz\u00f4nicos para discutir uma articula\u00e7\u00e3o de projetos destinados a impulsionar o desenvolvimento sustent\u00e1vel e inclusivo da Amaz\u00f4nia. O encontro lan\u00e7ou o programa Amaz\u00f4nia Sempre (Amaz\u00f4nia Forever), do BID, uma iniciativa abrangente que visa ampliar o financiamento e aprimorar a coordena\u00e7\u00e3o regional para a acelerar o desenvolvimento econ\u00f4mico e social da regi\u00e3o amaz\u00f4nica em bases que garantam a floresta de p\u00e9 e a participa\u00e7\u00e3o da popula\u00e7\u00e3o da regi\u00e3o.<\/p>\n\n\n\n<p>A ministra Simone Tebet, ao falar da iniciativa do BID, destacou a import\u00e2ncia da articula\u00e7\u00e3o dos projetos da regi\u00e3o para potencializar os resultados dos investimentos feitos e lembrou que o BID j\u00e1 apoia diversas iniciativas em cada um dos oito pa\u00edses amaz\u00f4nicos. \u201cQuando n\u00e3o temos recursos suficientes, que eles sejam eficientes e em projetos que permitam a integra\u00e7\u00e3o regional, potencializando os resultados\u201d, acrescentou.<\/p>\n\n\n\n<p>J\u00e1 o presidente do BID, Ilan Goldfajn, apresentou aos representantes dos estados da Amaz\u00f4nia Legal o Amaz\u00f4nia Sempre, que consiste em um programa diferente, de olhar regional, n\u00e3o apenas para o Brasil, mas para todos os pa\u00edses da regi\u00e3o, com objetivo de impulsionar o impacto dos projetos com foco na coexist\u00eancia das pessoas, floresta e economia.<\/p>\n\n\n\n<p>O Amaz\u00f4nia Forever \u00e9 um programa guarda-chuva organizado em tr\u00eas frentes: uma plataforma para mapear todos os recursos existentes dedicados \u00e0 Amaz\u00f4nia para facilitar novos financiamentos e orientar novas decis\u00f5es de projetos; desenvolver uma unidade para elaborar e facilitar a prepara\u00e7\u00e3o de novos projetos; e criar uma rede de ministros de Finan\u00e7as e Planejamento dos pa\u00edses da regi\u00e3o para acompanhar e supervisionar os resultados do Amaz\u00f4nia Sempre.<\/p>\n\n\n\n<p>O pipeline em projetos do BID j\u00e1 identificado para a regi\u00e3o, considerando todos os pa\u00edses, soma de US$ 1 bilh\u00e3o em 2023.<\/p>\n\n\n\n<figure class=\"wp-block-image size-full is-resized\"><img loading=\"lazy\" decoding=\"async\" src=\"https:\/\/focotocantinense.com.br\/wp-content\/uploads\/2023\/06\/VINI-7.jpg\" alt=\"\" class=\"wp-image-5302\" width=\"835\" height=\"252\" srcset=\"https:\/\/focotocantinense.com.br\/wp-content\/uploads\/2023\/06\/VINI-7.jpg 640w, https:\/\/focotocantinense.com.br\/wp-content\/uploads\/2023\/06\/VINI-7-300x90.jpg 300w\" sizes=\"auto, (max-width: 835px) 100vw, 835px\" \/><\/figure>\n\n\n\n<figure class=\"wp-block-image size-large is-resized\"><img loading=\"lazy\" decoding=\"async\" src=\"https:\/\/focotocantinense.com.br\/wp-content\/uploads\/2023\/06\/5215c382-74e8-4be1-ae0e-821dde0eaaee-11-576x1024.jpg\" alt=\"\" class=\"wp-image-5301\" width=\"840\" height=\"1493\" srcset=\"https:\/\/focotocantinense.com.br\/wp-content\/uploads\/2023\/06\/5215c382-74e8-4be1-ae0e-821dde0eaaee-11-576x1024.jpg 576w, https:\/\/focotocantinense.com.br\/wp-content\/uploads\/2023\/06\/5215c382-74e8-4be1-ae0e-821dde0eaaee-11-169x300.jpg 169w, https:\/\/focotocantinense.com.br\/wp-content\/uploads\/2023\/06\/5215c382-74e8-4be1-ae0e-821dde0eaaee-11-768x1365.jpg 768w, https:\/\/focotocantinense.com.br\/wp-content\/uploads\/2023\/06\/5215c382-74e8-4be1-ae0e-821dde0eaaee-11-864x1536.jpg 864w, https:\/\/focotocantinense.com.br\/wp-content\/uploads\/2023\/06\/5215c382-74e8-4be1-ae0e-821dde0eaaee-11.jpg 900w\" sizes=\"auto, (max-width: 840px) 100vw, 840px\" \/><\/figure>\n","protected":false},"excerpt":{"rendered":"<p>O governador em exerc\u00edcio do Tocantins, Laurez Moreira, acompanhado do secret\u00e1rio da Administra\u00e7\u00e3o (Secad), Paulo C\u00e9sar Benfica, participou, nessa sexta-feira, 30, de\u00a0uma reuni\u00e3o realizada pelo Minist\u00e9rio do Planejamento e Or\u00e7amento e o Banco Interamericano de Desenvolvimento (BID) com o tema &#8220;Fomentando o Desenvolvimento Sustent\u00e1vel e Inclusivo da Amaz\u00f4nia Brasileira&#8221;. O encontro ocorreu na cidade de &hellip;<\/p>\n","protected":false},"author":5,"featured_media":5335,"comment_status":"open","ping_status":"open","sticky":false,"template":"","format":"standard","meta":{"footnotes":""},"categories":[40],"tags":[],"class_list":["post-5334","post","type-post","status-publish","format-standard","has-post-thumbnail","","category-politica"],"_links":{"self":[{"href":"https:\/\/focotocantinense.com.br\/index.php?rest_route=\/wp\/v2\/posts\/5334","targetHints":{"allow":["GET"]}}],"collection":[{"href":"https:\/\/focotocantinense.com.br\/index.php?rest_route=\/wp\/v2\/posts"}],"about":[{"href":"https:\/\/focotocantinense.com.br\/index.php?rest_route=\/wp\/v2\/types\/post"}],"author":[{"embeddable":true,"href":"https:\/\/focotocantinense.com.br\/index.php?rest_route=\/wp\/v2\/users\/5"}],"replies":[{"embeddable":true,"href":"https:\/\/focotocantinense.com.br\/index.php?rest_route=%2Fwp%2Fv2%2Fcomments&post=5334"}],"version-history":[{"count":2,"href":"https:\/\/focotocantinense.com.br\/index.php?rest_route=\/wp\/v2\/posts\/5334\/revisions"}],"predecessor-version":[{"id":5338,"href":"https:\/\/focotocantinense.com.br\/index.php?rest_route=\/wp\/v2\/posts\/5334\/revisions\/5338"}],"wp:featuredmedia":[{"embeddable":true,"href":"https:\/\/focotocantinense.com.br\/index.php?rest_route=\/wp\/v2\/media\/5335"}],"wp:attachment":[{"href":"https:\/\/focotocantinense.com.br\/index.php?rest_route=%2Fwp%2Fv2%2Fmedia&parent=5334"}],"wp:term":[{"taxonomy":"category","embeddable":true,"href":"https:\/\/focotocantinense.com.br\/index.php?rest_route=%2Fwp%2Fv2%2Fcategories&post=5334"},{"taxonomy":"post_tag","embeddable":true,"href":"https:\/\/focotocantinense.com.br\/index.php?rest_route=%2Fwp%2Fv2%2Ftags&post=5334"}],"curies":[{"name":"wp","href":"https:\/\/api.w.org\/{rel}","templated":true}]}}