{"id":5321,"date":"2023-06-30T15:01:53","date_gmt":"2023-06-30T18:01:53","guid":{"rendered":"https:\/\/focotocantinense.com.br\/?p=5321"},"modified":"2023-06-30T15:01:54","modified_gmt":"2023-06-30T18:01:54","slug":"aula-de-encerramento-do-semestre-movimenta-os-academicos-da-universidade-da-maturidade-de-tocantinia","status":"publish","type":"post","link":"https:\/\/focotocantinense.com.br\/?p=5321","title":{"rendered":"Aula de encerramento do semestre movimenta os acad\u00eamicos da Universidade da Maturidade de Tocant\u00ednia"},"content":{"rendered":"\n<p><strong>Por Zacarias Martins<\/strong><\/p>\n\n\n\n<p>A Prefeitura de Tocant\u00ednia, por meio da Secretaria Municipal de Educa\u00e7\u00e3o (Semed), realizou, na tarde de quinta-feira, 29, a aula de encerramento do primeiro semestre de 2023 dos Polos da Universidade da Maturidade &#8211; UMA\/UFT de Tocant\u00ednia. O evento aconteceu no audit\u00f3rio do Col\u00e9gio Estadual Batista Professora Beatriz Rodrigues da Silva, e contou com a presen\u00e7a do vereador Reginaldo Xerente, representando o Legislativo Municipal, bem como, do Secret\u00e1rio de Municipal de Educa\u00e7\u00e3o, professor Andr\u00e9 Goveia e da mentora do Projeto de Extens\u00e3o UMA\/UFT,&nbsp; a professora doutora Neila Barbosa Os\u00f3rio.<\/p>\n\n\n\n<p><strong>Programa\u00e7\u00e3o<\/strong><\/p>\n\n\n\n<p>No primeiro momento dessa aula especial, os acad\u00eamicos dos urbano, do Assentamento \u00c1gua fria II, e&nbsp; do polo ind\u00edgena, entraram no audit\u00f3rio em pares dan\u00e7ando no ritmo do som do marac\u00e1, coordenado pelo anci\u00e3o Valdeciano Kasumr\u00e3 Pereira Xerente, da aldeia Salto e, imediatamente a m\u00fasica \u201c\u00c9 preciso saber viver\u201d, entoada no ritmo marcante do sax, tocada pelo saxofonista Higor Nogueira. Em seguida, a acad\u00eamica Maria Ros\u00e1rio Damasceno realizou o momento devocional. Logo ap\u00f3s, com o intuito de proporcionar bem estar aos acad\u00eamicos da UMA, o educador f\u00edsico, Vanderlino dos Santos, colocou-os para se alongarem a partir de um exerc\u00edcio de anaer\u00f3bica localizada, todos participaram.<\/p>\n\n\n\n<p><strong>Momento de acolhimento<\/strong><\/p>\n\n\n\n<p>A coordenadora do polo da UMA de Tocant\u00ednia, professora Mestra Aragoneide Martins Barros, fez quest\u00e3o de acolher todos os acad\u00eamicos, e, de maneira especial, agradeceu ao corpo docente da institui\u00e7\u00e3o pela dedica\u00e7\u00e3o e empenho na realiza\u00e7\u00e3o de todas as a\u00e7\u00f5es executadas ao longo do semestre. Ato cont\u00ednuo foi exibido um v\u00eddeo, no qual elucidou-se algumas das atividades concretizadas no decorrer do semestre.<\/p>\n\n\n\n<figure class=\"wp-block-image size-large\"><img loading=\"lazy\" decoding=\"async\" width=\"1024\" height=\"768\" src=\"https:\/\/focotocantinense.com.br\/wp-content\/uploads\/2023\/06\/4-Aula-de-encerramento-do-semestre-movimenta-os-academicos-da-Universidade-da-Maturidade-de-Tocantinia-1024x768.jpg\" alt=\"\" class=\"wp-image-5326\" srcset=\"https:\/\/focotocantinense.com.br\/wp-content\/uploads\/2023\/06\/4-Aula-de-encerramento-do-semestre-movimenta-os-academicos-da-Universidade-da-Maturidade-de-Tocantinia-1024x768.jpg 1024w, https:\/\/focotocantinense.com.br\/wp-content\/uploads\/2023\/06\/4-Aula-de-encerramento-do-semestre-movimenta-os-academicos-da-Universidade-da-Maturidade-de-Tocantinia-300x225.jpg 300w, https:\/\/focotocantinense.com.br\/wp-content\/uploads\/2023\/06\/4-Aula-de-encerramento-do-semestre-movimenta-os-academicos-da-Universidade-da-Maturidade-de-Tocantinia-768x576.jpg 768w, https:\/\/focotocantinense.com.br\/wp-content\/uploads\/2023\/06\/4-Aula-de-encerramento-do-semestre-movimenta-os-academicos-da-Universidade-da-Maturidade-de-Tocantinia-1536x1152.jpg 1536w, https:\/\/focotocantinense.com.br\/wp-content\/uploads\/2023\/06\/4-Aula-de-encerramento-do-semestre-movimenta-os-academicos-da-Universidade-da-Maturidade-de-Tocantinia.jpg 1600w\" sizes=\"auto, (max-width: 1024px) 100vw, 1024px\" \/><\/figure>\n\n\n\n<p><strong>Encena\u00e7\u00e3o teatral<\/strong><\/p>\n\n\n\n<p>A movimentada programa\u00e7\u00e3o desse evento, contou tamb\u00e9m com uma encena\u00e7\u00e3o teatral com o tema \u201cDa UMA vou sempre participar, porque a UMA transforma vidas\u201d, apresentada pela professora Ragleide\u00a0\u00a0Alves de Sousa, tendo\u00a0 a participa\u00e7\u00e3o de alguns acad\u00eamicos. Logo depois, o professor Samuel Marques Borges destacou a import\u00e2ncia dos acad\u00eamicos colocarem em pr\u00e1tica os conhecimentos adquiridos no decorrer das aulas acerca da Educa\u00e7\u00e3o Ambiental e incentiv\u00e1-los a praticarem o reflorestamento saud\u00e1vel. O professor entregou a cada acad\u00eamico uma muda de planta doada pelo Viveiro Municipal.\u00a0<\/p>\n\n\n\n<figure class=\"wp-block-image size-full\"><img loading=\"lazy\" decoding=\"async\" width=\"1005\" height=\"483\" src=\"https:\/\/focotocantinense.com.br\/wp-content\/uploads\/2023\/06\/1-Aula-de-encerramento-do-semestre-movimenta-os-academicos-da-Universidade-da-Maturidade-de-Tocantinia.jpg\" alt=\"\" class=\"wp-image-5322\" srcset=\"https:\/\/focotocantinense.com.br\/wp-content\/uploads\/2023\/06\/1-Aula-de-encerramento-do-semestre-movimenta-os-academicos-da-Universidade-da-Maturidade-de-Tocantinia.jpg 1005w, https:\/\/focotocantinense.com.br\/wp-content\/uploads\/2023\/06\/1-Aula-de-encerramento-do-semestre-movimenta-os-academicos-da-Universidade-da-Maturidade-de-Tocantinia-300x144.jpg 300w, https:\/\/focotocantinense.com.br\/wp-content\/uploads\/2023\/06\/1-Aula-de-encerramento-do-semestre-movimenta-os-academicos-da-Universidade-da-Maturidade-de-Tocantinia-768x369.jpg 768w\" sizes=\"auto, (max-width: 1005px) 100vw, 1005px\" \/><\/figure>\n\n\n\n<p><strong>Apresenta\u00e7\u00f5es musicais<\/strong><\/p>\n\n\n\n<p>Na sequ\u00eancia da programa\u00e7\u00e3o, o sanfoneiro&nbsp; Paulinho do Forr\u00f3 tocou duas m\u00fasicas ao compasso de sua sanfona. J\u00e1 a professora Cida Lemes dos Santos realizou uma coreografia animada a partir da m\u00fasica \u201cBamboleio\u201d. Depois, a professora Maria L\u00facia Bispo Alves, com a colabora\u00e7\u00e3o de doze acad\u00eamicos da UMA, abrilhantou o evento com a apresenta\u00e7\u00e3o de uma dan\u00e7a ao som da m\u00fasica \u201cSaia de boneca.\u201d<\/p>\n\n\n\n<p>Mostrando seus talentos, os\u00a0 acad\u00eamicos que estudam no\u00a0 polo do Assentamento \u00c1gua Fria II realizaram uma encena\u00e7\u00e3o teatral, explicitando os benef\u00edcios que a UMA propicia para eles. Depois, a doutora Neila Barbosa Os\u00f3rio agradeceu e parabenizou a todos os acad\u00eamicos pela participa\u00e7\u00e3o e apresenta\u00e7\u00f5es, ressaltando a sua luta na busca de parcerias para\u00a0 ampliar e melhorar cada vez mais o Polo Ind\u00edgena, bem como,\u00a0\u00a0 levar por meio da pesquisa,\u00a0 a UMA de Tocant\u00ednia para o Brasil e para o mundo. Ainda destacou a reuni\u00e3o com a Secret\u00e1ria dos Povos Tradicionais e Origin\u00e1rias do Tocantins, Narubia Werreria,\u00a0 que segundo ela,\u00a0 foi muito produtiva, especialmente quando a secret\u00e1ria\u00a0 se mostrou encantada com o fato de o Projeto de Extens\u00e3o UMA\/UFT tamb\u00e9m contemplar\u00a0 os povos ind\u00edgenas.<\/p>\n\n\n\n<figure class=\"wp-block-image size-large\"><img loading=\"lazy\" decoding=\"async\" width=\"1024\" height=\"768\" src=\"https:\/\/focotocantinense.com.br\/wp-content\/uploads\/2023\/06\/2-Aula-de-encerramento-do-semestre-movimenta-os-academicos-da-Universidade-da-Maturidade-de-Tocantinia-1024x768.jpg\" alt=\"\" class=\"wp-image-5323\" srcset=\"https:\/\/focotocantinense.com.br\/wp-content\/uploads\/2023\/06\/2-Aula-de-encerramento-do-semestre-movimenta-os-academicos-da-Universidade-da-Maturidade-de-Tocantinia-1024x768.jpg 1024w, https:\/\/focotocantinense.com.br\/wp-content\/uploads\/2023\/06\/2-Aula-de-encerramento-do-semestre-movimenta-os-academicos-da-Universidade-da-Maturidade-de-Tocantinia-300x225.jpg 300w, https:\/\/focotocantinense.com.br\/wp-content\/uploads\/2023\/06\/2-Aula-de-encerramento-do-semestre-movimenta-os-academicos-da-Universidade-da-Maturidade-de-Tocantinia-768x576.jpg 768w, https:\/\/focotocantinense.com.br\/wp-content\/uploads\/2023\/06\/2-Aula-de-encerramento-do-semestre-movimenta-os-academicos-da-Universidade-da-Maturidade-de-Tocantinia-1536x1152.jpg 1536w, https:\/\/focotocantinense.com.br\/wp-content\/uploads\/2023\/06\/2-Aula-de-encerramento-do-semestre-movimenta-os-academicos-da-Universidade-da-Maturidade-de-Tocantinia.jpg 1600w\" sizes=\"auto, (max-width: 1024px) 100vw, 1024px\" \/><\/figure>\n\n\n\n<p><strong>Trajet\u00f3ria de \u00eaxito<\/strong><\/p>\n\n\n\n<p>Em seu pronunciamento, o&nbsp; secret\u00e1rio de Educa\u00e7\u00e3o e professor da UMA de Tocant\u00ednia, Andr\u00e9&nbsp; Goveia, explicitou a import\u00e2ncia desse projeto que, ao longo desse semestre, apesar dos muitos desafios, foram registradas&nbsp; v\u00e1rias conquistas.<\/p>\n\n\n\n<p>Entusiasmado com esse projeto, Andr\u00e9 Goveia\u00a0 falou do seu orgulho em realizar dentro em breve, a\u00a0 solenidade de\u00a0 formatura da primeira turma da UMA ind\u00edgena no Brasil.<\/p>\n\n\n\n<figure class=\"wp-block-image size-full is-resized\"><img loading=\"lazy\" decoding=\"async\" src=\"https:\/\/focotocantinense.com.br\/wp-content\/uploads\/2023\/06\/3-Aula-de-encerramento-do-semestre-movimenta-os-academicos-da-Universidade-da-Maturidade-de-Tocantinia.jpg\" alt=\"\" class=\"wp-image-5324\" width=\"841\" height=\"811\" srcset=\"https:\/\/focotocantinense.com.br\/wp-content\/uploads\/2023\/06\/3-Aula-de-encerramento-do-semestre-movimenta-os-academicos-da-Universidade-da-Maturidade-de-Tocantinia.jpg 536w, https:\/\/focotocantinense.com.br\/wp-content\/uploads\/2023\/06\/3-Aula-de-encerramento-do-semestre-movimenta-os-academicos-da-Universidade-da-Maturidade-de-Tocantinia-300x289.jpg 300w\" sizes=\"auto, (max-width: 841px) 100vw, 841px\" \/><\/figure>\n\n\n\n<p><strong>Homenagens<\/strong><\/p>\n\n\n\n<p>Na oportunidade, o secret\u00e1rio e o vereador Reginaldo Xerente homenagearam e entregaram um \u00e0 doutora Neila Barbosa Os\u00f3rio, uma Mo\u00e7\u00e3o de Aplausos, aprovado pela C\u00e2mara de Vereadores da cidade, pelo destaque na m\u00eddia nacional, dado \u00e0 implanta\u00e7\u00e3o da primeira turma ind\u00edgena da Universidade da Maturidade no Brasil, em Tocant\u00ednia. Al\u00e9m disso, a doutora foi presenteada com uma bolsa de capim dourado produzida pelas ind\u00edgenas Xerente.<\/p>\n\n\n\n<figure class=\"wp-block-image size-full is-resized\"><img loading=\"lazy\" decoding=\"async\" src=\"https:\/\/focotocantinense.com.br\/wp-content\/uploads\/2023\/06\/5-Aula-de-encerramento-do-semestre-movimenta-os-academicos-da-Universidade-da-Maturidade-de-Tocantinia.jpg\" alt=\"\" class=\"wp-image-5325\" width=\"836\" height=\"982\" srcset=\"https:\/\/focotocantinense.com.br\/wp-content\/uploads\/2023\/06\/5-Aula-de-encerramento-do-semestre-movimenta-os-academicos-da-Universidade-da-Maturidade-de-Tocantinia.jpg 539w, https:\/\/focotocantinense.com.br\/wp-content\/uploads\/2023\/06\/5-Aula-de-encerramento-do-semestre-movimenta-os-academicos-da-Universidade-da-Maturidade-de-Tocantinia-255x300.jpg 255w\" sizes=\"auto, (max-width: 836px) 100vw, 836px\" \/><\/figure>\n\n\n\n<p><\/p>\n\n\n\n<figure class=\"wp-block-image size-full is-resized\"><img loading=\"lazy\" decoding=\"async\" src=\"https:\/\/focotocantinense.com.br\/wp-content\/uploads\/2023\/06\/VINI-7.jpg\" alt=\"\" class=\"wp-image-5302\" width=\"838\" height=\"253\" srcset=\"https:\/\/focotocantinense.com.br\/wp-content\/uploads\/2023\/06\/VINI-7.jpg 640w, https:\/\/focotocantinense.com.br\/wp-content\/uploads\/2023\/06\/VINI-7-300x90.jpg 300w\" sizes=\"auto, (max-width: 838px) 100vw, 838px\" \/><\/figure>\n\n\n\n<figure class=\"wp-block-image size-large is-resized\"><img loading=\"lazy\" decoding=\"async\" src=\"https:\/\/focotocantinense.com.br\/wp-content\/uploads\/2023\/06\/5215c382-74e8-4be1-ae0e-821dde0eaaee-11-576x1024.jpg\" alt=\"\" class=\"wp-image-5301\" width=\"839\" height=\"1492\" srcset=\"https:\/\/focotocantinense.com.br\/wp-content\/uploads\/2023\/06\/5215c382-74e8-4be1-ae0e-821dde0eaaee-11-576x1024.jpg 576w, https:\/\/focotocantinense.com.br\/wp-content\/uploads\/2023\/06\/5215c382-74e8-4be1-ae0e-821dde0eaaee-11-169x300.jpg 169w, https:\/\/focotocantinense.com.br\/wp-content\/uploads\/2023\/06\/5215c382-74e8-4be1-ae0e-821dde0eaaee-11-768x1365.jpg 768w, https:\/\/focotocantinense.com.br\/wp-content\/uploads\/2023\/06\/5215c382-74e8-4be1-ae0e-821dde0eaaee-11-864x1536.jpg 864w, https:\/\/focotocantinense.com.br\/wp-content\/uploads\/2023\/06\/5215c382-74e8-4be1-ae0e-821dde0eaaee-11.jpg 900w\" sizes=\"auto, (max-width: 839px) 100vw, 839px\" \/><\/figure>\n","protected":false},"excerpt":{"rendered":"<p>Por Zacarias Martins A Prefeitura de Tocant\u00ednia, por meio da Secretaria Municipal de Educa\u00e7\u00e3o (Semed), realizou, na tarde de quinta-feira, 29, a aula de encerramento do primeiro semestre de 2023 dos Polos da Universidade da Maturidade &#8211; UMA\/UFT de Tocant\u00ednia. O evento aconteceu no audit\u00f3rio do Col\u00e9gio Estadual Batista Professora Beatriz Rodrigues da Silva, e &hellip;<\/p>\n","protected":false},"author":5,"featured_media":5322,"comment_status":"open","ping_status":"open","sticky":false,"template":"","format":"standard","meta":{"footnotes":""},"categories":[78],"tags":[],"class_list":["post-5321","post","type-post","status-publish","format-standard","has-post-thumbnail","","category-tocantinia"],"_links":{"self":[{"href":"https:\/\/focotocantinense.com.br\/index.php?rest_route=\/wp\/v2\/posts\/5321","targetHints":{"allow":["GET"]}}],"collection":[{"href":"https:\/\/focotocantinense.com.br\/index.php?rest_route=\/wp\/v2\/posts"}],"about":[{"href":"https:\/\/focotocantinense.com.br\/index.php?rest_route=\/wp\/v2\/types\/post"}],"author":[{"embeddable":true,"href":"https:\/\/focotocantinense.com.br\/index.php?rest_route=\/wp\/v2\/users\/5"}],"replies":[{"embeddable":true,"href":"https:\/\/focotocantinense.com.br\/index.php?rest_route=%2Fwp%2Fv2%2Fcomments&post=5321"}],"version-history":[{"count":1,"href":"https:\/\/focotocantinense.com.br\/index.php?rest_route=\/wp\/v2\/posts\/5321\/revisions"}],"predecessor-version":[{"id":5327,"href":"https:\/\/focotocantinense.com.br\/index.php?rest_route=\/wp\/v2\/posts\/5321\/revisions\/5327"}],"wp:featuredmedia":[{"embeddable":true,"href":"https:\/\/focotocantinense.com.br\/index.php?rest_route=\/wp\/v2\/media\/5322"}],"wp:attachment":[{"href":"https:\/\/focotocantinense.com.br\/index.php?rest_route=%2Fwp%2Fv2%2Fmedia&parent=5321"}],"wp:term":[{"taxonomy":"category","embeddable":true,"href":"https:\/\/focotocantinense.com.br\/index.php?rest_route=%2Fwp%2Fv2%2Fcategories&post=5321"},{"taxonomy":"post_tag","embeddable":true,"href":"https:\/\/focotocantinense.com.br\/index.php?rest_route=%2Fwp%2Fv2%2Ftags&post=5321"}],"curies":[{"name":"wp","href":"https:\/\/api.w.org\/{rel}","templated":true}]}}