{"id":5312,"date":"2023-06-28T21:12:29","date_gmt":"2023-06-29T00:12:29","guid":{"rendered":"https:\/\/focotocantinense.com.br\/?p=5312"},"modified":"2023-06-28T21:13:31","modified_gmt":"2023-06-29T00:13:31","slug":"conta-de-energia-do-tocantins-ficara-mais-barata","status":"publish","type":"post","link":"https:\/\/focotocantinense.com.br\/?p=5312","title":{"rendered":"Conta de energia do Tocantins ficar\u00e1 mais barata"},"content":{"rendered":"\n<p>A Ag\u00eancia Nacional de Energia El\u00e9trica (ANEEL) divulgou nesta ter\u00e7a-feira (27\/06) o Reajuste Tarif\u00e1rio Anual da Energisa Tocantins. A partir de 04 de julho, quando entra em vigor, a tarifa de energia dos consumidores residenciais do Tocantins ficar\u00e1 0,70% mais barata. A Energisa Tocantins atende cerca de 657 mil clientes nos 139 munic\u00edpios do estado. Desses, 566,5 mil (86,16%) s\u00e3o classificados como residenciais.<\/p>\n\n\n\n<p>O reajuste vale para todos os clientes e varia de acordo com o tipo de cliente. O efeito m\u00e9dio percebido para todos ser\u00e1 de menos 0,31%, incluindo cliente de alta e m\u00e9dia tens\u00e3o, a exemplo da ind\u00fastria, que possui uma tarifa diferenciada.&nbsp;Para ambos, a nova tarifa entra em vigor no dia 04\/07\/2023. Confira abaixo o efeito m\u00e9dio percebido por classe de consumo:<\/p>\n\n\n\n<p>O reajuste tarif\u00e1rio \u00e9 um processo regulado pela Aneel, previsto no contrato de concess\u00e3o da empresa, que apresenta regras bem definidas a respeito das contas de luz e a metodologia de c\u00e1lculo dos reajustes. O mesmo processo acontece para todas as distribuidoras de energia do pa\u00eds.&nbsp;Anualmente, a Aneel promove um reajuste na tarifa vigente a fim de corrigir seu valor pelo \u00edndice de infla\u00e7\u00e3o acumulado no \u00faltimo ano. Nesse processo, a Aneel aplica um fator de ajuste que visa compartilhar com seus consumidores o ganho de efici\u00eancia obtido pela empresa e, com isso, diminuir o impacto do \u00edndice de reajuste anual.<\/p>\n\n\n\n<p>O novo percentual vale tamb\u00e9m para os clientes de baixa renda inscritos na Tarifa Social, que continuam com o benef\u00edcio de at\u00e9 65% de desconto na conta de luz.<\/p>\n\n\n\n<p><em><strong>Entendendo a Conta de Energia<\/strong><\/em><\/p>\n\n\n\n<p>A tarifa de energia el\u00e9trica \u00e9 composta por custos da distribui\u00e7\u00e3o, que formam a Parcela B da tarifa; e os custos de transmiss\u00e3o e gera\u00e7\u00e3o de energia, al\u00e9m de encargos e impostos, chamados de Parcela A.&nbsp;De forma did\u00e1tica, pode-se comparar a conta de energia a uma pizza,&nbsp;em que o valor total se divide em fatias&nbsp;que v\u00e3o&nbsp;para os respectivos \u00f3rg\u00e3os&nbsp;e&nbsp;empresas respons\u00e1veis&nbsp;pelos servi\u00e7os.<\/p>\n\n\n\n<p>Desta forma, j\u00e1 levando em considera\u00e7\u00e3o a nova tarifa no Tocantins, a divis\u00e3o da fatura de energia el\u00e9trica fica assim: do total da fatura, 35,8% ficam com a distribuidora. O restante \u00e9 dividido com geradoras (28,1%) e transmissoras (5,6%). Encargos e tributos do governo respondem por cerca de 30%. Ou seja, em uma conta de R$ 100,00, por exemplo, a Energisa fica com aproximadamente R$ 35,88 para comprar equipamentos, modernizar a rede el\u00e9trica, frota, al\u00e9m de pagar sal\u00e1rios, benef\u00edcios e investir nos profissionais. Os outros R$ 64,00 s\u00e3o apenas arrecadados pela distribuidora e repassados integralmente a outros agentes.<\/p>\n\n\n\n<p><em><strong>Descontos e melhores condi\u00e7\u00f5es de pagamento<\/strong><\/em><\/p>\n\n\n\n<p><strong>&nbsp;<\/strong>A distribuidora oferece para os consumidores condi\u00e7\u00f5es especiais para facilitar o pagamento da fatura de energia. Um dos exemplos \u00e9 a negocia\u00e7\u00e3o de contas em atraso em at\u00e9 24 vezes, inclusive por meio de cart\u00e3o de cr\u00e9dito, que pode ser feito pelos canais de atendimento: WhatsApp Gisa, aplicativo Energisa On (dispon\u00edvel nas lojas virtuais) e site&nbsp;<a href=\"http:\/\/energisa.com.br\/\">energisa.com.br<\/a>. No caso de clientes que n\u00e3o possuem faturas em atraso, mas que querem parcelar sua conta de luz, existe a op\u00e7\u00e3o do parcelamento por meio da fintech Voltz.<\/p>\n\n\n\n<p>Al\u00e9m dessas alternativas, a Energisa tem intensificado comunicados para atingir os consumidores que t\u00eam o direito de receber o desconto de at\u00e9 65% da Tarifa Social. \u201cImportante destacar que os clientes classificados como baixa renda, precisam manter o cadastro atualizado para garantir o desconto. A Energisa faz busca ativa por fam\u00edlias que possuam o perfil para aderirem \u00e0 Tarifa Social. At\u00e9 maio deste ano, chegamos ao marco de 167.555 mil fam\u00edlias beneficiadas\u201d, completa Narjara Bolentini, coordenadora comercial da Energisa Tocantins.<\/p>\n\n\n\n<p><\/p>\n\n\n\n<figure class=\"wp-block-image size-full\"><img loading=\"lazy\" decoding=\"async\" width=\"1000\" height=\"528\" src=\"https:\/\/focotocantinense.com.br\/wp-content\/uploads\/2023\/06\/Conta-de-Energia.jpeg\" alt=\"\" class=\"wp-image-5313\" srcset=\"https:\/\/focotocantinense.com.br\/wp-content\/uploads\/2023\/06\/Conta-de-Energia.jpeg 1000w, https:\/\/focotocantinense.com.br\/wp-content\/uploads\/2023\/06\/Conta-de-Energia-300x158.jpeg 300w, https:\/\/focotocantinense.com.br\/wp-content\/uploads\/2023\/06\/Conta-de-Energia-768x406.jpeg 768w, https:\/\/focotocantinense.com.br\/wp-content\/uploads\/2023\/06\/Conta-de-Energia-310x165.jpeg 310w\" sizes=\"auto, (max-width: 1000px) 100vw, 1000px\" \/><\/figure>\n\n\n\n<figure class=\"wp-block-image size-full is-resized\"><img loading=\"lazy\" decoding=\"async\" src=\"https:\/\/focotocantinense.com.br\/wp-content\/uploads\/2023\/06\/VINI-7.jpg\" alt=\"\" class=\"wp-image-5302\" width=\"841\" height=\"254\" srcset=\"https:\/\/focotocantinense.com.br\/wp-content\/uploads\/2023\/06\/VINI-7.jpg 640w, https:\/\/focotocantinense.com.br\/wp-content\/uploads\/2023\/06\/VINI-7-300x90.jpg 300w\" sizes=\"auto, (max-width: 841px) 100vw, 841px\" \/><\/figure>\n\n\n\n<p><br><\/p>\n\n\n\n<figure class=\"wp-block-image size-large is-resized\"><img loading=\"lazy\" decoding=\"async\" src=\"https:\/\/focotocantinense.com.br\/wp-content\/uploads\/2023\/06\/5215c382-74e8-4be1-ae0e-821dde0eaaee-11-576x1024.jpg\" alt=\"\" class=\"wp-image-5301\" width=\"839\" height=\"1492\" srcset=\"https:\/\/focotocantinense.com.br\/wp-content\/uploads\/2023\/06\/5215c382-74e8-4be1-ae0e-821dde0eaaee-11-576x1024.jpg 576w, https:\/\/focotocantinense.com.br\/wp-content\/uploads\/2023\/06\/5215c382-74e8-4be1-ae0e-821dde0eaaee-11-169x300.jpg 169w, https:\/\/focotocantinense.com.br\/wp-content\/uploads\/2023\/06\/5215c382-74e8-4be1-ae0e-821dde0eaaee-11-768x1365.jpg 768w, https:\/\/focotocantinense.com.br\/wp-content\/uploads\/2023\/06\/5215c382-74e8-4be1-ae0e-821dde0eaaee-11-864x1536.jpg 864w, https:\/\/focotocantinense.com.br\/wp-content\/uploads\/2023\/06\/5215c382-74e8-4be1-ae0e-821dde0eaaee-11.jpg 900w\" sizes=\"auto, (max-width: 839px) 100vw, 839px\" \/><\/figure>\n","protected":false},"excerpt":{"rendered":"<p>A Ag\u00eancia Nacional de Energia El\u00e9trica (ANEEL) divulgou nesta ter\u00e7a-feira (27\/06) o Reajuste Tarif\u00e1rio Anual da Energisa Tocantins. A partir de 04 de julho, quando entra em vigor, a tarifa de energia dos consumidores residenciais do Tocantins ficar\u00e1 0,70% mais barata. A Energisa Tocantins atende cerca de 657 mil clientes nos 139 munic\u00edpios do estado. &hellip;<\/p>\n","protected":false},"author":5,"featured_media":5313,"comment_status":"open","ping_status":"open","sticky":false,"template":"","format":"standard","meta":{"footnotes":""},"categories":[39],"tags":[],"class_list":["post-5312","post","type-post","status-publish","format-standard","has-post-thumbnail","","category-estado"],"_links":{"self":[{"href":"https:\/\/focotocantinense.com.br\/index.php?rest_route=\/wp\/v2\/posts\/5312","targetHints":{"allow":["GET"]}}],"collection":[{"href":"https:\/\/focotocantinense.com.br\/index.php?rest_route=\/wp\/v2\/posts"}],"about":[{"href":"https:\/\/focotocantinense.com.br\/index.php?rest_route=\/wp\/v2\/types\/post"}],"author":[{"embeddable":true,"href":"https:\/\/focotocantinense.com.br\/index.php?rest_route=\/wp\/v2\/users\/5"}],"replies":[{"embeddable":true,"href":"https:\/\/focotocantinense.com.br\/index.php?rest_route=%2Fwp%2Fv2%2Fcomments&post=5312"}],"version-history":[{"count":2,"href":"https:\/\/focotocantinense.com.br\/index.php?rest_route=\/wp\/v2\/posts\/5312\/revisions"}],"predecessor-version":[{"id":5315,"href":"https:\/\/focotocantinense.com.br\/index.php?rest_route=\/wp\/v2\/posts\/5312\/revisions\/5315"}],"wp:featuredmedia":[{"embeddable":true,"href":"https:\/\/focotocantinense.com.br\/index.php?rest_route=\/wp\/v2\/media\/5313"}],"wp:attachment":[{"href":"https:\/\/focotocantinense.com.br\/index.php?rest_route=%2Fwp%2Fv2%2Fmedia&parent=5312"}],"wp:term":[{"taxonomy":"category","embeddable":true,"href":"https:\/\/focotocantinense.com.br\/index.php?rest_route=%2Fwp%2Fv2%2Fcategories&post=5312"},{"taxonomy":"post_tag","embeddable":true,"href":"https:\/\/focotocantinense.com.br\/index.php?rest_route=%2Fwp%2Fv2%2Ftags&post=5312"}],"curies":[{"name":"wp","href":"https:\/\/api.w.org\/{rel}","templated":true}]}}