{"id":5299,"date":"2023-06-28T20:32:58","date_gmt":"2023-06-28T23:32:58","guid":{"rendered":"https:\/\/focotocantinense.com.br\/?p=5299"},"modified":"2023-06-28T20:33:10","modified_gmt":"2023-06-28T23:33:10","slug":"deputados-apresentam-demandas-para-regiao-sudeste-no-ppa-em-taguatinga","status":"publish","type":"post","link":"https:\/\/focotocantinense.com.br\/?p=5299","title":{"rendered":"Deputados apresentam demandas para regi\u00e3o Sudeste no PPA em Taguatinga"},"content":{"rendered":"\n<p>Constru\u00e7\u00e3o de pontes, regionaliza\u00e7\u00e3o de hospital, implanta\u00e7\u00e3o de uma Central de Flagrantes e de uma unidade do Instituto M\u00e9dico Legal (IML). Estas foram algumas das demandas apresentadas pelos deputados estaduais na plen\u00e1ria do PPA 2024\/2027, realizada nesta quarta-feira, 28, em Taguatinga.<\/p>\n\n\n\n<p>Participaram das discuss\u00f5es os deputados Claudia Lelis (PV), Valdemar J\u00fanior (Republicanos) e Gutierres Torquato (PDT), os deputados federais Vicentinho e Ricardo Ayres, al\u00e9m de prefeitos e autoridades da Regi\u00e3o.<\/p>\n\n\n\n<p><strong>Potencial Tur\u00edstico<\/strong><\/p>\n\n\n\n<p>Em seu discurso, Claudia Lelis destacou o potencial tur\u00edstico da regi\u00e3o (Serras Gerais), defendeu a regionaliza\u00e7\u00e3o do Hospital Municipal de Taguatinga e a constru\u00e7\u00e3o de pontes sobre os rios Sobrado e Concei\u00e7\u00e3o, ligando os munic\u00edpios de Taguatinga e Aurora; e Taguatinga e Taipas, respectivamente.<\/p>\n\n\n\n<p>Valdemar J\u00fanior defendeu investimentos no Turismo da regi\u00e3o. &#8220;As Serras Gerais t\u00eam um grande potencial tur\u00edstico, [secret\u00e1rio do Turismo] Hercy [Filho], que gera emprego e renda para o nosso povo&#8221;, disse.<\/p>\n\n\n\n<p><strong>Unidade IML<\/strong><\/p>\n\n\n\n<p>J\u00e1 Gutierres Torquato lembrou a necessidade de uma Central de Flagrantes e de uma unidade do IML em Taguatinga. Segundo ele, se atendidos os pedidos, a popula\u00e7\u00e3o local ter\u00e1 mais seguran\u00e7a e n\u00e3o precisar\u00e1 se deslocar at\u00e9 Dian\u00f3polis, distante 90 quil\u00f4metros, em busca de servi\u00e7os do IML.<\/p>\n\n\n\n<figure class=\"wp-block-image size-full\"><img loading=\"lazy\" decoding=\"async\" width=\"930\" height=\"489\" src=\"https:\/\/focotocantinense.com.br\/wp-content\/uploads\/2023\/06\/AAAA.jpg\" alt=\"\" class=\"wp-image-5300\" srcset=\"https:\/\/focotocantinense.com.br\/wp-content\/uploads\/2023\/06\/AAAA.jpg 930w, https:\/\/focotocantinense.com.br\/wp-content\/uploads\/2023\/06\/AAAA-300x158.jpg 300w, https:\/\/focotocantinense.com.br\/wp-content\/uploads\/2023\/06\/AAAA-768x404.jpg 768w\" sizes=\"auto, (max-width: 930px) 100vw, 930px\" \/><\/figure>\n\n\n\n<figure class=\"wp-block-image size-full is-resized\"><img loading=\"lazy\" decoding=\"async\" src=\"https:\/\/focotocantinense.com.br\/wp-content\/uploads\/2023\/06\/VINI-7.jpg\" alt=\"\" class=\"wp-image-5302\" width=\"834\" height=\"252\" srcset=\"https:\/\/focotocantinense.com.br\/wp-content\/uploads\/2023\/06\/VINI-7.jpg 640w, https:\/\/focotocantinense.com.br\/wp-content\/uploads\/2023\/06\/VINI-7-300x90.jpg 300w\" sizes=\"auto, (max-width: 834px) 100vw, 834px\" \/><\/figure>\n\n\n\n<figure class=\"wp-block-image size-large is-resized\"><img loading=\"lazy\" decoding=\"async\" src=\"https:\/\/focotocantinense.com.br\/wp-content\/uploads\/2023\/06\/5215c382-74e8-4be1-ae0e-821dde0eaaee-11-576x1024.jpg\" alt=\"\" class=\"wp-image-5301\" width=\"841\" height=\"1495\" srcset=\"https:\/\/focotocantinense.com.br\/wp-content\/uploads\/2023\/06\/5215c382-74e8-4be1-ae0e-821dde0eaaee-11-576x1024.jpg 576w, https:\/\/focotocantinense.com.br\/wp-content\/uploads\/2023\/06\/5215c382-74e8-4be1-ae0e-821dde0eaaee-11-169x300.jpg 169w, https:\/\/focotocantinense.com.br\/wp-content\/uploads\/2023\/06\/5215c382-74e8-4be1-ae0e-821dde0eaaee-11-768x1365.jpg 768w, https:\/\/focotocantinense.com.br\/wp-content\/uploads\/2023\/06\/5215c382-74e8-4be1-ae0e-821dde0eaaee-11-864x1536.jpg 864w, https:\/\/focotocantinense.com.br\/wp-content\/uploads\/2023\/06\/5215c382-74e8-4be1-ae0e-821dde0eaaee-11.jpg 900w\" sizes=\"auto, (max-width: 841px) 100vw, 841px\" \/><\/figure>\n","protected":false},"excerpt":{"rendered":"<p>Constru\u00e7\u00e3o de pontes, regionaliza\u00e7\u00e3o de hospital, implanta\u00e7\u00e3o de uma Central de Flagrantes e de uma unidade do Instituto M\u00e9dico Legal (IML). Estas foram algumas das demandas apresentadas pelos deputados estaduais na plen\u00e1ria do PPA 2024\/2027, realizada nesta quarta-feira, 28, em Taguatinga. Participaram das discuss\u00f5es os deputados Claudia Lelis (PV), Valdemar J\u00fanior (Republicanos) e Gutierres Torquato &hellip;<\/p>\n","protected":false},"author":5,"featured_media":5300,"comment_status":"open","ping_status":"open","sticky":false,"template":"","format":"standard","meta":{"footnotes":""},"categories":[59],"tags":[],"class_list":["post-5299","post","type-post","status-publish","format-standard","has-post-thumbnail","","category-taguatinga"],"_links":{"self":[{"href":"https:\/\/focotocantinense.com.br\/index.php?rest_route=\/wp\/v2\/posts\/5299","targetHints":{"allow":["GET"]}}],"collection":[{"href":"https:\/\/focotocantinense.com.br\/index.php?rest_route=\/wp\/v2\/posts"}],"about":[{"href":"https:\/\/focotocantinense.com.br\/index.php?rest_route=\/wp\/v2\/types\/post"}],"author":[{"embeddable":true,"href":"https:\/\/focotocantinense.com.br\/index.php?rest_route=\/wp\/v2\/users\/5"}],"replies":[{"embeddable":true,"href":"https:\/\/focotocantinense.com.br\/index.php?rest_route=%2Fwp%2Fv2%2Fcomments&post=5299"}],"version-history":[{"count":1,"href":"https:\/\/focotocantinense.com.br\/index.php?rest_route=\/wp\/v2\/posts\/5299\/revisions"}],"predecessor-version":[{"id":5303,"href":"https:\/\/focotocantinense.com.br\/index.php?rest_route=\/wp\/v2\/posts\/5299\/revisions\/5303"}],"wp:featuredmedia":[{"embeddable":true,"href":"https:\/\/focotocantinense.com.br\/index.php?rest_route=\/wp\/v2\/media\/5300"}],"wp:attachment":[{"href":"https:\/\/focotocantinense.com.br\/index.php?rest_route=%2Fwp%2Fv2%2Fmedia&parent=5299"}],"wp:term":[{"taxonomy":"category","embeddable":true,"href":"https:\/\/focotocantinense.com.br\/index.php?rest_route=%2Fwp%2Fv2%2Fcategories&post=5299"},{"taxonomy":"post_tag","embeddable":true,"href":"https:\/\/focotocantinense.com.br\/index.php?rest_route=%2Fwp%2Fv2%2Ftags&post=5299"}],"curies":[{"name":"wp","href":"https:\/\/api.w.org\/{rel}","templated":true}]}}