{"id":5289,"date":"2023-06-28T16:43:38","date_gmt":"2023-06-28T19:43:38","guid":{"rendered":"https:\/\/focotocantinense.com.br\/?p=5289"},"modified":"2023-06-28T16:47:20","modified_gmt":"2023-06-28T19:47:20","slug":"feira-do-sistema-monetario-movimenta-alunos-da-eja-no-assentamento-agua-fria-ii-em-tocantinia","status":"publish","type":"post","link":"https:\/\/focotocantinense.com.br\/?p=5289","title":{"rendered":"Feira do Sistema Monet\u00e1rio movimenta alunos da EJA no Assentamento \u00c1gua Fria II, em \u00a0Tocant\u00ednia"},"content":{"rendered":"\n<figure class=\"wp-block-image is-resized\"><img loading=\"lazy\" decoding=\"async\" src=\"https:\/\/focotocantinense.com.br\/wp-content\/uploads\/2023\/06\/4-1-II-Feira-do-Sistema-Monetario-da-EJA-Tocantinia-768x1024.jpg\" alt=\"\" class=\"wp-image-5291\" width=\"411\" height=\"548\" srcset=\"https:\/\/focotocantinense.com.br\/wp-content\/uploads\/2023\/06\/4-1-II-Feira-do-Sistema-Monetario-da-EJA-Tocantinia-768x1024.jpg 768w, https:\/\/focotocantinense.com.br\/wp-content\/uploads\/2023\/06\/4-1-II-Feira-do-Sistema-Monetario-da-EJA-Tocantinia-225x300.jpg 225w, https:\/\/focotocantinense.com.br\/wp-content\/uploads\/2023\/06\/4-1-II-Feira-do-Sistema-Monetario-da-EJA-Tocantinia-1152x1536.jpg 1152w, https:\/\/focotocantinense.com.br\/wp-content\/uploads\/2023\/06\/4-1-II-Feira-do-Sistema-Monetario-da-EJA-Tocantinia.jpg 1200w\" sizes=\"auto, (max-width: 411px) 100vw, 411px\" \/><\/figure>\n\n\n\n<p><strong>Por Zacarias Martins<\/strong><\/p>\n\n\n\n<p>Integrante da Rede Municipal de Educa\u00e7\u00e3o de Tocant\u00ednia, a Escola Municipal Benvindo Sousa Luz, localizada no Assentamento \u00c1gua Fria II, realizou na noite de ter\u00e7a-feira, 27,&nbsp;&nbsp;a&nbsp;&nbsp;II Feira do Sistema Monet\u00e1rio da EJA&nbsp;&nbsp;(Educa\u00e7\u00e3o de Jovens e Adultos), tendo por objetivo fomentar o conhecimento sobre o sistema monet\u00e1rio brasileiro, bem como, criar&nbsp;&nbsp;momentos de socializa\u00e7\u00e3o das turmas dessa modalidade de ensino.<\/p>\n\n\n\n<p>Foram&nbsp;comercializados durante essa feira, \u00edtens que foram produzidos pelos alunos no pr\u00f3prio Assentamento \u00c1gua Fria II, como, bolos, ab\u00f3bora, mandioca, panos de prato, toalhas bordadas e alguns outros objetos que puderam compartilhar com seus colegas.&nbsp;&nbsp;<\/p>\n\n\n\n<p>O secret\u00e1rio de Educa\u00e7\u00e3o de Tocant\u00ednia, professor Andr\u00e9 Goveia, destaca que os professores da EJA t\u00eam buscado diariamente a diversifica\u00e7\u00e3o das metodologias, facilitando a fixa\u00e7\u00e3o do aprendizado, trazendo a realidade de mundo para sala de aula, alcan\u00e7ando os alunos nas suas especificidades.<\/p>\n\n\n\n<figure class=\"wp-block-image size-large\"><img loading=\"lazy\" decoding=\"async\" width=\"1024\" height=\"503\" src=\"https:\/\/focotocantinense.com.br\/wp-content\/uploads\/2023\/06\/1-II-Feira-do-Sistema-Monetario-da-EJA-Tocantinia-1024x503.jpg\" alt=\"\" class=\"wp-image-5290\" srcset=\"https:\/\/focotocantinense.com.br\/wp-content\/uploads\/2023\/06\/1-II-Feira-do-Sistema-Monetario-da-EJA-Tocantinia-1024x503.jpg 1024w, https:\/\/focotocantinense.com.br\/wp-content\/uploads\/2023\/06\/1-II-Feira-do-Sistema-Monetario-da-EJA-Tocantinia-300x147.jpg 300w, https:\/\/focotocantinense.com.br\/wp-content\/uploads\/2023\/06\/1-II-Feira-do-Sistema-Monetario-da-EJA-Tocantinia-768x377.jpg 768w, https:\/\/focotocantinense.com.br\/wp-content\/uploads\/2023\/06\/1-II-Feira-do-Sistema-Monetario-da-EJA-Tocantinia.jpg 1081w\" sizes=\"auto, (max-width: 1024px) 100vw, 1024px\" \/><\/figure>\n\n\n\n<figure class=\"wp-block-image size-full is-resized\"><img loading=\"lazy\" decoding=\"async\" src=\"https:\/\/focotocantinense.com.br\/wp-content\/uploads\/2023\/06\/VINI-6.jpg\" alt=\"\" class=\"wp-image-5281\" width=\"837\" height=\"252\" srcset=\"https:\/\/focotocantinense.com.br\/wp-content\/uploads\/2023\/06\/VINI-6.jpg 640w, https:\/\/focotocantinense.com.br\/wp-content\/uploads\/2023\/06\/VINI-6-300x90.jpg 300w\" sizes=\"auto, (max-width: 837px) 100vw, 837px\" \/><\/figure>\n\n\n\n<figure class=\"wp-block-image size-large is-resized\"><img loading=\"lazy\" decoding=\"async\" src=\"https:\/\/focotocantinense.com.br\/wp-content\/uploads\/2023\/06\/5215c382-74e8-4be1-ae0e-821dde0eaaee-10-576x1024.jpg\" alt=\"\" class=\"wp-image-5280\" width=\"837\" height=\"1488\" srcset=\"https:\/\/focotocantinense.com.br\/wp-content\/uploads\/2023\/06\/5215c382-74e8-4be1-ae0e-821dde0eaaee-10-576x1024.jpg 576w, https:\/\/focotocantinense.com.br\/wp-content\/uploads\/2023\/06\/5215c382-74e8-4be1-ae0e-821dde0eaaee-10-169x300.jpg 169w, https:\/\/focotocantinense.com.br\/wp-content\/uploads\/2023\/06\/5215c382-74e8-4be1-ae0e-821dde0eaaee-10-768x1365.jpg 768w, https:\/\/focotocantinense.com.br\/wp-content\/uploads\/2023\/06\/5215c382-74e8-4be1-ae0e-821dde0eaaee-10-864x1536.jpg 864w, https:\/\/focotocantinense.com.br\/wp-content\/uploads\/2023\/06\/5215c382-74e8-4be1-ae0e-821dde0eaaee-10.jpg 900w\" sizes=\"auto, (max-width: 837px) 100vw, 837px\" \/><\/figure>\n","protected":false},"excerpt":{"rendered":"<p>Por Zacarias Martins Integrante da Rede Municipal de Educa\u00e7\u00e3o de Tocant\u00ednia, a Escola Municipal Benvindo Sousa Luz, localizada no Assentamento \u00c1gua Fria II, realizou na noite de ter\u00e7a-feira, 27,&nbsp;&nbsp;a&nbsp;&nbsp;II Feira do Sistema Monet\u00e1rio da EJA&nbsp;&nbsp;(Educa\u00e7\u00e3o de Jovens e Adultos), tendo por objetivo fomentar o conhecimento sobre o sistema monet\u00e1rio brasileiro, bem como, criar&nbsp;&nbsp;momentos de socializa\u00e7\u00e3o &hellip;<\/p>\n","protected":false},"author":5,"featured_media":5290,"comment_status":"open","ping_status":"open","sticky":false,"template":"","format":"standard","meta":{"footnotes":""},"categories":[78],"tags":[],"class_list":["post-5289","post","type-post","status-publish","format-standard","has-post-thumbnail","","category-tocantinia"],"_links":{"self":[{"href":"https:\/\/focotocantinense.com.br\/index.php?rest_route=\/wp\/v2\/posts\/5289","targetHints":{"allow":["GET"]}}],"collection":[{"href":"https:\/\/focotocantinense.com.br\/index.php?rest_route=\/wp\/v2\/posts"}],"about":[{"href":"https:\/\/focotocantinense.com.br\/index.php?rest_route=\/wp\/v2\/types\/post"}],"author":[{"embeddable":true,"href":"https:\/\/focotocantinense.com.br\/index.php?rest_route=\/wp\/v2\/users\/5"}],"replies":[{"embeddable":true,"href":"https:\/\/focotocantinense.com.br\/index.php?rest_route=%2Fwp%2Fv2%2Fcomments&post=5289"}],"version-history":[{"count":7,"href":"https:\/\/focotocantinense.com.br\/index.php?rest_route=\/wp\/v2\/posts\/5289\/revisions"}],"predecessor-version":[{"id":5298,"href":"https:\/\/focotocantinense.com.br\/index.php?rest_route=\/wp\/v2\/posts\/5289\/revisions\/5298"}],"wp:featuredmedia":[{"embeddable":true,"href":"https:\/\/focotocantinense.com.br\/index.php?rest_route=\/wp\/v2\/media\/5290"}],"wp:attachment":[{"href":"https:\/\/focotocantinense.com.br\/index.php?rest_route=%2Fwp%2Fv2%2Fmedia&parent=5289"}],"wp:term":[{"taxonomy":"category","embeddable":true,"href":"https:\/\/focotocantinense.com.br\/index.php?rest_route=%2Fwp%2Fv2%2Fcategories&post=5289"},{"taxonomy":"post_tag","embeddable":true,"href":"https:\/\/focotocantinense.com.br\/index.php?rest_route=%2Fwp%2Fv2%2Ftags&post=5289"}],"curies":[{"name":"wp","href":"https:\/\/api.w.org\/{rel}","templated":true}]}}