{"id":5278,"date":"2023-06-28T12:15:59","date_gmt":"2023-06-28T15:15:59","guid":{"rendered":"https:\/\/focotocantinense.com.br\/?p=5278"},"modified":"2023-06-28T12:17:15","modified_gmt":"2023-06-28T15:17:15","slug":"municipios-tem-ate-dia-11-de-julho-para-entregar-plano-de-acao-da-lei-paulo-gustavo","status":"publish","type":"post","link":"https:\/\/focotocantinense.com.br\/?p=5278","title":{"rendered":"Munic\u00edpios t\u00eam at\u00e9 dia 11 de julho para entregar plano de a\u00e7\u00e3o da Lei Paulo Gustavo"},"content":{"rendered":"\n<p>A Lei Paulo Gustavo (Lei Complementar N\u00ba 195, de 8 de julho de 2022) prev\u00ea o maior investimento j\u00e1 feito no setor cultural brasileiro, com um repasse de R$ 3,862 bilh\u00f5es aos estados e munic\u00edpios do pa\u00eds. Dessa quantia, mais de R$ 41 milh\u00f5es s\u00e3o destinados ao Tocantins, sendo R$ 25,5 milh\u00f5es para gest\u00e3o do Estado e R$ 16 milh\u00f5es para gest\u00e3o dos munic\u00edpios. Um dos quatro primeiros estados da federa\u00e7\u00e3o a cumprirem as etapas da LPG, o Tocantins j\u00e1 tem o seu recurso em conta, no entanto, diversos munic\u00edpios necessitam at\u00e9 o dia 11 de julho, fazerem o envio do seu Plano de A\u00e7\u00e3o, etapa essencial e obrigat\u00f3ria para o recebimento da verba.<\/p>\n\n\n\n<p>Segundo o \u00faltimo levantamento feito no<strong>\u00a0<\/strong> Painel de Dados do Minist\u00e9rio da Cultura (MinC), dos 139 munic\u00edpios do Estado, apenas 26 est\u00e3o com o plano de a\u00e7\u00e3o cadastrado e autorizado, sendo que 72,66% das cidades do Tocantins ainda n\u00e3o enviaram o documento. Para receberem os recursos oriundos da LPG, os munic\u00edpios devem se atentar ao prazo final para a inser\u00e7\u00e3o do plano na plataforma TransfeGo<strong>.<a href=\"http:\/\/transferegov.\/\">.<\/a><\/strong><\/p>\n\n\n\n<p>A partir da an\u00e1lise e aprova\u00e7\u00e3o do documento pelo MinC, o munic\u00edpio dever\u00e1 realizar a assinatura do termo de ades\u00e3o \u00e0 lei, processo que indica a concord\u00e2ncia dos solicitantes com os seus direitos e obriga\u00e7\u00f5es enquanto beneficiados pela LPG. Em seguida, o recurso ser\u00e1 liberado aos munic\u00edpios, que estar\u00e3o aptos a lan\u00e7ar editais, chamamentos p\u00fablicos, entre outras formas de sele\u00e7\u00e3o p\u00fablica.<\/p>\n\n\n\n<p>Aris-valda&nbsp; Maracaipe Chaves Sousa, secret\u00e1ria de Educa\u00e7\u00e3o e Cultura do munic\u00edpio de S\u00e3o Sebasti\u00e3o, na regi\u00e3o do Bico do Papagaio, conta que a cidade j\u00e1 aderiu \u00e0 lei. Com o envio e aprova\u00e7\u00e3o do seu plano de a\u00e7\u00e3o, os valores j\u00e1 est\u00e3o em caixa para a execu\u00e7\u00e3o. \u201cGostaria de dizer que S\u00e3o Sebasti\u00e3o j\u00e1 est\u00e1 com o recurso na conta. E isso n\u00e3o serve para nos vangloriar, mas sim dar exemplo para os outros munic\u00edpios se engajarem nessa lei que veio para dar qualidade \u00e0 cultura &#8220;, completou.<\/p>\n\n\n\n<p>A Lei Paulo Gustavo \u00e9 para todos e para investir e fortalecer o setor da cultura de cada munic\u00edpio, gestores e agentes culturais devem se atentar aos prazos para ades\u00e3o e n\u00e3o perder a oportunidade.<\/p>\n\n\n\n<figure class=\"wp-block-image size-large\"><img loading=\"lazy\" decoding=\"async\" width=\"1024\" height=\"523\" src=\"https:\/\/focotocantinense.com.br\/wp-content\/uploads\/2023\/06\/Sem-titulo-9-1024x523.jpg\" alt=\"\" class=\"wp-image-5279\" srcset=\"https:\/\/focotocantinense.com.br\/wp-content\/uploads\/2023\/06\/Sem-titulo-9-1024x523.jpg 1024w, https:\/\/focotocantinense.com.br\/wp-content\/uploads\/2023\/06\/Sem-titulo-9-300x153.jpg 300w, https:\/\/focotocantinense.com.br\/wp-content\/uploads\/2023\/06\/Sem-titulo-9-768x392.jpg 768w, https:\/\/focotocantinense.com.br\/wp-content\/uploads\/2023\/06\/Sem-titulo-9.jpg 1049w\" sizes=\"auto, (max-width: 1024px) 100vw, 1024px\" \/><\/figure>\n\n\n\n<figure class=\"wp-block-image size-full\"><img loading=\"lazy\" decoding=\"async\" width=\"793\" height=\"502\" src=\"https:\/\/focotocantinense.com.br\/wp-content\/uploads\/2023\/06\/bbbbb.jpg\" alt=\"\" class=\"wp-image-5282\" srcset=\"https:\/\/focotocantinense.com.br\/wp-content\/uploads\/2023\/06\/bbbbb.jpg 793w, https:\/\/focotocantinense.com.br\/wp-content\/uploads\/2023\/06\/bbbbb-300x190.jpg 300w, https:\/\/focotocantinense.com.br\/wp-content\/uploads\/2023\/06\/bbbbb-768x486.jpg 768w\" sizes=\"auto, (max-width: 793px) 100vw, 793px\" \/><\/figure>\n\n\n\n<figure class=\"wp-block-image size-full is-resized\"><img loading=\"lazy\" decoding=\"async\" src=\"https:\/\/focotocantinense.com.br\/wp-content\/uploads\/2023\/06\/VINI-6.jpg\" alt=\"\" class=\"wp-image-5281\" width=\"843\" height=\"254\" srcset=\"https:\/\/focotocantinense.com.br\/wp-content\/uploads\/2023\/06\/VINI-6.jpg 640w, https:\/\/focotocantinense.com.br\/wp-content\/uploads\/2023\/06\/VINI-6-300x90.jpg 300w\" sizes=\"auto, (max-width: 843px) 100vw, 843px\" \/><\/figure>\n\n\n\n<figure class=\"wp-block-image size-large is-resized\"><img loading=\"lazy\" decoding=\"async\" src=\"https:\/\/focotocantinense.com.br\/wp-content\/uploads\/2023\/06\/5215c382-74e8-4be1-ae0e-821dde0eaaee-10-576x1024.jpg\" alt=\"\" class=\"wp-image-5280\" width=\"838\" height=\"1490\" srcset=\"https:\/\/focotocantinense.com.br\/wp-content\/uploads\/2023\/06\/5215c382-74e8-4be1-ae0e-821dde0eaaee-10-576x1024.jpg 576w, https:\/\/focotocantinense.com.br\/wp-content\/uploads\/2023\/06\/5215c382-74e8-4be1-ae0e-821dde0eaaee-10-169x300.jpg 169w, https:\/\/focotocantinense.com.br\/wp-content\/uploads\/2023\/06\/5215c382-74e8-4be1-ae0e-821dde0eaaee-10-768x1365.jpg 768w, https:\/\/focotocantinense.com.br\/wp-content\/uploads\/2023\/06\/5215c382-74e8-4be1-ae0e-821dde0eaaee-10-864x1536.jpg 864w, https:\/\/focotocantinense.com.br\/wp-content\/uploads\/2023\/06\/5215c382-74e8-4be1-ae0e-821dde0eaaee-10.jpg 900w\" sizes=\"auto, (max-width: 838px) 100vw, 838px\" \/><\/figure>\n","protected":false},"excerpt":{"rendered":"<p>A Lei Paulo Gustavo (Lei Complementar N\u00ba 195, de 8 de julho de 2022) prev\u00ea o maior investimento j\u00e1 feito no setor cultural brasileiro, com um repasse de R$ 3,862 bilh\u00f5es aos estados e munic\u00edpios do pa\u00eds. Dessa quantia, mais de R$ 41 milh\u00f5es s\u00e3o destinados ao Tocantins, sendo R$ 25,5 milh\u00f5es para gest\u00e3o do &hellip;<\/p>\n","protected":false},"author":5,"featured_media":5279,"comment_status":"open","ping_status":"open","sticky":false,"template":"","format":"standard","meta":{"footnotes":""},"categories":[104],"tags":[],"class_list":["post-5278","post","type-post","status-publish","format-standard","has-post-thumbnail","","category-cultura"],"_links":{"self":[{"href":"https:\/\/focotocantinense.com.br\/index.php?rest_route=\/wp\/v2\/posts\/5278","targetHints":{"allow":["GET"]}}],"collection":[{"href":"https:\/\/focotocantinense.com.br\/index.php?rest_route=\/wp\/v2\/posts"}],"about":[{"href":"https:\/\/focotocantinense.com.br\/index.php?rest_route=\/wp\/v2\/types\/post"}],"author":[{"embeddable":true,"href":"https:\/\/focotocantinense.com.br\/index.php?rest_route=\/wp\/v2\/users\/5"}],"replies":[{"embeddable":true,"href":"https:\/\/focotocantinense.com.br\/index.php?rest_route=%2Fwp%2Fv2%2Fcomments&post=5278"}],"version-history":[{"count":5,"href":"https:\/\/focotocantinense.com.br\/index.php?rest_route=\/wp\/v2\/posts\/5278\/revisions"}],"predecessor-version":[{"id":5288,"href":"https:\/\/focotocantinense.com.br\/index.php?rest_route=\/wp\/v2\/posts\/5278\/revisions\/5288"}],"wp:featuredmedia":[{"embeddable":true,"href":"https:\/\/focotocantinense.com.br\/index.php?rest_route=\/wp\/v2\/media\/5279"}],"wp:attachment":[{"href":"https:\/\/focotocantinense.com.br\/index.php?rest_route=%2Fwp%2Fv2%2Fmedia&parent=5278"}],"wp:term":[{"taxonomy":"category","embeddable":true,"href":"https:\/\/focotocantinense.com.br\/index.php?rest_route=%2Fwp%2Fv2%2Fcategories&post=5278"},{"taxonomy":"post_tag","embeddable":true,"href":"https:\/\/focotocantinense.com.br\/index.php?rest_route=%2Fwp%2Fv2%2Ftags&post=5278"}],"curies":[{"name":"wp","href":"https:\/\/api.w.org\/{rel}","templated":true}]}}