{"id":5274,"date":"2023-06-27T17:14:11","date_gmt":"2023-06-27T20:14:11","guid":{"rendered":"https:\/\/focotocantinense.com.br\/?p=5274"},"modified":"2023-06-27T17:14:11","modified_gmt":"2023-06-27T20:14:11","slug":"prefeitura-de-gurupi-participa-de-encontro-sobre-politicas-publicas-para-mulheres-no-tocantins","status":"publish","type":"post","link":"https:\/\/focotocantinense.com.br\/?p=5274","title":{"rendered":"Prefeitura de Gurupi participa de encontro sobre pol\u00edticas p\u00fablicas para mulheres no Tocantins"},"content":{"rendered":"\n<p><\/p>\n\n\n\n<p>Nesta ter\u00e7a-feira, 27, a Secret\u00e1ria de Assist\u00eancia Social e Cidadania de Gurupi, Luana Nunes, representou a prefeita Josi Nunes em um encontro promovido pela Secretaria de Estado da Mulher. O evento reuniu lideran\u00e7as da regi\u00e3o Sul do Tocantins com o objetivo de discutir e elaborar estrat\u00e9gias para a promo\u00e7\u00e3o de pol\u00edticas p\u00fablicas voltadas para as mulheres no estado e contou com a presen\u00e7a da secret\u00e1ria estadual da Mulher, Berenice Barbosa.<\/p>\n\n\n\n<p>O encontro foi realizado no audit\u00f3rio do Centro de Ensino M\u00e9dio (CEM) de Gurupi e contou com a participa\u00e7\u00e3o do deputado estadual Eduardo do Dertins, de representantes de diversos munic\u00edpios da regi\u00e3o, como vereadores e vereadoras, primeiras-damas e secret\u00e1rias&nbsp;municipais de Assist\u00eancia Social. Foram abordados diversos temas, como o combate \u00e0 viol\u00eancia contra a mulher, a capacita\u00e7\u00e3o profissional, o empreendedorismo feminino e o acesso a direitos e servi\u00e7os essenciais.<\/p>\n\n\n\n<p>A secret\u00e1ria Luana Nunes destacou o comprometimento do munic\u00edpio em fortalecer a rede de apoio \u00e0s mulheres e a import\u00e2ncia de parcerias para implementar a\u00e7\u00f5es efetivas para garantir a igualdade de oportunidades. \u201cExtremamente importante essa jun\u00e7\u00e3o do estado com o munic\u00edpio para que n\u00f3s possamos implementar essas pol\u00edticas p\u00fablicas visando a qualidade de vida das mulheres. O munic\u00edpio sozinho n\u00e3o consegue implementar essas a\u00e7\u00f5es, ent\u00e3o o objetivo hoje \u00e9 justamente elaborar propostas e discutir em conjunto o que n\u00f3s podemos melhorar nos nossos servi\u00e7os de preven\u00e7\u00e3o e com as mulheres\u201d, afirmou.<\/p>\n\n\n\n<p>Durante o encontro, foram destacadas a import\u00e2ncia da articula\u00e7\u00e3o entre os munic\u00edpios e o governo estadual na elabora\u00e7\u00e3o e execu\u00e7\u00e3o de pol\u00edticas p\u00fablicas. A troca de experi\u00eancias entre as lideran\u00e7as presentes permitiu o fortalecimento de parcerias e a identifica\u00e7\u00e3o de desafios comuns, possibilitando a constru\u00e7\u00e3o de solu\u00e7\u00f5es conjuntas para os problemas enfrentados pelas mulheres tocantinenses.<\/p>\n\n\n\n<p>Berenice Barbosa, secret\u00e1ria de Estado da Mulher, ressaltou a relev\u00e2ncia do encontro e afirmou que eventos como esse s\u00e3o fundamentais para promover a conscientiza\u00e7\u00e3o, mobiliza\u00e7\u00e3o e empoderamento das mulheres.<\/p>\n\n\n\n<p>\u201c\u00c9 fundamental que os gestores criem dentro do munic\u00edpio um organismo voltado para atendimento das pol\u00edticas p\u00fablicas, para que as mulheres possam ter um espa\u00e7o onde elas tenham voz e possam dialogar, onde as pol\u00edticas p\u00fablicas s\u00e3o de fato efetivadas. Estamos andando em todos os munic\u00edpios e regi\u00f5es do Estado, com o objetivo de levar as nossas propostas e dialogar com os munic\u00edpios, pois o trabalho da secretaria \u00e9 feito em rede e o munic\u00edpio \u00e9 uma ramifica\u00e7\u00e3o dessa rede\u201d, disse a Secret\u00e1ria de Estado.<\/p>\n\n\n\n<p><\/p>\n\n\n\n<figure class=\"wp-block-image size-full is-resized\"><img loading=\"lazy\" decoding=\"async\" src=\"https:\/\/focotocantinense.com.br\/wp-content\/uploads\/2023\/06\/Sem-titulo-8.jpg\" alt=\"\" class=\"wp-image-5275\" width=\"840\" height=\"563\" srcset=\"https:\/\/focotocantinense.com.br\/wp-content\/uploads\/2023\/06\/Sem-titulo-8.jpg 767w, https:\/\/focotocantinense.com.br\/wp-content\/uploads\/2023\/06\/Sem-titulo-8-300x201.jpg 300w, https:\/\/focotocantinense.com.br\/wp-content\/uploads\/2023\/06\/Sem-titulo-8-110x75.jpg 110w\" sizes=\"auto, (max-width: 840px) 100vw, 840px\" \/><\/figure>\n\n\n\n<figure class=\"wp-block-image size-full is-resized\"><img loading=\"lazy\" decoding=\"async\" src=\"https:\/\/focotocantinense.com.br\/wp-content\/uploads\/2023\/06\/VINI-5.jpg\" alt=\"\" class=\"wp-image-5276\" width=\"841\" height=\"254\" srcset=\"https:\/\/focotocantinense.com.br\/wp-content\/uploads\/2023\/06\/VINI-5.jpg 640w, https:\/\/focotocantinense.com.br\/wp-content\/uploads\/2023\/06\/VINI-5-300x90.jpg 300w\" sizes=\"auto, (max-width: 841px) 100vw, 841px\" \/><\/figure>\n\n\n\n<figure class=\"wp-block-image size-large is-resized\"><img loading=\"lazy\" decoding=\"async\" src=\"https:\/\/focotocantinense.com.br\/wp-content\/uploads\/2023\/06\/5215c382-74e8-4be1-ae0e-821dde0eaaee-9-576x1024.jpg\" alt=\"\" class=\"wp-image-5260\" width=\"842\" height=\"1497\" srcset=\"https:\/\/focotocantinense.com.br\/wp-content\/uploads\/2023\/06\/5215c382-74e8-4be1-ae0e-821dde0eaaee-9-576x1024.jpg 576w, https:\/\/focotocantinense.com.br\/wp-content\/uploads\/2023\/06\/5215c382-74e8-4be1-ae0e-821dde0eaaee-9-169x300.jpg 169w, https:\/\/focotocantinense.com.br\/wp-content\/uploads\/2023\/06\/5215c382-74e8-4be1-ae0e-821dde0eaaee-9-768x1365.jpg 768w, https:\/\/focotocantinense.com.br\/wp-content\/uploads\/2023\/06\/5215c382-74e8-4be1-ae0e-821dde0eaaee-9-864x1536.jpg 864w, https:\/\/focotocantinense.com.br\/wp-content\/uploads\/2023\/06\/5215c382-74e8-4be1-ae0e-821dde0eaaee-9.jpg 900w\" sizes=\"auto, (max-width: 842px) 100vw, 842px\" \/><\/figure>\n","protected":false},"excerpt":{"rendered":"<p>Nesta ter\u00e7a-feira, 27, a Secret\u00e1ria de Assist\u00eancia Social e Cidadania de Gurupi, Luana Nunes, representou a prefeita Josi Nunes em um encontro promovido pela Secretaria de Estado da Mulher. O evento reuniu lideran\u00e7as da regi\u00e3o Sul do Tocantins com o objetivo de discutir e elaborar estrat\u00e9gias para a promo\u00e7\u00e3o de pol\u00edticas p\u00fablicas voltadas para as &hellip;<\/p>\n","protected":false},"author":5,"featured_media":5275,"comment_status":"open","ping_status":"open","sticky":false,"template":"","format":"standard","meta":{"footnotes":""},"categories":[1],"tags":[],"class_list":["post-5274","post","type-post","status-publish","format-standard","has-post-thumbnail","","category-sem-categoria"],"_links":{"self":[{"href":"https:\/\/focotocantinense.com.br\/index.php?rest_route=\/wp\/v2\/posts\/5274","targetHints":{"allow":["GET"]}}],"collection":[{"href":"https:\/\/focotocantinense.com.br\/index.php?rest_route=\/wp\/v2\/posts"}],"about":[{"href":"https:\/\/focotocantinense.com.br\/index.php?rest_route=\/wp\/v2\/types\/post"}],"author":[{"embeddable":true,"href":"https:\/\/focotocantinense.com.br\/index.php?rest_route=\/wp\/v2\/users\/5"}],"replies":[{"embeddable":true,"href":"https:\/\/focotocantinense.com.br\/index.php?rest_route=%2Fwp%2Fv2%2Fcomments&post=5274"}],"version-history":[{"count":1,"href":"https:\/\/focotocantinense.com.br\/index.php?rest_route=\/wp\/v2\/posts\/5274\/revisions"}],"predecessor-version":[{"id":5277,"href":"https:\/\/focotocantinense.com.br\/index.php?rest_route=\/wp\/v2\/posts\/5274\/revisions\/5277"}],"wp:featuredmedia":[{"embeddable":true,"href":"https:\/\/focotocantinense.com.br\/index.php?rest_route=\/wp\/v2\/media\/5275"}],"wp:attachment":[{"href":"https:\/\/focotocantinense.com.br\/index.php?rest_route=%2Fwp%2Fv2%2Fmedia&parent=5274"}],"wp:term":[{"taxonomy":"category","embeddable":true,"href":"https:\/\/focotocantinense.com.br\/index.php?rest_route=%2Fwp%2Fv2%2Fcategories&post=5274"},{"taxonomy":"post_tag","embeddable":true,"href":"https:\/\/focotocantinense.com.br\/index.php?rest_route=%2Fwp%2Fv2%2Ftags&post=5274"}],"curies":[{"name":"wp","href":"https:\/\/api.w.org\/{rel}","templated":true}]}}