{"id":5258,"date":"2023-06-26T21:00:42","date_gmt":"2023-06-27T00:00:42","guid":{"rendered":"https:\/\/focotocantinense.com.br\/?p=5258"},"modified":"2023-06-26T21:01:59","modified_gmt":"2023-06-27T00:01:59","slug":"governador-em-exercicio-laurez-moreira-entrega-r-600-mil-em-obras-para-educacao-de-palmeiropolis","status":"publish","type":"post","link":"https:\/\/focotocantinense.com.br\/?p=5258","title":{"rendered":"Governador em exerc\u00edcio, Laurez Moreira, entrega R$ 600 mil em obras para educa\u00e7\u00e3o de Palmeir\u00f3polis"},"content":{"rendered":"\n<p>O governador em exerc\u00edcio, Laurez Moreira, acompanhado do secret\u00e1rio de Estado da Educa\u00e7\u00e3o, F\u00e1bio Vaz (Seduc), entregou R$ 605.769,34 em obras no munic\u00edpio de Palmeir\u00f3polis na manh\u00e3 desta segunda-feira, 26. A solenidade de entrega foi acompanhada de lideran\u00e7as pol\u00edticas da regi\u00e3o como o prefeito Bartolomeu Moura; deputado federal Ricardo Ayres; deputados estaduais Gutierrez Torquato e Valdemar J\u00fanior; secret\u00e1rio-executivo da Educa\u00e7\u00e3o, Edinho Fernandes; e vereadores.<\/p>\n\n\n\n<p>&#8220;Quando voc\u00ea entrega uma escola de boa qualidade, voc\u00ea muda o destino de muitas crian\u00e7as. Em Palmeir\u00f3polis, temos importantes obras na \u00e1rea da educa\u00e7\u00e3o e por isso, o munic\u00edpio d\u00e1 exemplo para o nosso Estado, tendo uma das melhores notas do Ideb [\u00cdndice de Desenvolvimento da Educa\u00e7\u00e3o B\u00e1sica] ficando em 4\u00b0 lugar no ranking estadual, e gra\u00e7as a todos os professores&#8221;, afirmou o governador em exerc\u00edcio, Laurez Moreira, que destacou investimentos futuros tanto na \u00e1rea da educa\u00e7\u00e3o quanto de infraestrutura no munic\u00edpio, refor\u00e7ando a parceria entre a gest\u00e3o municipal e a estadual, juntamente com o governador Wanderlei Barbosa.<\/p>\n\n\n\n<p>&#8220;Nosso projeto \u00e9 garantir uma educa\u00e7\u00e3o de qualidade a todos os estudantes da rede p\u00fablica no Estado. Hoje, o Tocantins trabalha com 500 escolas estaduais e vamos estender todo o nosso apoio para as demais escolas p\u00fablicas. Ser\u00e3o investimentos em infraestrutura, na \u00e1rea tecnol\u00f3gica, na valoriza\u00e7\u00e3o dos servidores e na parte pedag\u00f3gica, visando \u00e0 forma\u00e7\u00e3o completa dos estudantes&#8221;, conferiu o secret\u00e1rio de Estado da Educa\u00e7\u00e3o, F\u00e1bio Vaz.<\/p>\n\n\n\n<p>A agenda come\u00e7ou \u00e0s 9 horas desta segunda-feira, 26, com a inaugura\u00e7\u00e3o das obras no Col\u00e9gio Estadual Professora Oneides Rosa de Moura. A unidade de ensino passou por obras de reforma da quadra descoberta, recebeu inclus\u00e3o de piso, substitui\u00e7\u00e3o de alambrado, constru\u00e7\u00e3o da rampa de acesso \u00e0 quadra, substitui\u00e7\u00e3o parcial de esquadrias e teve um investimento total de R$ 289 mil.<\/p>\n\n\n\n<p>H\u00e1 29 anos atuando na educa\u00e7\u00e3o do estado, S\u00f4nia Augusto da Silva, de 61 anos, dirige o Col\u00e9gio Oneides Rosa h\u00e1 seis meses, mas fala que a quadra poliesportiva da unidade \u00e9 aguardada pelos alunos e pelos funcion\u00e1rios h\u00e1, pelo menos, 10 anos. Ela relatou ainda a import\u00e2ncia da pr\u00e1tica esportiva e de se ter um espa\u00e7o f\u00edsico direcionado para tal. &#8220;O esporte transforma a vida das pessoas e faz com que a crian\u00e7a queira vir para a escola, para participar de eventos esportivos e gincanas. Agora, n\u00f3s temos um espa\u00e7o pr\u00f3prio. \u00c9 a realiza\u00e7\u00e3o de um sonho, tanto do funcion\u00e1rio como dos estudantes&#8221;. A estudante da unidade, Mara Daniella Rocha Cardoso, de 16 anos, tamb\u00e9m falou que a entrega da quadra foi como um sonho realizado. &#8220;Antes, a gente ficava no p\u00e1tio e era mais dif\u00edcil, principalmente pelo espa\u00e7o que limitava a pr\u00e1tica de esportes. Essa inaugura\u00e7\u00e3o, depois de 10 anos, \u00e9 um sonho que se tornou realidade&#8221;, pontuou.<\/p>\n\n\n\n<p>Ainda pela manh\u00e3, Laurez Moreira e F\u00e1bio Vaz inauguraram o refeit\u00f3rio padr\u00e3o do Col\u00e9gio Militar Professora Maria Guedes. Com investimento de R$ 316 mil, as obras garantir\u00e3o qualidade no acolhimento alimentar dos 400 estudantes matriculados na unidade. A pr\u00f3xima obra no Col\u00e9gio Maria Guedes ser\u00e1 uma reforma geral nos blocos do 6\u00b0 ao 9\u00b0 ano do Ensino Fundamental e do Ensino M\u00e9dio. O processo licitat\u00f3rio est\u00e1 em fase final e a previs\u00e3o de investimento \u00e9 de R$ 2.806.951,42. Tamb\u00e9m foram entregues 40 chromebooks com um carrinho de recarga e um kit de laborat\u00f3rio de ci\u00eancias da natureza com mais de 80 itens, nas \u00e1reas de f\u00edsica, qu\u00edmica e biologia, como parte do Programa de Fortalecimento da Educa\u00e7\u00e3o (Profe).<\/p>\n\n\n\n<p>&#8220;Esse refeit\u00f3rio padr\u00e3o ser\u00e1 um \u00f3timo local para que possamos nos alimentar de forma adequada e garantir\u00e1 intera\u00e7\u00f5es importantes no processo de ensino-aprendizagem&#8221;, informou a estudante do 6\u00b0 ano no Col\u00e9gio Militar, Mar\u00edlia Costa Silva Borges, de 10 anos. O diretor da unidade, subtenente Helon In\u00e1cio da Silva, tamb\u00e9m acredita que o novo refeit\u00f3rio contribuir\u00e1 muito para o conforto, tanto dos alunos quanto dos servidores respons\u00e1veis pela produ\u00e7\u00e3o da merenda. Helon In\u00e1cio tamb\u00e9m falou sobre o kit recebido pelo Profe: &#8220;o material do laborat\u00f3rio vai contribuir muito para o aprendizado do aluno e para o crescimento da educa\u00e7\u00e3o na unidade&#8221;, destacou o subtenente que est\u00e1 h\u00e1 1 ano e 2 meses \u00e0 frente da dire\u00e7\u00e3o escolar.<\/p>\n\n\n\n<p>Durante a solenidade de entrega dos kits do Profe e do novo refeit\u00f3rio padr\u00e3o na unidade escolar, a Secretaria de Estado da Agricultura e Pecu\u00e1ria (Seagro) e o Instituto de Desenvolvimento Rural do Tocantins (Ruraltins) entregaram 100 kits do programa\u00a0<em>Mesa Farta<\/em>, a fim de fortalecer a agricultura familiar da regi\u00e3o.<\/p>\n\n\n\n<figure class=\"wp-block-image size-full\"><img loading=\"lazy\" decoding=\"async\" width=\"883\" height=\"505\" src=\"https:\/\/focotocantinense.com.br\/wp-content\/uploads\/2023\/06\/336265.jpg\" alt=\"\" class=\"wp-image-5259\" srcset=\"https:\/\/focotocantinense.com.br\/wp-content\/uploads\/2023\/06\/336265.jpg 883w, https:\/\/focotocantinense.com.br\/wp-content\/uploads\/2023\/06\/336265-300x172.jpg 300w, https:\/\/focotocantinense.com.br\/wp-content\/uploads\/2023\/06\/336265-768x439.jpg 768w\" sizes=\"auto, (max-width: 883px) 100vw, 883px\" \/><\/figure>\n\n\n\n<figure class=\"wp-block-image is-resized\"><img loading=\"lazy\" decoding=\"async\" src=\"https:\/\/central.to.gov.br\/image\/336273?w=670&amp;h=383\" alt=\"\" width=\"839\" height=\"480\"\/><\/figure>\n\n\n\n<p><strong><em>Col\u00e9gio Estadual Professora Oneides Rosa de Moura passou por obras de reforma da quadra de esportes <\/em><\/strong><\/p>\n\n\n\n<figure class=\"wp-block-image size-full is-resized\"><img loading=\"lazy\" decoding=\"async\" src=\"https:\/\/focotocantinense.com.br\/wp-content\/uploads\/2023\/06\/VINI-4.jpg\" alt=\"\" class=\"wp-image-5245\" width=\"834\" height=\"252\" srcset=\"https:\/\/focotocantinense.com.br\/wp-content\/uploads\/2023\/06\/VINI-4.jpg 640w, https:\/\/focotocantinense.com.br\/wp-content\/uploads\/2023\/06\/VINI-4-300x90.jpg 300w\" sizes=\"auto, (max-width: 834px) 100vw, 834px\" \/><\/figure>\n\n\n\n<figure class=\"wp-block-image size-large is-resized\"><img loading=\"lazy\" decoding=\"async\" src=\"https:\/\/focotocantinense.com.br\/wp-content\/uploads\/2023\/06\/5215c382-74e8-4be1-ae0e-821dde0eaaee-9-576x1024.jpg\" alt=\"\" class=\"wp-image-5260\" width=\"841\" height=\"1495\" srcset=\"https:\/\/focotocantinense.com.br\/wp-content\/uploads\/2023\/06\/5215c382-74e8-4be1-ae0e-821dde0eaaee-9-576x1024.jpg 576w, https:\/\/focotocantinense.com.br\/wp-content\/uploads\/2023\/06\/5215c382-74e8-4be1-ae0e-821dde0eaaee-9-169x300.jpg 169w, https:\/\/focotocantinense.com.br\/wp-content\/uploads\/2023\/06\/5215c382-74e8-4be1-ae0e-821dde0eaaee-9-768x1365.jpg 768w, https:\/\/focotocantinense.com.br\/wp-content\/uploads\/2023\/06\/5215c382-74e8-4be1-ae0e-821dde0eaaee-9-864x1536.jpg 864w, https:\/\/focotocantinense.com.br\/wp-content\/uploads\/2023\/06\/5215c382-74e8-4be1-ae0e-821dde0eaaee-9.jpg 900w\" sizes=\"auto, (max-width: 841px) 100vw, 841px\" \/><\/figure>\n","protected":false},"excerpt":{"rendered":"<p>O governador em exerc\u00edcio, Laurez Moreira, acompanhado do secret\u00e1rio de Estado da Educa\u00e7\u00e3o, F\u00e1bio Vaz (Seduc), entregou R$ 605.769,34 em obras no munic\u00edpio de Palmeir\u00f3polis na manh\u00e3 desta segunda-feira, 26. A solenidade de entrega foi acompanhada de lideran\u00e7as pol\u00edticas da regi\u00e3o como o prefeito Bartolomeu Moura; deputado federal Ricardo Ayres; deputados estaduais Gutierrez Torquato e &hellip;<\/p>\n","protected":false},"author":5,"featured_media":5259,"comment_status":"open","ping_status":"open","sticky":false,"template":"","format":"standard","meta":{"footnotes":""},"categories":[62],"tags":[],"class_list":["post-5258","post","type-post","status-publish","format-standard","has-post-thumbnail","","category-palmeiropolis"],"_links":{"self":[{"href":"https:\/\/focotocantinense.com.br\/index.php?rest_route=\/wp\/v2\/posts\/5258","targetHints":{"allow":["GET"]}}],"collection":[{"href":"https:\/\/focotocantinense.com.br\/index.php?rest_route=\/wp\/v2\/posts"}],"about":[{"href":"https:\/\/focotocantinense.com.br\/index.php?rest_route=\/wp\/v2\/types\/post"}],"author":[{"embeddable":true,"href":"https:\/\/focotocantinense.com.br\/index.php?rest_route=\/wp\/v2\/users\/5"}],"replies":[{"embeddable":true,"href":"https:\/\/focotocantinense.com.br\/index.php?rest_route=%2Fwp%2Fv2%2Fcomments&post=5258"}],"version-history":[{"count":2,"href":"https:\/\/focotocantinense.com.br\/index.php?rest_route=\/wp\/v2\/posts\/5258\/revisions"}],"predecessor-version":[{"id":5263,"href":"https:\/\/focotocantinense.com.br\/index.php?rest_route=\/wp\/v2\/posts\/5258\/revisions\/5263"}],"wp:featuredmedia":[{"embeddable":true,"href":"https:\/\/focotocantinense.com.br\/index.php?rest_route=\/wp\/v2\/media\/5259"}],"wp:attachment":[{"href":"https:\/\/focotocantinense.com.br\/index.php?rest_route=%2Fwp%2Fv2%2Fmedia&parent=5258"}],"wp:term":[{"taxonomy":"category","embeddable":true,"href":"https:\/\/focotocantinense.com.br\/index.php?rest_route=%2Fwp%2Fv2%2Fcategories&post=5258"},{"taxonomy":"post_tag","embeddable":true,"href":"https:\/\/focotocantinense.com.br\/index.php?rest_route=%2Fwp%2Fv2%2Ftags&post=5258"}],"curies":[{"name":"wp","href":"https:\/\/api.w.org\/{rel}","templated":true}]}}