{"id":5254,"date":"2023-06-26T19:02:29","date_gmt":"2023-06-26T22:02:29","guid":{"rendered":"https:\/\/focotocantinense.com.br\/?p=5254"},"modified":"2023-06-26T19:03:21","modified_gmt":"2023-06-26T22:03:21","slug":"deputado-leo-barbosa-participa-do-forum-juridico-de-lisboa","status":"publish","type":"post","link":"https:\/\/focotocantinense.com.br\/?p=5254","title":{"rendered":"Deputado L\u00e9o Barbosa participa do F\u00f3rum Jur\u00eddico de Lisboa"},"content":{"rendered":"\n<p>O deputado estadual L\u00e9o Barbosa est\u00e1 em Portugal &nbsp;desde &nbsp;esta segunda-feira 26, participando do F\u00f3rum Jur\u00eddico de Lisboa, que re\u00fane autoridades do Tr\u00eas Poderes do Brasil para discutirem as leis brasileiras no exterior. O evento \u00e9 realizado em Lisboa, capital de Portugal. O encerramento ser\u00e1 na quarta-feira, dia 18.<\/p>\n\n\n\n<p>O encontro \u00a0est\u00e1 proporcionando um ambiente prop\u00edcio para a troca de experi\u00eancias e a busca por solu\u00e7\u00f5es inovadoras no campo da governan\u00e7a e do constitucionalismo digital.<\/p>\n\n\n\n<figure class=\"wp-block-image size-full is-resized\"><img loading=\"lazy\" decoding=\"async\" src=\"https:\/\/focotocantinense.com.br\/wp-content\/uploads\/2023\/06\/AAA-7.jpg\" alt=\"\" class=\"wp-image-5255\" width=\"411\" height=\"289\" srcset=\"https:\/\/focotocantinense.com.br\/wp-content\/uploads\/2023\/06\/AAA-7.jpg 755w, https:\/\/focotocantinense.com.br\/wp-content\/uploads\/2023\/06\/AAA-7-300x211.jpg 300w\" sizes=\"auto, (max-width: 411px) 100vw, 411px\" \/><\/figure>\n\n\n\n<p>O F\u00f3rum Jur\u00eddico de Lisboa representa uma oportunidade \u00edmpar para estreitar la\u00e7os, fortalecer a coopera\u00e7\u00e3o e buscar caminhos que contribuam para a melhoria da qualidade de vida dos cidad\u00e3os, por meio do uso estrat\u00e9gico da tecnologia e do aprimoramento das leis.<\/p>\n\n\n\n<figure class=\"wp-block-image size-full is-resized\"><img loading=\"lazy\" decoding=\"async\" src=\"https:\/\/focotocantinense.com.br\/wp-content\/uploads\/2023\/06\/VINI-4.jpg\" alt=\"\" class=\"wp-image-5245\" width=\"844\" height=\"255\" srcset=\"https:\/\/focotocantinense.com.br\/wp-content\/uploads\/2023\/06\/VINI-4.jpg 640w, https:\/\/focotocantinense.com.br\/wp-content\/uploads\/2023\/06\/VINI-4-300x90.jpg 300w\" sizes=\"auto, (max-width: 844px) 100vw, 844px\" \/><\/figure>\n\n\n\n<figure class=\"wp-block-image size-large is-resized\"><img loading=\"lazy\" decoding=\"async\" src=\"https:\/\/focotocantinense.com.br\/wp-content\/uploads\/2023\/06\/5215c382-74e8-4be1-ae0e-821dde0eaaee-8-576x1024.jpg\" alt=\"\" class=\"wp-image-5243\" width=\"836\" height=\"1486\" srcset=\"https:\/\/focotocantinense.com.br\/wp-content\/uploads\/2023\/06\/5215c382-74e8-4be1-ae0e-821dde0eaaee-8-576x1024.jpg 576w, https:\/\/focotocantinense.com.br\/wp-content\/uploads\/2023\/06\/5215c382-74e8-4be1-ae0e-821dde0eaaee-8-169x300.jpg 169w, https:\/\/focotocantinense.com.br\/wp-content\/uploads\/2023\/06\/5215c382-74e8-4be1-ae0e-821dde0eaaee-8-768x1365.jpg 768w, https:\/\/focotocantinense.com.br\/wp-content\/uploads\/2023\/06\/5215c382-74e8-4be1-ae0e-821dde0eaaee-8-864x1536.jpg 864w, https:\/\/focotocantinense.com.br\/wp-content\/uploads\/2023\/06\/5215c382-74e8-4be1-ae0e-821dde0eaaee-8.jpg 900w\" sizes=\"auto, (max-width: 836px) 100vw, 836px\" \/><\/figure>\n","protected":false},"excerpt":{"rendered":"<p>O deputado estadual L\u00e9o Barbosa est\u00e1 em Portugal &nbsp;desde &nbsp;esta segunda-feira 26, participando do F\u00f3rum Jur\u00eddico de Lisboa, que re\u00fane autoridades do Tr\u00eas Poderes do Brasil para discutirem as leis brasileiras no exterior. O evento \u00e9 realizado em Lisboa, capital de Portugal. O encerramento ser\u00e1 na quarta-feira, dia 18. O encontro \u00a0est\u00e1 proporcionando um ambiente &hellip;<\/p>\n","protected":false},"author":5,"featured_media":5255,"comment_status":"open","ping_status":"open","sticky":false,"template":"","format":"standard","meta":{"footnotes":""},"categories":[40],"tags":[],"class_list":["post-5254","post","type-post","status-publish","format-standard","has-post-thumbnail","","category-politica"],"_links":{"self":[{"href":"https:\/\/focotocantinense.com.br\/index.php?rest_route=\/wp\/v2\/posts\/5254","targetHints":{"allow":["GET"]}}],"collection":[{"href":"https:\/\/focotocantinense.com.br\/index.php?rest_route=\/wp\/v2\/posts"}],"about":[{"href":"https:\/\/focotocantinense.com.br\/index.php?rest_route=\/wp\/v2\/types\/post"}],"author":[{"embeddable":true,"href":"https:\/\/focotocantinense.com.br\/index.php?rest_route=\/wp\/v2\/users\/5"}],"replies":[{"embeddable":true,"href":"https:\/\/focotocantinense.com.br\/index.php?rest_route=%2Fwp%2Fv2%2Fcomments&post=5254"}],"version-history":[{"count":2,"href":"https:\/\/focotocantinense.com.br\/index.php?rest_route=\/wp\/v2\/posts\/5254\/revisions"}],"predecessor-version":[{"id":5257,"href":"https:\/\/focotocantinense.com.br\/index.php?rest_route=\/wp\/v2\/posts\/5254\/revisions\/5257"}],"wp:featuredmedia":[{"embeddable":true,"href":"https:\/\/focotocantinense.com.br\/index.php?rest_route=\/wp\/v2\/media\/5255"}],"wp:attachment":[{"href":"https:\/\/focotocantinense.com.br\/index.php?rest_route=%2Fwp%2Fv2%2Fmedia&parent=5254"}],"wp:term":[{"taxonomy":"category","embeddable":true,"href":"https:\/\/focotocantinense.com.br\/index.php?rest_route=%2Fwp%2Fv2%2Fcategories&post=5254"},{"taxonomy":"post_tag","embeddable":true,"href":"https:\/\/focotocantinense.com.br\/index.php?rest_route=%2Fwp%2Fv2%2Ftags&post=5254"}],"curies":[{"name":"wp","href":"https:\/\/api.w.org\/{rel}","templated":true}]}}