{"id":5241,"date":"2023-06-24T17:27:08","date_gmt":"2023-06-24T20:27:08","guid":{"rendered":"https:\/\/focotocantinense.com.br\/?p=5241"},"modified":"2023-06-24T17:27:55","modified_gmt":"2023-06-24T20:27:55","slug":"vereador-romivaldo-martins-e-secretario-da-agricultura-realizam-entrega-de-kits-de-hortalicas-do-programa-mesa-farta-em-lagoa-da-confusao","status":"publish","type":"post","link":"https:\/\/focotocantinense.com.br\/?p=5241","title":{"rendered":"Vereador Romivaldo Martins e Secret\u00e1rio da Agricultura realizam entrega de kits de hortali\u00e7as do Programa Mesa Farta em Lagoa da Confus\u00e3o"},"content":{"rendered":"\n<p>Na \u00faltima ter\u00e7a-feira, 20\/06, o Vereador Romivaldo Martins, representante da C\u00e2mara Municipal de Lagoa da Confus\u00e3o, juntamente com o Secret\u00e1rio da Agricultura e Pecu\u00e1ria do Estado do Tocantins, Jaime Caf\u00e9, marcaram presen\u00e7a na IFTO de Lagoa da Confus\u00e3o para a entrega dos kits de hortali\u00e7as do Programa Mesa Farta aos agricultores familiares do munic\u00edpio.<\/p>\n\n\n\n<p>Com o intuito de fortalecer a agricultura familiar e incentivar a produ\u00e7\u00e3o local de alimentos saud\u00e1veis, o Programa Mesa Farta tem desempenhado um papel fundamental na promo\u00e7\u00e3o da seguran\u00e7a alimentar e no desenvolvimento rural sustent\u00e1vel. Os kits de hortali\u00e7as s\u00e3o compostos por sementes, mudas e insumos necess\u00e1rios para a implanta\u00e7\u00e3o de hortas familiares, garantindo o acesso dos agricultores a recursos e conhecimentos t\u00e9cnicos.<\/p>\n\n\n\n<p>Durante a entrega, o Vereador Romivaldo Martins destacou a import\u00e2ncia do programa para os agricultores familiares do munic\u00edpio. &#8220;O Programa Mesa Farta \u00e9 uma iniciativa essencial para o fortalecimento da agricultura familiar em nossa regi\u00e3o. A entrega desses kits de hortali\u00e7as representa um apoio significativo aos nossos agricultores, contribuindo para o aumento da produ\u00e7\u00e3o local e para a oferta de alimentos de qualidade para a popula\u00e7\u00e3o&#8221;, ressaltou o vereador.<\/p>\n\n\n\n<p>O Secret\u00e1rio da Agricultura e Pecu\u00e1ria, Jaime Caf\u00e9, refor\u00e7ou o compromisso do governo estadual em apoiar os agricultores familiares. &#8220;O Programa Mesa Farta \u00e9 uma das a\u00e7\u00f5es do governo para incentivar a produ\u00e7\u00e3o agr\u00edcola sustent\u00e1vel e garantir o abastecimento de alimentos em todo o estado. Estamos felizes em poder entregar esses kits aos agricultores de Lagoa da Confus\u00e3o, promovendo o desenvolvimento rural e a gera\u00e7\u00e3o de renda para as fam\u00edlias&#8221;, afirmou o secret\u00e1rio.<\/p>\n\n\n\n<p>Os agricultores familiares presentes no evento expressaram sua gratid\u00e3o pela oportunidade de participar do Programa Mesa Farta e receber os kits de hortali\u00e7as. Eles destacaram a import\u00e2ncia desse apoio para ampliar a produ\u00e7\u00e3o e diversificar os cultivos, o que contribui para a melhoria da qualidade de vida no campo e o fortalecimento da economia local.<\/p>\n\n\n\n<p>Com a entrega dos kits de hortali\u00e7as, os agricultores de Lagoa da Confus\u00e3o t\u00eam a oportunidade de expandir suas atividades agr\u00edcolas, garantindo uma alimenta\u00e7\u00e3o mais saud\u00e1vel para suas fam\u00edlias e para toda a comunidade. O programa, aliado ao esfor\u00e7o conjunto dos Vereadores de Lagoa da Confus\u00e3o e do Secret\u00e1rio Jaime Caf\u00e9, visa promover o desenvolvimento sustent\u00e1vel do munic\u00edpio e o bem-estar dos agricultores familiares.<\/p>\n\n\n\n<figure class=\"wp-block-image size-full is-resized\"><img loading=\"lazy\" decoding=\"async\" src=\"https:\/\/focotocantinense.com.br\/wp-content\/uploads\/2023\/06\/Sem-titulo-7.jpg\" alt=\"\" class=\"wp-image-5242\" width=\"838\" height=\"435\" srcset=\"https:\/\/focotocantinense.com.br\/wp-content\/uploads\/2023\/06\/Sem-titulo-7.jpg 761w, https:\/\/focotocantinense.com.br\/wp-content\/uploads\/2023\/06\/Sem-titulo-7-300x156.jpg 300w\" sizes=\"auto, (max-width: 838px) 100vw, 838px\" \/><\/figure>\n\n\n\n<figure class=\"wp-block-image size-full is-resized\"><img loading=\"lazy\" decoding=\"async\" src=\"https:\/\/focotocantinense.com.br\/wp-content\/uploads\/2023\/06\/VINI-4.jpg\" alt=\"\" class=\"wp-image-5245\" width=\"841\" height=\"254\" srcset=\"https:\/\/focotocantinense.com.br\/wp-content\/uploads\/2023\/06\/VINI-4.jpg 640w, https:\/\/focotocantinense.com.br\/wp-content\/uploads\/2023\/06\/VINI-4-300x90.jpg 300w\" sizes=\"auto, (max-width: 841px) 100vw, 841px\" \/><\/figure>\n\n\n\n<p><\/p>\n\n\n\n<figure class=\"wp-block-image size-large is-resized\"><img loading=\"lazy\" decoding=\"async\" src=\"https:\/\/focotocantinense.com.br\/wp-content\/uploads\/2023\/06\/5215c382-74e8-4be1-ae0e-821dde0eaaee-8-576x1024.jpg\" alt=\"\" class=\"wp-image-5243\" width=\"839\" height=\"1492\" srcset=\"https:\/\/focotocantinense.com.br\/wp-content\/uploads\/2023\/06\/5215c382-74e8-4be1-ae0e-821dde0eaaee-8-576x1024.jpg 576w, https:\/\/focotocantinense.com.br\/wp-content\/uploads\/2023\/06\/5215c382-74e8-4be1-ae0e-821dde0eaaee-8-169x300.jpg 169w, https:\/\/focotocantinense.com.br\/wp-content\/uploads\/2023\/06\/5215c382-74e8-4be1-ae0e-821dde0eaaee-8-768x1365.jpg 768w, https:\/\/focotocantinense.com.br\/wp-content\/uploads\/2023\/06\/5215c382-74e8-4be1-ae0e-821dde0eaaee-8-864x1536.jpg 864w, https:\/\/focotocantinense.com.br\/wp-content\/uploads\/2023\/06\/5215c382-74e8-4be1-ae0e-821dde0eaaee-8.jpg 900w\" sizes=\"auto, (max-width: 839px) 100vw, 839px\" \/><\/figure>\n","protected":false},"excerpt":{"rendered":"<p>Na \u00faltima ter\u00e7a-feira, 20\/06, o Vereador Romivaldo Martins, representante da C\u00e2mara Municipal de Lagoa da Confus\u00e3o, juntamente com o Secret\u00e1rio da Agricultura e Pecu\u00e1ria do Estado do Tocantins, Jaime Caf\u00e9, marcaram presen\u00e7a na IFTO de Lagoa da Confus\u00e3o para a entrega dos kits de hortali\u00e7as do Programa Mesa Farta aos agricultores familiares do munic\u00edpio. Com &hellip;<\/p>\n","protected":false},"author":5,"featured_media":5242,"comment_status":"open","ping_status":"open","sticky":false,"template":"","format":"standard","meta":{"footnotes":""},"categories":[71],"tags":[],"class_list":["post-5241","post","type-post","status-publish","format-standard","has-post-thumbnail","","category-lagoa-da-confusao"],"_links":{"self":[{"href":"https:\/\/focotocantinense.com.br\/index.php?rest_route=\/wp\/v2\/posts\/5241","targetHints":{"allow":["GET"]}}],"collection":[{"href":"https:\/\/focotocantinense.com.br\/index.php?rest_route=\/wp\/v2\/posts"}],"about":[{"href":"https:\/\/focotocantinense.com.br\/index.php?rest_route=\/wp\/v2\/types\/post"}],"author":[{"embeddable":true,"href":"https:\/\/focotocantinense.com.br\/index.php?rest_route=\/wp\/v2\/users\/5"}],"replies":[{"embeddable":true,"href":"https:\/\/focotocantinense.com.br\/index.php?rest_route=%2Fwp%2Fv2%2Fcomments&post=5241"}],"version-history":[{"count":2,"href":"https:\/\/focotocantinense.com.br\/index.php?rest_route=\/wp\/v2\/posts\/5241\/revisions"}],"predecessor-version":[{"id":5247,"href":"https:\/\/focotocantinense.com.br\/index.php?rest_route=\/wp\/v2\/posts\/5241\/revisions\/5247"}],"wp:featuredmedia":[{"embeddable":true,"href":"https:\/\/focotocantinense.com.br\/index.php?rest_route=\/wp\/v2\/media\/5242"}],"wp:attachment":[{"href":"https:\/\/focotocantinense.com.br\/index.php?rest_route=%2Fwp%2Fv2%2Fmedia&parent=5241"}],"wp:term":[{"taxonomy":"category","embeddable":true,"href":"https:\/\/focotocantinense.com.br\/index.php?rest_route=%2Fwp%2Fv2%2Fcategories&post=5241"},{"taxonomy":"post_tag","embeddable":true,"href":"https:\/\/focotocantinense.com.br\/index.php?rest_route=%2Fwp%2Fv2%2Ftags&post=5241"}],"curies":[{"name":"wp","href":"https:\/\/api.w.org\/{rel}","templated":true}]}}