{"id":5212,"date":"2023-06-23T18:37:20","date_gmt":"2023-06-23T21:37:20","guid":{"rendered":"https:\/\/focotocantinense.com.br\/?p=5212"},"modified":"2023-06-24T11:49:59","modified_gmt":"2023-06-24T14:49:59","slug":"coletaneas-do-projeto-leitura-viva-sao-lancadas-com-sucesso-em-tocantinia","status":"publish","type":"post","link":"https:\/\/focotocantinense.com.br\/?p=5212","title":{"rendered":"Colet\u00e2neas do Projeto Leitura Viva s\u00e3o lan\u00e7adas com sucesso em Tocant\u00ednia"},"content":{"rendered":"\n<p><strong>Por Leontina Martins<\/strong><\/p>\n\n\n\n<p><strong>Fotos: Edvaldo Xerente\/Ascom<\/strong><\/p>\n\n\n\n<p>Numa noite memor\u00e1vel, a Prefeitura de Tocant\u00ednia, por meio da Secretaria Municipal de Educa\u00e7\u00e3o (Semed), realizou na noite&nbsp; de quinta-feira (22), o lan\u00e7amento oficial de duas colet\u00e2neas liter\u00e1rias, com&nbsp; obras&nbsp; de alunos da Rede Municipal de Educa\u00e7\u00e3o. As obras integram o Projeto Leitura Viva, que visa estimular o h\u00e1bito salutar&nbsp; da leitura e da produ\u00e7\u00e3o textual, bem como, &nbsp;despertar a autoestima &nbsp;dos alunos. Essa j\u00e1 \u00e9 a terceira edi\u00e7\u00e3o desta iniciativa.<\/p>\n\n\n\n<p>O evento aconteceu na quadra de esportes coberta da Escola Municipal de Tempo Integral Benvindo Souza Luz,&nbsp; &nbsp;e contou com a participa\u00e7\u00e3o de um expressivo p\u00fablico, a maioria, formada&nbsp; por familiares dos pequenos autores, que se transformaram em verdadeiras celebridades durante essa noite festiva e foram bastante aplaudidos.<\/p>\n\n\n\n<p>Al\u00e9m de homenagear &nbsp;os escritores mirins de Tocant\u00ednia, esse evento&nbsp; buscou&nbsp; reconhecer o trabalho dos profissionais da Educa\u00e7\u00e3o, em especial, dos professores que trabalharam no projeto Leitura Viva no decorrer de &nbsp;um ano.<\/p>\n\n\n\n<p><strong>Evento prestigiado<\/strong><\/p>\n\n\n\n<p>Al\u00e9m de autoridades locais, como o vice-prefeito Jo\u00e3o Alberto Coelho Machado, representando o prefeito Manoel&nbsp; Silvino Neto, que n\u00e3o p\u00f4de comparecer ao evento, marcaram presen\u00e7a nessa noite liter\u00e1ria, o&nbsp; Secret\u00e1rio-Executivo da &nbsp;a ACALANTO \u2013 Academia de Letras de&nbsp; Aragua\u00edna, o escritor Eudis Queiroz, bem como, o escritor Ant\u00f4nio Teles, presidente da &nbsp;Academia de Letras de Para\u00edso do Tocantins, o presidente da C\u00e2mara Municipal de Tocant\u00ednia,  vereador Sergio Caldeira, do secret\u00e1rio de Assuntos Ind\u00edgenas, Kleber Xerente, e do secret\u00e1rio de Juventude e Esportes, Adalto de Oliveira<\/p>\n\n\n\n<p><strong>Novos&nbsp; autores<\/strong><\/p>\n\n\n\n<p>O secret\u00e1rio de Educa\u00e7\u00e3o de Tocant\u00ednia, o professor e poeta Andr\u00e9 Goveia, deu as boas-vindas a&nbsp; todos os presentes e destacou a criatividade dos alunos que, agora, passam a integrar o seleto grupo de escritores, tendo seus trabalhos, tanto em desenho, quanto em texto, registrados com destaque nos anais da produ\u00e7\u00e3o liter\u00e1ria da cidade.<\/p>\n\n\n\n<p><strong>Inspira\u00e7\u00e3o<\/strong><\/p>\n\n\n\n<p>Goveia enfatizou, ainda, que o Projeto Leitura Viva, colocado em pr\u00e1tica por uma aguerrida equipe da Secretaria Municipal&nbsp; de Educa\u00e7\u00e3o, &nbsp;colhe resultados positivos&nbsp; desse trabalho, que culmina, agora, com a publica\u00e7\u00e3o dessas duas obras dos alunos e j\u00e1 servindo de inspira\u00e7\u00e3o para os \u00f3rg\u00e3os de Educa\u00e7\u00e3o de outras cidades tocantinenses.<\/p>\n\n\n\n<p>Por fim, o secret\u00e1rio Andr\u00e9 Goveia agradeceu o apoio&nbsp; que vem recebendo por parte do prefeito Manoel Silvino e que, segundo ele, vem lhe dando condi\u00e7\u00f5es para desenvolver um bom trabalho, cujo objetivo maior \u00e9 oferecer \u00e0 comunidade tocantiniense uma&nbsp; Educa\u00e7\u00e3o p\u00fablica de&nbsp; excel\u00eancia.<\/p>\n\n\n\n<p><strong>Papel fundamental<\/strong><\/p>\n\n\n\n<p>O vice-prefeito de Tocant\u00ednia,&nbsp; Jo\u00e3o Alberto Coelho Machado, no seu discurso, destacou o papel fundamental da Secretaria Municipal de Educa\u00e7\u00e3o na forma\u00e7\u00e3o da personalidade dos alunos, lembrando que&nbsp; por meio do Projeto Leitura Viva, o secret\u00e1rio Andr\u00e9 Goveia e sua equipe, vem&nbsp;&nbsp;se destacado&nbsp; em obter excelentes resultados junto aos aluno.  &#8220;O lan\u00e7amento do livro dos alunos \u00e9 um incentivo significativo para a forma\u00e7\u00e3o de novos escritores, fortalecendo a educa\u00e7\u00e3o do munic\u00edpio e disseminando a literatura local, al\u00e9m de colocar a cidade no rol da elite liter\u00e1ria com mais de trezentos alunos escritores&#8221;, asseverou o vice-prefeito Jo\u00e3o Alberto.<\/p>\n\n\n\n<figure class=\"wp-block-image size-large\"><img loading=\"lazy\" decoding=\"async\" width=\"1024\" height=\"669\" src=\"https:\/\/focotocantinense.com.br\/wp-content\/uploads\/2023\/06\/11-Lancamento-da-Coletanea-Literaria-do-Projeto-Leitura-Viva-de-Tocantinia-1024x669.jpg\" alt=\"\" class=\"wp-image-5228\" srcset=\"https:\/\/focotocantinense.com.br\/wp-content\/uploads\/2023\/06\/11-Lancamento-da-Coletanea-Literaria-do-Projeto-Leitura-Viva-de-Tocantinia-1024x669.jpg 1024w, https:\/\/focotocantinense.com.br\/wp-content\/uploads\/2023\/06\/11-Lancamento-da-Coletanea-Literaria-do-Projeto-Leitura-Viva-de-Tocantinia-300x196.jpg 300w, https:\/\/focotocantinense.com.br\/wp-content\/uploads\/2023\/06\/11-Lancamento-da-Coletanea-Literaria-do-Projeto-Leitura-Viva-de-Tocantinia-768x502.jpg 768w, https:\/\/focotocantinense.com.br\/wp-content\/uploads\/2023\/06\/11-Lancamento-da-Coletanea-Literaria-do-Projeto-Leitura-Viva-de-Tocantinia-1536x1003.jpg 1536w, https:\/\/focotocantinense.com.br\/wp-content\/uploads\/2023\/06\/11-Lancamento-da-Coletanea-Literaria-do-Projeto-Leitura-Viva-de-Tocantinia.jpg 1600w\" sizes=\"auto, (max-width: 1024px) 100vw, 1024px\" \/><\/figure>\n\n\n\n<figure class=\"wp-block-image size-large\"><img loading=\"lazy\" decoding=\"async\" width=\"1024\" height=\"697\" src=\"https:\/\/focotocantinense.com.br\/wp-content\/uploads\/2023\/06\/2-Lancamento-da-Coletanea-Literaria-do-Projeto-Leitura-Vibva-de-Tocantinia-1024x697.jpg\" alt=\"\" class=\"wp-image-5221\" srcset=\"https:\/\/focotocantinense.com.br\/wp-content\/uploads\/2023\/06\/2-Lancamento-da-Coletanea-Literaria-do-Projeto-Leitura-Vibva-de-Tocantinia-1024x697.jpg 1024w, https:\/\/focotocantinense.com.br\/wp-content\/uploads\/2023\/06\/2-Lancamento-da-Coletanea-Literaria-do-Projeto-Leitura-Vibva-de-Tocantinia-300x204.jpg 300w, https:\/\/focotocantinense.com.br\/wp-content\/uploads\/2023\/06\/2-Lancamento-da-Coletanea-Literaria-do-Projeto-Leitura-Vibva-de-Tocantinia-768x523.jpg 768w, https:\/\/focotocantinense.com.br\/wp-content\/uploads\/2023\/06\/2-Lancamento-da-Coletanea-Literaria-do-Projeto-Leitura-Vibva-de-Tocantinia-1536x1045.jpg 1536w, https:\/\/focotocantinense.com.br\/wp-content\/uploads\/2023\/06\/2-Lancamento-da-Coletanea-Literaria-do-Projeto-Leitura-Vibva-de-Tocantinia-110x75.jpg 110w, https:\/\/focotocantinense.com.br\/wp-content\/uploads\/2023\/06\/2-Lancamento-da-Coletanea-Literaria-do-Projeto-Leitura-Vibva-de-Tocantinia.jpg 1600w\" sizes=\"auto, (max-width: 1024px) 100vw, 1024px\" \/><\/figure>\n\n\n\n<p><\/p>\n\n\n\n<figure class=\"wp-block-image size-large is-resized\"><img loading=\"lazy\" decoding=\"async\" src=\"https:\/\/focotocantinense.com.br\/wp-content\/uploads\/2023\/06\/PRINCIPAL-TOCANTINIA-Lancamento-da-Coletanea-Literaria-do-Projeto-Leitura-Viuva-de-Tocantinia-Foto-Edvaldo-Xerente-1024x411.jpg\" alt=\"\" class=\"wp-image-5213\" width=\"840\" height=\"337\" srcset=\"https:\/\/focotocantinense.com.br\/wp-content\/uploads\/2023\/06\/PRINCIPAL-TOCANTINIA-Lancamento-da-Coletanea-Literaria-do-Projeto-Leitura-Viuva-de-Tocantinia-Foto-Edvaldo-Xerente-1024x411.jpg 1024w, https:\/\/focotocantinense.com.br\/wp-content\/uploads\/2023\/06\/PRINCIPAL-TOCANTINIA-Lancamento-da-Coletanea-Literaria-do-Projeto-Leitura-Viuva-de-Tocantinia-Foto-Edvaldo-Xerente-300x120.jpg 300w, https:\/\/focotocantinense.com.br\/wp-content\/uploads\/2023\/06\/PRINCIPAL-TOCANTINIA-Lancamento-da-Coletanea-Literaria-do-Projeto-Leitura-Viuva-de-Tocantinia-Foto-Edvaldo-Xerente-768x308.jpg 768w, https:\/\/focotocantinense.com.br\/wp-content\/uploads\/2023\/06\/PRINCIPAL-TOCANTINIA-Lancamento-da-Coletanea-Literaria-do-Projeto-Leitura-Viuva-de-Tocantinia-Foto-Edvaldo-Xerente.jpg 1051w\" sizes=\"auto, (max-width: 840px) 100vw, 840px\" \/><\/figure>\n\n\n\n<figure class=\"wp-block-image size-large\"><img loading=\"lazy\" decoding=\"async\" width=\"1024\" height=\"735\" src=\"https:\/\/focotocantinense.com.br\/wp-content\/uploads\/2023\/06\/3-Lancamento-da-Coletanea-Literaria-do-Projeto-Leitura-Vibva-de-Tocantinia-1024x735.jpg\" alt=\"\" class=\"wp-image-5214\" srcset=\"https:\/\/focotocantinense.com.br\/wp-content\/uploads\/2023\/06\/3-Lancamento-da-Coletanea-Literaria-do-Projeto-Leitura-Vibva-de-Tocantinia-1024x735.jpg 1024w, https:\/\/focotocantinense.com.br\/wp-content\/uploads\/2023\/06\/3-Lancamento-da-Coletanea-Literaria-do-Projeto-Leitura-Vibva-de-Tocantinia-300x215.jpg 300w, https:\/\/focotocantinense.com.br\/wp-content\/uploads\/2023\/06\/3-Lancamento-da-Coletanea-Literaria-do-Projeto-Leitura-Vibva-de-Tocantinia-768x552.jpg 768w, https:\/\/focotocantinense.com.br\/wp-content\/uploads\/2023\/06\/3-Lancamento-da-Coletanea-Literaria-do-Projeto-Leitura-Vibva-de-Tocantinia-1536x1103.jpg 1536w, https:\/\/focotocantinense.com.br\/wp-content\/uploads\/2023\/06\/3-Lancamento-da-Coletanea-Literaria-do-Projeto-Leitura-Vibva-de-Tocantinia.jpg 1600w\" sizes=\"auto, (max-width: 1024px) 100vw, 1024px\" \/><\/figure>\n\n\n\n<figure class=\"wp-block-image size-large\"><img loading=\"lazy\" decoding=\"async\" width=\"1024\" height=\"694\" src=\"https:\/\/focotocantinense.com.br\/wp-content\/uploads\/2023\/06\/4-Lancamento-da-Coletanea-Literaria-do-Projeto-Leitura-Vibva-de-Tocantinia-1024x694.jpg\" alt=\"\" class=\"wp-image-5215\" srcset=\"https:\/\/focotocantinense.com.br\/wp-content\/uploads\/2023\/06\/4-Lancamento-da-Coletanea-Literaria-do-Projeto-Leitura-Vibva-de-Tocantinia-1024x694.jpg 1024w, https:\/\/focotocantinense.com.br\/wp-content\/uploads\/2023\/06\/4-Lancamento-da-Coletanea-Literaria-do-Projeto-Leitura-Vibva-de-Tocantinia-300x203.jpg 300w, https:\/\/focotocantinense.com.br\/wp-content\/uploads\/2023\/06\/4-Lancamento-da-Coletanea-Literaria-do-Projeto-Leitura-Vibva-de-Tocantinia-768x521.jpg 768w, https:\/\/focotocantinense.com.br\/wp-content\/uploads\/2023\/06\/4-Lancamento-da-Coletanea-Literaria-do-Projeto-Leitura-Vibva-de-Tocantinia-1536x1042.jpg 1536w, https:\/\/focotocantinense.com.br\/wp-content\/uploads\/2023\/06\/4-Lancamento-da-Coletanea-Literaria-do-Projeto-Leitura-Vibva-de-Tocantinia-110x75.jpg 110w, https:\/\/focotocantinense.com.br\/wp-content\/uploads\/2023\/06\/4-Lancamento-da-Coletanea-Literaria-do-Projeto-Leitura-Vibva-de-Tocantinia.jpg 1600w\" sizes=\"auto, (max-width: 1024px) 100vw, 1024px\" \/><\/figure>\n\n\n\n<figure class=\"wp-block-image size-large\"><img loading=\"lazy\" decoding=\"async\" width=\"1024\" height=\"689\" src=\"https:\/\/focotocantinense.com.br\/wp-content\/uploads\/2023\/06\/5-Lancamento-da-Coletanea-Literaria-do-Projeto-Leitura-Viva-de-Tocantinia-1024x689.jpg\" alt=\"\" class=\"wp-image-5216\" srcset=\"https:\/\/focotocantinense.com.br\/wp-content\/uploads\/2023\/06\/5-Lancamento-da-Coletanea-Literaria-do-Projeto-Leitura-Viva-de-Tocantinia-1024x689.jpg 1024w, https:\/\/focotocantinense.com.br\/wp-content\/uploads\/2023\/06\/5-Lancamento-da-Coletanea-Literaria-do-Projeto-Leitura-Viva-de-Tocantinia-300x202.jpg 300w, https:\/\/focotocantinense.com.br\/wp-content\/uploads\/2023\/06\/5-Lancamento-da-Coletanea-Literaria-do-Projeto-Leitura-Viva-de-Tocantinia-768x516.jpg 768w, https:\/\/focotocantinense.com.br\/wp-content\/uploads\/2023\/06\/5-Lancamento-da-Coletanea-Literaria-do-Projeto-Leitura-Viva-de-Tocantinia-1536x1033.jpg 1536w, https:\/\/focotocantinense.com.br\/wp-content\/uploads\/2023\/06\/5-Lancamento-da-Coletanea-Literaria-do-Projeto-Leitura-Viva-de-Tocantinia-110x75.jpg 110w, https:\/\/focotocantinense.com.br\/wp-content\/uploads\/2023\/06\/5-Lancamento-da-Coletanea-Literaria-do-Projeto-Leitura-Viva-de-Tocantinia.jpg 1600w\" sizes=\"auto, (max-width: 1024px) 100vw, 1024px\" \/><\/figure>\n\n\n\n<figure class=\"wp-block-image size-large\"><img loading=\"lazy\" decoding=\"async\" width=\"1024\" height=\"682\" src=\"https:\/\/focotocantinense.com.br\/wp-content\/uploads\/2023\/06\/6-Lancamento-da-Coletanea-Literaria-do-Projeto-Leitura-Viva-de-Tocantinia-1024x682.jpg\" alt=\"\" class=\"wp-image-5217\" srcset=\"https:\/\/focotocantinense.com.br\/wp-content\/uploads\/2023\/06\/6-Lancamento-da-Coletanea-Literaria-do-Projeto-Leitura-Viva-de-Tocantinia-1024x682.jpg 1024w, https:\/\/focotocantinense.com.br\/wp-content\/uploads\/2023\/06\/6-Lancamento-da-Coletanea-Literaria-do-Projeto-Leitura-Viva-de-Tocantinia-300x200.jpg 300w, https:\/\/focotocantinense.com.br\/wp-content\/uploads\/2023\/06\/6-Lancamento-da-Coletanea-Literaria-do-Projeto-Leitura-Viva-de-Tocantinia-768x512.jpg 768w, https:\/\/focotocantinense.com.br\/wp-content\/uploads\/2023\/06\/6-Lancamento-da-Coletanea-Literaria-do-Projeto-Leitura-Viva-de-Tocantinia-1536x1023.jpg 1536w, https:\/\/focotocantinense.com.br\/wp-content\/uploads\/2023\/06\/6-Lancamento-da-Coletanea-Literaria-do-Projeto-Leitura-Viva-de-Tocantinia-310x205.jpg 310w, https:\/\/focotocantinense.com.br\/wp-content\/uploads\/2023\/06\/6-Lancamento-da-Coletanea-Literaria-do-Projeto-Leitura-Viva-de-Tocantinia.jpg 1600w\" sizes=\"auto, (max-width: 1024px) 100vw, 1024px\" \/><\/figure>\n\n\n\n<figure class=\"wp-block-image size-large\"><img loading=\"lazy\" decoding=\"async\" width=\"1024\" height=\"703\" src=\"https:\/\/focotocantinense.com.br\/wp-content\/uploads\/2023\/06\/7-Lancamento-da-Coletanea-Literaria-do-Projeto-Leitura-Viva-de-Tocantinia-1024x703.jpg\" alt=\"\" class=\"wp-image-5218\" srcset=\"https:\/\/focotocantinense.com.br\/wp-content\/uploads\/2023\/06\/7-Lancamento-da-Coletanea-Literaria-do-Projeto-Leitura-Viva-de-Tocantinia-1024x703.jpg 1024w, https:\/\/focotocantinense.com.br\/wp-content\/uploads\/2023\/06\/7-Lancamento-da-Coletanea-Literaria-do-Projeto-Leitura-Viva-de-Tocantinia-300x206.jpg 300w, https:\/\/focotocantinense.com.br\/wp-content\/uploads\/2023\/06\/7-Lancamento-da-Coletanea-Literaria-do-Projeto-Leitura-Viva-de-Tocantinia-768x527.jpg 768w, https:\/\/focotocantinense.com.br\/wp-content\/uploads\/2023\/06\/7-Lancamento-da-Coletanea-Literaria-do-Projeto-Leitura-Viva-de-Tocantinia-1536x1054.jpg 1536w, https:\/\/focotocantinense.com.br\/wp-content\/uploads\/2023\/06\/7-Lancamento-da-Coletanea-Literaria-do-Projeto-Leitura-Viva-de-Tocantinia-110x75.jpg 110w, https:\/\/focotocantinense.com.br\/wp-content\/uploads\/2023\/06\/7-Lancamento-da-Coletanea-Literaria-do-Projeto-Leitura-Viva-de-Tocantinia.jpg 1600w\" sizes=\"auto, (max-width: 1024px) 100vw, 1024px\" \/><\/figure>\n\n\n\n<figure class=\"wp-block-image size-large\"><img loading=\"lazy\" decoding=\"async\" width=\"1024\" height=\"710\" src=\"https:\/\/focotocantinense.com.br\/wp-content\/uploads\/2023\/06\/10-Lancamento-da-Coletanea-Literaria-do-Projeto-Leitura-Viva-de-Tocantinia-1024x710.jpg\" alt=\"\" class=\"wp-image-5219\" srcset=\"https:\/\/focotocantinense.com.br\/wp-content\/uploads\/2023\/06\/10-Lancamento-da-Coletanea-Literaria-do-Projeto-Leitura-Viva-de-Tocantinia-1024x710.jpg 1024w, https:\/\/focotocantinense.com.br\/wp-content\/uploads\/2023\/06\/10-Lancamento-da-Coletanea-Literaria-do-Projeto-Leitura-Viva-de-Tocantinia-300x208.jpg 300w, https:\/\/focotocantinense.com.br\/wp-content\/uploads\/2023\/06\/10-Lancamento-da-Coletanea-Literaria-do-Projeto-Leitura-Viva-de-Tocantinia-768x533.jpg 768w, https:\/\/focotocantinense.com.br\/wp-content\/uploads\/2023\/06\/10-Lancamento-da-Coletanea-Literaria-do-Projeto-Leitura-Viva-de-Tocantinia-1536x1066.jpg 1536w, https:\/\/focotocantinense.com.br\/wp-content\/uploads\/2023\/06\/10-Lancamento-da-Coletanea-Literaria-do-Projeto-Leitura-Viva-de-Tocantinia-110x75.jpg 110w, https:\/\/focotocantinense.com.br\/wp-content\/uploads\/2023\/06\/10-Lancamento-da-Coletanea-Literaria-do-Projeto-Leitura-Viva-de-Tocantinia.jpg 1600w\" sizes=\"auto, (max-width: 1024px) 100vw, 1024px\" \/><\/figure>\n\n\n\n<figure class=\"wp-block-image size-large\"><img loading=\"lazy\" decoding=\"async\" width=\"1024\" height=\"682\" src=\"https:\/\/focotocantinense.com.br\/wp-content\/uploads\/2023\/06\/9-Lancamento-da-Coletanea-Literaria-do-Projeto-Leitura-Viva-de-Tocantinia-1024x682.jpg\" alt=\"\" class=\"wp-image-5224\" srcset=\"https:\/\/focotocantinense.com.br\/wp-content\/uploads\/2023\/06\/9-Lancamento-da-Coletanea-Literaria-do-Projeto-Leitura-Viva-de-Tocantinia-1024x682.jpg 1024w, https:\/\/focotocantinense.com.br\/wp-content\/uploads\/2023\/06\/9-Lancamento-da-Coletanea-Literaria-do-Projeto-Leitura-Viva-de-Tocantinia-300x200.jpg 300w, https:\/\/focotocantinense.com.br\/wp-content\/uploads\/2023\/06\/9-Lancamento-da-Coletanea-Literaria-do-Projeto-Leitura-Viva-de-Tocantinia-768x512.jpg 768w, https:\/\/focotocantinense.com.br\/wp-content\/uploads\/2023\/06\/9-Lancamento-da-Coletanea-Literaria-do-Projeto-Leitura-Viva-de-Tocantinia-1536x1023.jpg 1536w, https:\/\/focotocantinense.com.br\/wp-content\/uploads\/2023\/06\/9-Lancamento-da-Coletanea-Literaria-do-Projeto-Leitura-Viva-de-Tocantinia-310x205.jpg 310w, https:\/\/focotocantinense.com.br\/wp-content\/uploads\/2023\/06\/9-Lancamento-da-Coletanea-Literaria-do-Projeto-Leitura-Viva-de-Tocantinia.jpg 1600w\" sizes=\"auto, (max-width: 1024px) 100vw, 1024px\" \/><\/figure>\n\n\n\n<figure class=\"wp-block-image size-large\"><img loading=\"lazy\" decoding=\"async\" width=\"1024\" height=\"714\" src=\"https:\/\/focotocantinense.com.br\/wp-content\/uploads\/2023\/06\/12-Lancamento-da-Coletanea-Literaria-do-Projeto-Leitura-Viva-de-Tocantinia-1024x714.jpg\" alt=\"\" class=\"wp-image-5231\" srcset=\"https:\/\/focotocantinense.com.br\/wp-content\/uploads\/2023\/06\/12-Lancamento-da-Coletanea-Literaria-do-Projeto-Leitura-Viva-de-Tocantinia-1024x714.jpg 1024w, https:\/\/focotocantinense.com.br\/wp-content\/uploads\/2023\/06\/12-Lancamento-da-Coletanea-Literaria-do-Projeto-Leitura-Viva-de-Tocantinia-300x209.jpg 300w, https:\/\/focotocantinense.com.br\/wp-content\/uploads\/2023\/06\/12-Lancamento-da-Coletanea-Literaria-do-Projeto-Leitura-Viva-de-Tocantinia-768x535.jpg 768w, https:\/\/focotocantinense.com.br\/wp-content\/uploads\/2023\/06\/12-Lancamento-da-Coletanea-Literaria-do-Projeto-Leitura-Viva-de-Tocantinia-1536x1070.jpg 1536w, https:\/\/focotocantinense.com.br\/wp-content\/uploads\/2023\/06\/12-Lancamento-da-Coletanea-Literaria-do-Projeto-Leitura-Viva-de-Tocantinia.jpg 1600w\" sizes=\"auto, (max-width: 1024px) 100vw, 1024px\" \/><\/figure>\n\n\n\n<figure class=\"wp-block-image size-large\"><img loading=\"lazy\" decoding=\"async\" width=\"1024\" height=\"669\" src=\"https:\/\/focotocantinense.com.br\/wp-content\/uploads\/2023\/06\/11-Lancamento-da-Coletanea-Literaria-do-Projeto-Leitura-Viva-de-Tocantinia-1-1024x669.jpg\" alt=\"\" class=\"wp-image-5232\" srcset=\"https:\/\/focotocantinense.com.br\/wp-content\/uploads\/2023\/06\/11-Lancamento-da-Coletanea-Literaria-do-Projeto-Leitura-Viva-de-Tocantinia-1-1024x669.jpg 1024w, https:\/\/focotocantinense.com.br\/wp-content\/uploads\/2023\/06\/11-Lancamento-da-Coletanea-Literaria-do-Projeto-Leitura-Viva-de-Tocantinia-1-300x196.jpg 300w, https:\/\/focotocantinense.com.br\/wp-content\/uploads\/2023\/06\/11-Lancamento-da-Coletanea-Literaria-do-Projeto-Leitura-Viva-de-Tocantinia-1-768x502.jpg 768w, https:\/\/focotocantinense.com.br\/wp-content\/uploads\/2023\/06\/11-Lancamento-da-Coletanea-Literaria-do-Projeto-Leitura-Viva-de-Tocantinia-1-1536x1003.jpg 1536w, https:\/\/focotocantinense.com.br\/wp-content\/uploads\/2023\/06\/11-Lancamento-da-Coletanea-Literaria-do-Projeto-Leitura-Viva-de-Tocantinia-1.jpg 1600w\" sizes=\"auto, (max-width: 1024px) 100vw, 1024px\" \/><\/figure>\n","protected":false},"excerpt":{"rendered":"<p>Por Leontina Martins Fotos: Edvaldo Xerente\/Ascom Numa noite memor\u00e1vel, a Prefeitura de Tocant\u00ednia, por meio da Secretaria Municipal de Educa\u00e7\u00e3o (Semed), realizou na noite&nbsp; de quinta-feira (22), o lan\u00e7amento oficial de duas colet\u00e2neas liter\u00e1rias, com&nbsp; obras&nbsp; de alunos da Rede Municipal de Educa\u00e7\u00e3o. As obras integram o Projeto Leitura Viva, que visa estimular o h\u00e1bito &hellip;<\/p>\n","protected":false},"author":5,"featured_media":5228,"comment_status":"open","ping_status":"open","sticky":false,"template":"","format":"standard","meta":{"footnotes":""},"categories":[78],"tags":[],"class_list":["post-5212","post","type-post","status-publish","format-standard","has-post-thumbnail","","category-tocantinia"],"_links":{"self":[{"href":"https:\/\/focotocantinense.com.br\/index.php?rest_route=\/wp\/v2\/posts\/5212","targetHints":{"allow":["GET"]}}],"collection":[{"href":"https:\/\/focotocantinense.com.br\/index.php?rest_route=\/wp\/v2\/posts"}],"about":[{"href":"https:\/\/focotocantinense.com.br\/index.php?rest_route=\/wp\/v2\/types\/post"}],"author":[{"embeddable":true,"href":"https:\/\/focotocantinense.com.br\/index.php?rest_route=\/wp\/v2\/users\/5"}],"replies":[{"embeddable":true,"href":"https:\/\/focotocantinense.com.br\/index.php?rest_route=%2Fwp%2Fv2%2Fcomments&post=5212"}],"version-history":[{"count":10,"href":"https:\/\/focotocantinense.com.br\/index.php?rest_route=\/wp\/v2\/posts\/5212\/revisions"}],"predecessor-version":[{"id":5240,"href":"https:\/\/focotocantinense.com.br\/index.php?rest_route=\/wp\/v2\/posts\/5212\/revisions\/5240"}],"wp:featuredmedia":[{"embeddable":true,"href":"https:\/\/focotocantinense.com.br\/index.php?rest_route=\/wp\/v2\/media\/5228"}],"wp:attachment":[{"href":"https:\/\/focotocantinense.com.br\/index.php?rest_route=%2Fwp%2Fv2%2Fmedia&parent=5212"}],"wp:term":[{"taxonomy":"category","embeddable":true,"href":"https:\/\/focotocantinense.com.br\/index.php?rest_route=%2Fwp%2Fv2%2Fcategories&post=5212"},{"taxonomy":"post_tag","embeddable":true,"href":"https:\/\/focotocantinense.com.br\/index.php?rest_route=%2Fwp%2Fv2%2Ftags&post=5212"}],"curies":[{"name":"wp","href":"https:\/\/api.w.org\/{rel}","templated":true}]}}