{"id":5184,"date":"2023-06-21T19:19:22","date_gmt":"2023-06-21T22:19:22","guid":{"rendered":"https:\/\/focotocantinense.com.br\/?p=5184"},"modified":"2023-06-21T20:02:30","modified_gmt":"2023-06-21T23:02:30","slug":"escola-municipal-professor-constantino-pedro-de-castro-realiza-a-culminancia-do-projeto-leitura-viva-em-tocantinia","status":"publish","type":"post","link":"https:\/\/focotocantinense.com.br\/?p=5184","title":{"rendered":"Escola Municipal Professor Constantino Pedro de Castro realiza a culmin\u00e2ncia do Projeto Leitura Viva, em Tocant\u00ednia"},"content":{"rendered":"\n<p><strong>Por Zacarias Martins<\/strong><\/p>\n\n\n\n<p>Integrante da Rede Municipal de Educa\u00e7\u00e3o de Tocant\u00ednia, a &nbsp;Escola Municipal Professor Constantino Pedro de Castro realizou nesta quarta-feira, &nbsp;dia 21, &nbsp;a culmin\u00e2ncia do Projeto Leitura Viva do segundo &nbsp;bimestre, tendo como tem\u00e1tica \u201c<strong><em>Minha regi\u00e3o<\/em><\/strong>\u201d.<\/p>\n\n\n\n<p>Prestigiaram o acontecimento os pais dos alunos e representantes da Secretaria Municipal de Educa\u00e7\u00e3o, &nbsp;a coordenadora do Projeto Leitura Viva, Rozilene Martins Louzeira e a&nbsp; coordenadora do Centro de Refer\u00eancia&nbsp; Projeto Leitura Viva Carmem L\u00facia Oliveira.<\/p>\n\n\n\n<p>As apresenta\u00e7\u00f5es foram realizadas de forma de stands, &nbsp;onde cada turma ficou respons\u00e1vel por um subtema, tendo sido&nbsp; &nbsp;organizada da seguinte forma:<\/p>\n\n\n\n<p><strong>Turmas do 1\u00b0 ano \u201cA\u201d e \u201cB\u201d &#8211;&nbsp;<\/strong>&nbsp;Pontos Hist\u00f3ricos e Tur\u00edsticos de Tocant\u00ednia, onde foi apresentado o poema &#8220;<strong><em>Minha Regi\u00e3o<\/em><\/strong>&#8221; e exposi\u00e7\u00e3o das fotos da visita aos pontos tur\u00edsticos e hist\u00f3ricos de Tocant\u00ednia e trabalhos realizados em sala. Os alunos tiveram o suporte das professoras Suzane Pereira e Eva L\u00facia Andrade.<\/p>\n\n\n\n<p><strong>Turma do 4\u00b0 ano<\/strong>&nbsp;&#8211; &nbsp;Festa Caipira com apresenta\u00e7\u00e3o de uma dan\u00e7a&nbsp; que ganhou coreografia da m\u00fasica \u201cOlha pro C\u00e9u\u201d, de Elba Ramalho \u201c.<\/p>\n\n\n\n<p><strong>Jornada Ampliada<\/strong>&nbsp;&#8211;&nbsp; Povos Ind\u00edgenas Akw\u1ebd Xerente, com a dan\u00e7a&nbsp; da Sucuri e exposi\u00e7\u00e3o dos objetos da cultura capim dourado e saia de palha, dentre outros objetos.<\/p>\n\n\n\n<p><strong>Turma<\/strong>&nbsp;do 2\u00b0 ano &#8211; &nbsp;Comidas T\u00edpicas de Tocant\u00ednia, onde os alunos &nbsp;realizaram exposi\u00e7\u00e3o de algumas &nbsp;iguarias t\u00edpicas do munic\u00edpio, como&nbsp; o cuscuz com ovo, pa\u00e7oca de carne de sol, bolo de arroz, bolo de milho temperado, galinhada com pequi, beiju, mandioca, feij\u00e3o de corda, ab\u00f3bora, fava e lim\u00e3o.<\/p>\n\n\n\n<p><strong>Turma do 5\u00b0 ano<\/strong>&nbsp;&#8211; Artistas Regionais. Nessa atividade, os alunos &nbsp;&nbsp;homenagearam&nbsp; o cantor L\u00e9o, &nbsp;da dupla L\u00e9o &amp; Nairon, contando a trajet\u00f3ria&nbsp; de vida do artista, &nbsp;que tamb\u00e9m foi homenageado quando os alunos cantaram a melodia \u201cAsa Branca\u201d, de Luiz Gonzaga, pois o forr\u00f3 \u00e9 o ritmo preferido de L\u00e9o. Finalizando a programa\u00e7\u00e3o, o cantor L\u00e9o, prestou uma singela homenagem \u00e0 Unidade Escolar, &nbsp;cantando e dan\u00e7ando, &nbsp;fazendo assim, &nbsp;a alegria dos alunos e convidados.<\/p>\n\n\n\n<p>A diretora da Escola Municipal Professor Constantino Pedro de Castro Jucilene Martins Louzeira, em seu pronunciamento, &nbsp;destacou a&nbsp; import\u00e2ncia do Projeto Leitura Viva no ensino e aprendizagem. Despertando de forma prazerosa&nbsp; o salutar h\u00e1bito de leitura,&nbsp; al\u00e9m de contribuir, tamb\u00e9m, para o surgimento&nbsp; de &nbsp;novos escritores tocantinienses.<\/p>\n\n\n\n<figure class=\"wp-block-image size-large\"><img loading=\"lazy\" decoding=\"async\" width=\"1024\" height=\"771\" src=\"https:\/\/focotocantinense.com.br\/wp-content\/uploads\/2023\/06\/5-Escola-Municipal-Professor-Constantino-Pedro-de-Castro-realiza-a-culminancia-do-Projeto-Leitura-Viva-em-Tocantinia-1024x771.jpg\" alt=\"\" class=\"wp-image-5200\" srcset=\"https:\/\/focotocantinense.com.br\/wp-content\/uploads\/2023\/06\/5-Escola-Municipal-Professor-Constantino-Pedro-de-Castro-realiza-a-culminancia-do-Projeto-Leitura-Viva-em-Tocantinia-1024x771.jpg 1024w, https:\/\/focotocantinense.com.br\/wp-content\/uploads\/2023\/06\/5-Escola-Municipal-Professor-Constantino-Pedro-de-Castro-realiza-a-culminancia-do-Projeto-Leitura-Viva-em-Tocantinia-300x226.jpg 300w, https:\/\/focotocantinense.com.br\/wp-content\/uploads\/2023\/06\/5-Escola-Municipal-Professor-Constantino-Pedro-de-Castro-realiza-a-culminancia-do-Projeto-Leitura-Viva-em-Tocantinia-768x578.jpg 768w, https:\/\/focotocantinense.com.br\/wp-content\/uploads\/2023\/06\/5-Escola-Municipal-Professor-Constantino-Pedro-de-Castro-realiza-a-culminancia-do-Projeto-Leitura-Viva-em-Tocantinia-1536x1156.jpg 1536w, https:\/\/focotocantinense.com.br\/wp-content\/uploads\/2023\/06\/5-Escola-Municipal-Professor-Constantino-Pedro-de-Castro-realiza-a-culminancia-do-Projeto-Leitura-Viva-em-Tocantinia.jpg 1600w\" sizes=\"auto, (max-width: 1024px) 100vw, 1024px\" \/><\/figure>\n\n\n\n<figure class=\"wp-block-image size-full\"><img loading=\"lazy\" decoding=\"async\" width=\"948\" height=\"523\" src=\"https:\/\/focotocantinense.com.br\/wp-content\/uploads\/2023\/06\/1-Escola-Municipal-Professor-Constantino-Pedro-de-Castro-realiza-a-culminancia-do-Projeto-Leitura-Viva-em-Tocantinia.jpg\" alt=\"\" class=\"wp-image-5197\" srcset=\"https:\/\/focotocantinense.com.br\/wp-content\/uploads\/2023\/06\/1-Escola-Municipal-Professor-Constantino-Pedro-de-Castro-realiza-a-culminancia-do-Projeto-Leitura-Viva-em-Tocantinia.jpg 948w, https:\/\/focotocantinense.com.br\/wp-content\/uploads\/2023\/06\/1-Escola-Municipal-Professor-Constantino-Pedro-de-Castro-realiza-a-culminancia-do-Projeto-Leitura-Viva-em-Tocantinia-300x166.jpg 300w, https:\/\/focotocantinense.com.br\/wp-content\/uploads\/2023\/06\/1-Escola-Municipal-Professor-Constantino-Pedro-de-Castro-realiza-a-culminancia-do-Projeto-Leitura-Viva-em-Tocantinia-768x424.jpg 768w\" sizes=\"auto, (max-width: 948px) 100vw, 948px\" \/><\/figure>\n\n\n\n<figure class=\"wp-block-image size-large\"><img loading=\"lazy\" decoding=\"async\" width=\"1024\" height=\"768\" src=\"https:\/\/focotocantinense.com.br\/wp-content\/uploads\/2023\/06\/2-Escola-Municipal-Professor-Constantino-Pedro-de-Castro-realiza-a-culminancia-do-Projeto-Leitura-Viva-em-Tocantinia-1024x768.jpg\" alt=\"\" class=\"wp-image-5196\" srcset=\"https:\/\/focotocantinense.com.br\/wp-content\/uploads\/2023\/06\/2-Escola-Municipal-Professor-Constantino-Pedro-de-Castro-realiza-a-culminancia-do-Projeto-Leitura-Viva-em-Tocantinia-1024x768.jpg 1024w, https:\/\/focotocantinense.com.br\/wp-content\/uploads\/2023\/06\/2-Escola-Municipal-Professor-Constantino-Pedro-de-Castro-realiza-a-culminancia-do-Projeto-Leitura-Viva-em-Tocantinia-300x225.jpg 300w, https:\/\/focotocantinense.com.br\/wp-content\/uploads\/2023\/06\/2-Escola-Municipal-Professor-Constantino-Pedro-de-Castro-realiza-a-culminancia-do-Projeto-Leitura-Viva-em-Tocantinia-768x576.jpg 768w, https:\/\/focotocantinense.com.br\/wp-content\/uploads\/2023\/06\/2-Escola-Municipal-Professor-Constantino-Pedro-de-Castro-realiza-a-culminancia-do-Projeto-Leitura-Viva-em-Tocantinia.jpg 1280w\" sizes=\"auto, (max-width: 1024px) 100vw, 1024px\" \/><\/figure>\n\n\n\n<figure class=\"wp-block-image size-large\"><img loading=\"lazy\" decoding=\"async\" width=\"1024\" height=\"771\" src=\"https:\/\/focotocantinense.com.br\/wp-content\/uploads\/2023\/06\/3-Escola-Municipal-Professor-Constantino-Pedro-de-Castro-realiza-a-culminancia-do-Projeto-Leitura-Viva-em-Tocantinia-1024x771.jpg\" alt=\"\" class=\"wp-image-5193\" srcset=\"https:\/\/focotocantinense.com.br\/wp-content\/uploads\/2023\/06\/3-Escola-Municipal-Professor-Constantino-Pedro-de-Castro-realiza-a-culminancia-do-Projeto-Leitura-Viva-em-Tocantinia-1024x771.jpg 1024w, https:\/\/focotocantinense.com.br\/wp-content\/uploads\/2023\/06\/3-Escola-Municipal-Professor-Constantino-Pedro-de-Castro-realiza-a-culminancia-do-Projeto-Leitura-Viva-em-Tocantinia-300x226.jpg 300w, https:\/\/focotocantinense.com.br\/wp-content\/uploads\/2023\/06\/3-Escola-Municipal-Professor-Constantino-Pedro-de-Castro-realiza-a-culminancia-do-Projeto-Leitura-Viva-em-Tocantinia-768x578.jpg 768w, https:\/\/focotocantinense.com.br\/wp-content\/uploads\/2023\/06\/3-Escola-Municipal-Professor-Constantino-Pedro-de-Castro-realiza-a-culminancia-do-Projeto-Leitura-Viva-em-Tocantinia-1536x1156.jpg 1536w, https:\/\/focotocantinense.com.br\/wp-content\/uploads\/2023\/06\/3-Escola-Municipal-Professor-Constantino-Pedro-de-Castro-realiza-a-culminancia-do-Projeto-Leitura-Viva-em-Tocantinia.jpg 1600w\" sizes=\"auto, (max-width: 1024px) 100vw, 1024px\" \/><\/figure>\n\n\n\n<figure class=\"wp-block-image size-large\"><img loading=\"lazy\" decoding=\"async\" width=\"1024\" height=\"768\" src=\"https:\/\/focotocantinense.com.br\/wp-content\/uploads\/2023\/06\/6-Escola-Municipal-Professor-Constantino-Pedro-de-Castro-realiza-a-culminancia-do-Projeto-Leitura-Viva-em-Tocantinia-1024x768.jpg\" alt=\"\" class=\"wp-image-5188\" srcset=\"https:\/\/focotocantinense.com.br\/wp-content\/uploads\/2023\/06\/6-Escola-Municipal-Professor-Constantino-Pedro-de-Castro-realiza-a-culminancia-do-Projeto-Leitura-Viva-em-Tocantinia-1024x768.jpg 1024w, https:\/\/focotocantinense.com.br\/wp-content\/uploads\/2023\/06\/6-Escola-Municipal-Professor-Constantino-Pedro-de-Castro-realiza-a-culminancia-do-Projeto-Leitura-Viva-em-Tocantinia-300x225.jpg 300w, https:\/\/focotocantinense.com.br\/wp-content\/uploads\/2023\/06\/6-Escola-Municipal-Professor-Constantino-Pedro-de-Castro-realiza-a-culminancia-do-Projeto-Leitura-Viva-em-Tocantinia-768x576.jpg 768w, https:\/\/focotocantinense.com.br\/wp-content\/uploads\/2023\/06\/6-Escola-Municipal-Professor-Constantino-Pedro-de-Castro-realiza-a-culminancia-do-Projeto-Leitura-Viva-em-Tocantinia-1536x1152.jpg 1536w, https:\/\/focotocantinense.com.br\/wp-content\/uploads\/2023\/06\/6-Escola-Municipal-Professor-Constantino-Pedro-de-Castro-realiza-a-culminancia-do-Projeto-Leitura-Viva-em-Tocantinia.jpg 1600w\" sizes=\"auto, (max-width: 1024px) 100vw, 1024px\" \/><\/figure>\n\n\n\n<figure class=\"wp-block-image size-full is-resized\"><img loading=\"lazy\" decoding=\"async\" src=\"https:\/\/focotocantinense.com.br\/wp-content\/uploads\/2023\/06\/VINI-2.jpg\" alt=\"\" class=\"wp-image-5171\" width=\"842\" height=\"254\" srcset=\"https:\/\/focotocantinense.com.br\/wp-content\/uploads\/2023\/06\/VINI-2.jpg 640w, https:\/\/focotocantinense.com.br\/wp-content\/uploads\/2023\/06\/VINI-2-300x90.jpg 300w\" sizes=\"auto, (max-width: 842px) 100vw, 842px\" \/><\/figure>\n\n\n\n<figure class=\"wp-block-image size-large is-resized\"><img loading=\"lazy\" decoding=\"async\" src=\"https:\/\/focotocantinense.com.br\/wp-content\/uploads\/2023\/06\/5215c382-74e8-4be1-ae0e-821dde0eaaee-7-576x1024.jpg\" alt=\"\" class=\"wp-image-5173\" width=\"840\" height=\"1493\" srcset=\"https:\/\/focotocantinense.com.br\/wp-content\/uploads\/2023\/06\/5215c382-74e8-4be1-ae0e-821dde0eaaee-7-576x1024.jpg 576w, https:\/\/focotocantinense.com.br\/wp-content\/uploads\/2023\/06\/5215c382-74e8-4be1-ae0e-821dde0eaaee-7-169x300.jpg 169w, https:\/\/focotocantinense.com.br\/wp-content\/uploads\/2023\/06\/5215c382-74e8-4be1-ae0e-821dde0eaaee-7-768x1365.jpg 768w, https:\/\/focotocantinense.com.br\/wp-content\/uploads\/2023\/06\/5215c382-74e8-4be1-ae0e-821dde0eaaee-7-864x1536.jpg 864w, https:\/\/focotocantinense.com.br\/wp-content\/uploads\/2023\/06\/5215c382-74e8-4be1-ae0e-821dde0eaaee-7.jpg 900w\" sizes=\"auto, (max-width: 840px) 100vw, 840px\" \/><\/figure>\n","protected":false},"excerpt":{"rendered":"<p>Por Zacarias Martins Integrante da Rede Municipal de Educa\u00e7\u00e3o de Tocant\u00ednia, a &nbsp;Escola Municipal Professor Constantino Pedro de Castro realizou nesta quarta-feira, &nbsp;dia 21, &nbsp;a culmin\u00e2ncia do Projeto Leitura Viva do segundo &nbsp;bimestre, tendo como tem\u00e1tica \u201cMinha regi\u00e3o\u201d. Prestigiaram o acontecimento os pais dos alunos e representantes da Secretaria Municipal de Educa\u00e7\u00e3o, &nbsp;a coordenadora do &hellip;<\/p>\n","protected":false},"author":5,"featured_media":5202,"comment_status":"open","ping_status":"open","sticky":false,"template":"","format":"standard","meta":{"footnotes":""},"categories":[78],"tags":[],"class_list":["post-5184","post","type-post","status-publish","format-standard","has-post-thumbnail","","category-tocantinia"],"_links":{"self":[{"href":"https:\/\/focotocantinense.com.br\/index.php?rest_route=\/wp\/v2\/posts\/5184","targetHints":{"allow":["GET"]}}],"collection":[{"href":"https:\/\/focotocantinense.com.br\/index.php?rest_route=\/wp\/v2\/posts"}],"about":[{"href":"https:\/\/focotocantinense.com.br\/index.php?rest_route=\/wp\/v2\/types\/post"}],"author":[{"embeddable":true,"href":"https:\/\/focotocantinense.com.br\/index.php?rest_route=\/wp\/v2\/users\/5"}],"replies":[{"embeddable":true,"href":"https:\/\/focotocantinense.com.br\/index.php?rest_route=%2Fwp%2Fv2%2Fcomments&post=5184"}],"version-history":[{"count":11,"href":"https:\/\/focotocantinense.com.br\/index.php?rest_route=\/wp\/v2\/posts\/5184\/revisions"}],"predecessor-version":[{"id":5204,"href":"https:\/\/focotocantinense.com.br\/index.php?rest_route=\/wp\/v2\/posts\/5184\/revisions\/5204"}],"wp:featuredmedia":[{"embeddable":true,"href":"https:\/\/focotocantinense.com.br\/index.php?rest_route=\/wp\/v2\/media\/5202"}],"wp:attachment":[{"href":"https:\/\/focotocantinense.com.br\/index.php?rest_route=%2Fwp%2Fv2%2Fmedia&parent=5184"}],"wp:term":[{"taxonomy":"category","embeddable":true,"href":"https:\/\/focotocantinense.com.br\/index.php?rest_route=%2Fwp%2Fv2%2Fcategories&post=5184"},{"taxonomy":"post_tag","embeddable":true,"href":"https:\/\/focotocantinense.com.br\/index.php?rest_route=%2Fwp%2Fv2%2Ftags&post=5184"}],"curies":[{"name":"wp","href":"https:\/\/api.w.org\/{rel}","templated":true}]}}