{"id":5178,"date":"2023-06-20T20:22:52","date_gmt":"2023-06-20T23:22:52","guid":{"rendered":"https:\/\/focotocantinense.com.br\/?p=5178"},"modified":"2023-06-20T20:23:57","modified_gmt":"2023-06-20T23:23:57","slug":"rally-jalapao-chega-ao-tocantins-e-conta-com-apoio-do-governo-do-estado","status":"publish","type":"post","link":"https:\/\/focotocantinense.com.br\/?p=5178","title":{"rendered":"Rally Jalap\u00e3o chega ao Tocantins e conta com apoio do Governo do Estado"},"content":{"rendered":"\n<p>O Governo do Tocantins, por meio da Secretaria de Estado do Turismo (Setur), est\u00e1 presente na programa\u00e7\u00e3o do Rally Jalap\u00e3o, que teve in\u00edcio nessa segunda-feira, 19. O secret\u00e1rio de Estado do Turismo, Hercy Filho, prestigia nesta ter\u00e7a-feira, 20, no Capim Dourado Shopping, a largada promocional da 9\u00aa edi\u00e7\u00e3o do Campeonato Brasileiro de Cross Country. O evento ocorre at\u00e9 o s\u00e1bado, 24, nas cidades de Palmas, Mateiros e S\u00e3o F\u00e9lix do Tocantins.<\/p>\n\n\n\n<p>O campeonato reunir\u00e1 as principais feras do&nbsp;<em>off-road<\/em>&nbsp;nas categorias Carros, Motos, Quadriciclos e UTVs. A primeira parte da programa\u00e7\u00e3o, que define a ordem da largada, est\u00e1 marcada para as 13 horas e, na sequ\u00eancia, os carros ir\u00e3o para o parque fechado localizado no estacionamento do Capim Dourado Shopping. Os&nbsp;<em>briefings<\/em>&nbsp;para os quatro dias de provas come\u00e7am a partir das 18 horas e a largada promocional ocorre \u00e0s 20 horas com a presen\u00e7a do p\u00fablico.<\/p>\n\n\n\n<p>A prova \u00e9 v\u00e1lida pelo Campeonato Brasileiro de Rally Cross Country e est\u00e3o inscritos no campeonato mais de 100 ve\u00edculos que ir\u00e3o participar do desafio com cerca de 1,5 mil km de percurso.<\/p>\n\n\n\n<p>Nesta quarta-feira, 21, haver\u00e1 a largada da primeira de quatro etapas da edi\u00e7\u00e3o 2023, com destino a cidade de Mateiros. Na quinta-feira, 22, a caravana parte de Mateiros para S\u00e3o F\u00e9lix e, no s\u00e1bado, 24, os competidores partem de S\u00e3o F\u00e9lix para a etapa final e chegada em Palmas. O encerramento do evento ocorre no Capim Dourado, a partir das 20 horas, com premia\u00e7\u00e3o para os cinco primeiros colocados.<\/p>\n\n\n\n<p>O Rally Jalap\u00e3o \u00e9 uma realiza\u00e7\u00e3o de Arena Promo\u00e7\u00f5es e Eventos e conta com apoio do Governo do Tocantins, por meio da Secretaria de Estado do Turismo, C6 Bank, Prefeitura Municipal de Palmas, Prefeitura Municipal de Mateiros, Prefeitura Municipal de S\u00e3o F\u00e9lix do Tocantins,&nbsp;Capim Dourado Shopping, Divino Fog\u00e3o e Anube Sport. A supervis\u00e3o \u00e9 da Confedera\u00e7\u00e3o Brasileira de Motociclismo (CBM) e da Confedera\u00e7\u00e3o Brasileira de Automobilismo (CBA).<\/p>\n\n\n\n<p>\u201cO Rally Jalap\u00e3o re\u00fane um grande n\u00famero de competidores de v\u00e1rias regi\u00f5es do pa\u00eds, al\u00e9m de t\u00e9cnicos, equipe de apoio e mec\u00e2nicos. Toda essa estrutura contribui para aquecer a economia das cidades visitadas, al\u00e9m de ser uma grande oportunidade para divulgar os atrativos tur\u00edsticos da capital Palmas e do Jalap\u00e3o\u201d, ressalta o secret\u00e1rio da Setur, Hercy Filho.<\/p>\n\n\n\n<p>A programa\u00e7\u00e3o completa pode ser consultado no site da Secretaria de Estado do Turismo,\u00a0<strong><a href=\"https:\/\/www.to.gov.br\/setur\">https:\/\/www.to.gov.br\/setur<\/a>\u00a0.<\/strong><\/p>\n\n\n\n<figure class=\"wp-block-image size-full is-resized\"><img loading=\"lazy\" decoding=\"async\" src=\"https:\/\/focotocantinense.com.br\/wp-content\/uploads\/2023\/06\/Sem-titulo-6.jpg\" alt=\"\" class=\"wp-image-5179\" width=\"836\" height=\"553\" srcset=\"https:\/\/focotocantinense.com.br\/wp-content\/uploads\/2023\/06\/Sem-titulo-6.jpg 693w, https:\/\/focotocantinense.com.br\/wp-content\/uploads\/2023\/06\/Sem-titulo-6-300x198.jpg 300w, https:\/\/focotocantinense.com.br\/wp-content\/uploads\/2023\/06\/Sem-titulo-6-310x205.jpg 310w\" sizes=\"auto, (max-width: 836px) 100vw, 836px\" \/><\/figure>\n\n\n\n<figure class=\"wp-block-image size-full is-resized\"><img loading=\"lazy\" decoding=\"async\" src=\"https:\/\/focotocantinense.com.br\/wp-content\/uploads\/2023\/06\/VINI-2.jpg\" alt=\"\" class=\"wp-image-5171\" width=\"835\" height=\"252\" srcset=\"https:\/\/focotocantinense.com.br\/wp-content\/uploads\/2023\/06\/VINI-2.jpg 640w, https:\/\/focotocantinense.com.br\/wp-content\/uploads\/2023\/06\/VINI-2-300x90.jpg 300w\" sizes=\"auto, (max-width: 835px) 100vw, 835px\" \/><\/figure>\n\n\n\n<figure class=\"wp-block-image size-large is-resized\"><img loading=\"lazy\" decoding=\"async\" src=\"https:\/\/focotocantinense.com.br\/wp-content\/uploads\/2023\/06\/5215c382-74e8-4be1-ae0e-821dde0eaaee-7-576x1024.jpg\" alt=\"\" class=\"wp-image-5173\" width=\"836\" height=\"1486\" srcset=\"https:\/\/focotocantinense.com.br\/wp-content\/uploads\/2023\/06\/5215c382-74e8-4be1-ae0e-821dde0eaaee-7-576x1024.jpg 576w, https:\/\/focotocantinense.com.br\/wp-content\/uploads\/2023\/06\/5215c382-74e8-4be1-ae0e-821dde0eaaee-7-169x300.jpg 169w, https:\/\/focotocantinense.com.br\/wp-content\/uploads\/2023\/06\/5215c382-74e8-4be1-ae0e-821dde0eaaee-7-768x1365.jpg 768w, https:\/\/focotocantinense.com.br\/wp-content\/uploads\/2023\/06\/5215c382-74e8-4be1-ae0e-821dde0eaaee-7-864x1536.jpg 864w, https:\/\/focotocantinense.com.br\/wp-content\/uploads\/2023\/06\/5215c382-74e8-4be1-ae0e-821dde0eaaee-7.jpg 900w\" sizes=\"auto, (max-width: 836px) 100vw, 836px\" \/><\/figure>\n","protected":false},"excerpt":{"rendered":"<p>O Governo do Tocantins, por meio da Secretaria de Estado do Turismo (Setur), est\u00e1 presente na programa\u00e7\u00e3o do Rally Jalap\u00e3o, que teve in\u00edcio nessa segunda-feira, 19. O secret\u00e1rio de Estado do Turismo, Hercy Filho, prestigia nesta ter\u00e7a-feira, 20, no Capim Dourado Shopping, a largada promocional da 9\u00aa edi\u00e7\u00e3o do Campeonato Brasileiro de Cross Country. O &hellip;<\/p>\n","protected":false},"author":5,"featured_media":5179,"comment_status":"open","ping_status":"open","sticky":false,"template":"","format":"standard","meta":{"footnotes":""},"categories":[37],"tags":[],"class_list":["post-5178","post","type-post","status-publish","format-standard","has-post-thumbnail","","category-palmas"],"_links":{"self":[{"href":"https:\/\/focotocantinense.com.br\/index.php?rest_route=\/wp\/v2\/posts\/5178","targetHints":{"allow":["GET"]}}],"collection":[{"href":"https:\/\/focotocantinense.com.br\/index.php?rest_route=\/wp\/v2\/posts"}],"about":[{"href":"https:\/\/focotocantinense.com.br\/index.php?rest_route=\/wp\/v2\/types\/post"}],"author":[{"embeddable":true,"href":"https:\/\/focotocantinense.com.br\/index.php?rest_route=\/wp\/v2\/users\/5"}],"replies":[{"embeddable":true,"href":"https:\/\/focotocantinense.com.br\/index.php?rest_route=%2Fwp%2Fv2%2Fcomments&post=5178"}],"version-history":[{"count":3,"href":"https:\/\/focotocantinense.com.br\/index.php?rest_route=\/wp\/v2\/posts\/5178\/revisions"}],"predecessor-version":[{"id":5183,"href":"https:\/\/focotocantinense.com.br\/index.php?rest_route=\/wp\/v2\/posts\/5178\/revisions\/5183"}],"wp:featuredmedia":[{"embeddable":true,"href":"https:\/\/focotocantinense.com.br\/index.php?rest_route=\/wp\/v2\/media\/5179"}],"wp:attachment":[{"href":"https:\/\/focotocantinense.com.br\/index.php?rest_route=%2Fwp%2Fv2%2Fmedia&parent=5178"}],"wp:term":[{"taxonomy":"category","embeddable":true,"href":"https:\/\/focotocantinense.com.br\/index.php?rest_route=%2Fwp%2Fv2%2Fcategories&post=5178"},{"taxonomy":"post_tag","embeddable":true,"href":"https:\/\/focotocantinense.com.br\/index.php?rest_route=%2Fwp%2Fv2%2Ftags&post=5178"}],"curies":[{"name":"wp","href":"https:\/\/api.w.org\/{rel}","templated":true}]}}