{"id":5168,"date":"2023-06-20T19:29:18","date_gmt":"2023-06-20T22:29:18","guid":{"rendered":"https:\/\/focotocantinense.com.br\/?p=5168"},"modified":"2023-06-20T19:31:33","modified_gmt":"2023-06-20T22:31:33","slug":"cristalandia-comemora-70-anos-com-show-de-rio-negro-solimoes-e-amla-programacao","status":"publish","type":"post","link":"https:\/\/focotocantinense.com.br\/?p=5168","title":{"rendered":"Cristal\u00e2ndia comemora 70 anos com show de Rio Negro &#038; Solim\u00f5es e amla programa\u00e7\u00e3o\u00a0"},"content":{"rendered":"\n<p><strong><em>\u00a0<\/em><\/strong><\/p>\n\n\n\n<p>A dupla sertaneja Rio Negro &amp; Solim\u00f5es \u00e9 atra\u00e7\u00e3o principal da programa\u00e7\u00e3o de anivers\u00e1rio de 70 anos da cidade dos Cristais &#8211; Cristal\u00e2ndia, na regi\u00e3o Centro-oeste do Tocantins. A data \u00e9 celebrada no dia 23 de junho, mas a Prefeitura de Cristal\u00e2ndia organizou a programa\u00e7\u00e3o j\u00e1 iniciando com o show nacional na v\u00e9spera, na noite de quinta-feira, dia 22, em uma grande estrutura montada na Feira Coberta. Na ocasi\u00e3o tamb\u00e9m sobem ao palco&nbsp; o cantor Mayki Brasil e o DJ Viking.<\/p>\n\n\n\n<p>As homenagens seguem no dia 23, quando acontece, a partir das 9 horas, a abertura da Galeria dos Prefeitos, um espa\u00e7o em que todos os gestores, desde de 1954 at\u00e9 2023, ser\u00e3o lembrados, em espa\u00e7o na Sede da Prefeitura de Cristal\u00e2ndia \u2013 Pal\u00e1cio dos Cristais. No per\u00edodo da tarde, a partir das 16 horas, acontece o \u201cDesfile c\u00edvico de Anivers\u00e1rio\u201d, com a participa\u00e7\u00e3o do Col\u00e9gio Estadual de Cristal\u00e2ndia; Escola Municipal Dom Jaime Schuck; Escola da Apae; Projeto Flor da Idade; Creche e Pr\u00e9-Escola Bem Me Quer; Col\u00e9gio Militar de Cristal\u00e2ndia.&nbsp;<\/p>\n\n\n\n<p>Para finalizar a festa, em grande estilo, tem o show do talento local, Rafaela Gonzaga\u00a0 e da banda palmense Projeto 1 + 1.<\/p>\n\n\n\n<p>O prefeito da cidade Big Jow e a vice-prefeita Rosilene Rodrigues, como anfitri\u00f5es da festa, enfatizaram que toda a programa\u00e7\u00e3o foi pensada para valorizar e homenagear o cristal\u00e2ndense. \u201cA hist\u00f3ria de Cristal\u00e2ndia \u00e9 uma hist\u00f3ria de gente que luta, que busca diariamente se destacar, de gente que brilha. Principalmente, os cristalandenses s\u00e3o alegres\u201d, ressalta Big Jow, acrescentando que essa alegria merece ser festejada em grande estilo.<\/p>\n\n\n\n<figure class=\"wp-block-image size-large\"><img loading=\"lazy\" decoding=\"async\" width=\"1024\" height=\"1019\" src=\"https:\/\/focotocantinense.com.br\/wp-content\/uploads\/2023\/06\/WhatsApp-Image-2023-06-19-at-21.14.18-1024x1019.jpg\" alt=\"\" class=\"wp-image-5176\" srcset=\"https:\/\/focotocantinense.com.br\/wp-content\/uploads\/2023\/06\/WhatsApp-Image-2023-06-19-at-21.14.18-1024x1019.jpg 1024w, https:\/\/focotocantinense.com.br\/wp-content\/uploads\/2023\/06\/WhatsApp-Image-2023-06-19-at-21.14.18-300x300.jpg 300w, https:\/\/focotocantinense.com.br\/wp-content\/uploads\/2023\/06\/WhatsApp-Image-2023-06-19-at-21.14.18-150x150.jpg 150w, https:\/\/focotocantinense.com.br\/wp-content\/uploads\/2023\/06\/WhatsApp-Image-2023-06-19-at-21.14.18-768x764.jpg 768w, https:\/\/focotocantinense.com.br\/wp-content\/uploads\/2023\/06\/WhatsApp-Image-2023-06-19-at-21.14.18.jpg 1280w\" sizes=\"auto, (max-width: 1024px) 100vw, 1024px\" \/><\/figure>\n\n\n\n<figure class=\"wp-block-image size-large is-resized\"><img loading=\"lazy\" decoding=\"async\" src=\"https:\/\/focotocantinense.com.br\/wp-content\/uploads\/2023\/06\/5215c382-74e8-4be1-ae0e-821dde0eaaee-7-576x1024.jpg\" alt=\"\" class=\"wp-image-5173\" width=\"838\" height=\"1490\" srcset=\"https:\/\/focotocantinense.com.br\/wp-content\/uploads\/2023\/06\/5215c382-74e8-4be1-ae0e-821dde0eaaee-7-576x1024.jpg 576w, https:\/\/focotocantinense.com.br\/wp-content\/uploads\/2023\/06\/5215c382-74e8-4be1-ae0e-821dde0eaaee-7-169x300.jpg 169w, https:\/\/focotocantinense.com.br\/wp-content\/uploads\/2023\/06\/5215c382-74e8-4be1-ae0e-821dde0eaaee-7-768x1365.jpg 768w, https:\/\/focotocantinense.com.br\/wp-content\/uploads\/2023\/06\/5215c382-74e8-4be1-ae0e-821dde0eaaee-7-864x1536.jpg 864w, https:\/\/focotocantinense.com.br\/wp-content\/uploads\/2023\/06\/5215c382-74e8-4be1-ae0e-821dde0eaaee-7.jpg 900w\" sizes=\"auto, (max-width: 838px) 100vw, 838px\" \/><\/figure>\n\n\n\n<figure class=\"wp-block-image size-full is-resized\"><img loading=\"lazy\" decoding=\"async\" src=\"https:\/\/focotocantinense.com.br\/wp-content\/uploads\/2023\/06\/VINI-2.jpg\" alt=\"\" class=\"wp-image-5171\" width=\"841\" height=\"254\" srcset=\"https:\/\/focotocantinense.com.br\/wp-content\/uploads\/2023\/06\/VINI-2.jpg 640w, https:\/\/focotocantinense.com.br\/wp-content\/uploads\/2023\/06\/VINI-2-300x90.jpg 300w\" sizes=\"auto, (max-width: 841px) 100vw, 841px\" \/><\/figure>\n","protected":false},"excerpt":{"rendered":"<p>\u00a0 A dupla sertaneja Rio Negro &amp; Solim\u00f5es \u00e9 atra\u00e7\u00e3o principal da programa\u00e7\u00e3o de anivers\u00e1rio de 70 anos da cidade dos Cristais &#8211; Cristal\u00e2ndia, na regi\u00e3o Centro-oeste do Tocantins. A data \u00e9 celebrada no dia 23 de junho, mas a Prefeitura de Cristal\u00e2ndia organizou a programa\u00e7\u00e3o j\u00e1 iniciando com o show nacional na v\u00e9spera, na &hellip;<\/p>\n","protected":false},"author":5,"featured_media":5169,"comment_status":"open","ping_status":"open","sticky":false,"template":"","format":"standard","meta":{"footnotes":""},"categories":[110],"tags":[],"class_list":["post-5168","post","type-post","status-publish","format-standard","has-post-thumbnail","","category-cristalandia"],"_links":{"self":[{"href":"https:\/\/focotocantinense.com.br\/index.php?rest_route=\/wp\/v2\/posts\/5168","targetHints":{"allow":["GET"]}}],"collection":[{"href":"https:\/\/focotocantinense.com.br\/index.php?rest_route=\/wp\/v2\/posts"}],"about":[{"href":"https:\/\/focotocantinense.com.br\/index.php?rest_route=\/wp\/v2\/types\/post"}],"author":[{"embeddable":true,"href":"https:\/\/focotocantinense.com.br\/index.php?rest_route=\/wp\/v2\/users\/5"}],"replies":[{"embeddable":true,"href":"https:\/\/focotocantinense.com.br\/index.php?rest_route=%2Fwp%2Fv2%2Fcomments&post=5168"}],"version-history":[{"count":3,"href":"https:\/\/focotocantinense.com.br\/index.php?rest_route=\/wp\/v2\/posts\/5168\/revisions"}],"predecessor-version":[{"id":5177,"href":"https:\/\/focotocantinense.com.br\/index.php?rest_route=\/wp\/v2\/posts\/5168\/revisions\/5177"}],"wp:featuredmedia":[{"embeddable":true,"href":"https:\/\/focotocantinense.com.br\/index.php?rest_route=\/wp\/v2\/media\/5169"}],"wp:attachment":[{"href":"https:\/\/focotocantinense.com.br\/index.php?rest_route=%2Fwp%2Fv2%2Fmedia&parent=5168"}],"wp:term":[{"taxonomy":"category","embeddable":true,"href":"https:\/\/focotocantinense.com.br\/index.php?rest_route=%2Fwp%2Fv2%2Fcategories&post=5168"},{"taxonomy":"post_tag","embeddable":true,"href":"https:\/\/focotocantinense.com.br\/index.php?rest_route=%2Fwp%2Fv2%2Ftags&post=5168"}],"curies":[{"name":"wp","href":"https:\/\/api.w.org\/{rel}","templated":true}]}}