{"id":5161,"date":"2023-06-20T18:52:37","date_gmt":"2023-06-20T21:52:37","guid":{"rendered":"https:\/\/focotocantinense.com.br\/?p=5161"},"modified":"2023-06-20T18:53:38","modified_gmt":"2023-06-20T21:53:38","slug":"prefeitura-de-gurupi-e-cmdca-aplicam-prova-para-candidatos-ao-conselho-tutelar-no-proximo-domingo-25","status":"publish","type":"post","link":"https:\/\/focotocantinense.com.br\/?p=5161","title":{"rendered":"Prefeitura de Gurupi e CMDCA aplicam prova para candidatos ao Conselho Tutelar no pr\u00f3ximo domingo, 25"},"content":{"rendered":"\n<p>No pr\u00f3ximo domingo, 25, a Prefeitura de Gurupi, por meio da Secretaria Municipal de Assist\u00eancia Social e Cidadania, e o Conselho Municipal dos Direitos da Crian\u00e7a e do Adolescente (CMDCA), aplicar\u00e3o a prova aos candidatos \u00e0s vagas do Conselho Tutelar. As provas ocorrer\u00e3o no Centro Educacional F\u00e9 e Alegria Paroquial Bernardo Say\u00e3o, localizado na Avenida Maranh\u00e3o, esquina com a Rua 11, no Centro, \u00e0s 08h.<\/p>\n\n\n\n<p>A prova ter\u00e1 dura\u00e7\u00e3o de 4 (quatro) horas. A abertura dos port\u00f5es ser\u00e1 \u00e0s 07h, e o fechamento \u00e0s 07h50. Portanto, a orienta\u00e7\u00e3o do CMDCA \u00e9 que os candidatos cheguem com anteced\u00eancia ao local de prova. Para a realiza\u00e7\u00e3o da prova, o candidato dever\u00e1 portar somente caneta esferogr\u00e1fica em material transparente de tinta azul ou preta.<\/p>\n\n\n\n<p>O CMDCA tamb\u00e9m destaca que n\u00e3o ser\u00e1 permitido, durante a realiza\u00e7\u00e3o da prova, o porte e o uso de \u00f3culos escuros (salvo por prescri\u00e7\u00e3o m\u00e9dica apresentada a um fiscal de sala antes do in\u00edcio da prova), garrafa com r\u00f3tulo, chap\u00e9us ou bon\u00e9s, celular, rel\u00f3gio, transmissor\/receptador de mensagens, ou qualquer tipo de equipamento mec\u00e2nico, eletr\u00f4nico ou \u00f3ptico que permita o armazenamento ou a comunica\u00e7\u00e3o de dados.<\/p>\n\n\n\n<p>A presidente do CMDCA de Gurupi, Adrielle Matias, destaca que a aplica\u00e7\u00e3o da prova \u00e9 de extrema import\u00e2ncia, pois permite verificar se os candidatos possuem o conhecimento necess\u00e1rio para atuar de forma eficaz e assertiva na resolu\u00e7\u00e3o dos casos que chegam ao Conselho Tutelar. &#8220;\u00c9 essencial que os conselheiros tutelares possuam um embasamento s\u00f3lido em temas relacionados aos direitos da crian\u00e7a e do adolescente, como a legisla\u00e7\u00e3o pertinente, pol\u00edticas p\u00fablicas de prote\u00e7\u00e3o, aspectos psicossociais, entre outros&#8221;, afirmou.<\/p>\n\n\n\n<p>Em Gurupi ser\u00e3o eleitos cinco conselheiros e cinco suplentes. A remunera\u00e7\u00e3o do conselheiro tutelar \u00e9 de R$ 2.558,74 com carga hor\u00e1ria de 40 horas semanais. Os eleitos para o cargo tomar\u00e3o posse para um mandato de 04 anos, de 2024 a 2027.<\/p>\n\n\n\n<figure class=\"wp-block-image size-full\"><img loading=\"lazy\" decoding=\"async\" width=\"987\" height=\"513\" src=\"https:\/\/focotocantinense.com.br\/wp-content\/uploads\/2023\/06\/gurupi-divulgacao.jpg\" alt=\"\" class=\"wp-image-5166\" srcset=\"https:\/\/focotocantinense.com.br\/wp-content\/uploads\/2023\/06\/gurupi-divulgacao.jpg 987w, https:\/\/focotocantinense.com.br\/wp-content\/uploads\/2023\/06\/gurupi-divulgacao-300x156.jpg 300w, https:\/\/focotocantinense.com.br\/wp-content\/uploads\/2023\/06\/gurupi-divulgacao-768x399.jpg 768w\" sizes=\"auto, (max-width: 987px) 100vw, 987px\" \/><\/figure>\n\n\n\n<figure class=\"wp-block-image is-resized\"><img loading=\"lazy\" decoding=\"async\" src=\"http:\/\/n1to.com.br\/img\/uploads\/VINI_75.jpg\" alt=\"\" width=\"836\" height=\"252\"\/><\/figure>\n\n\n\n<figure class=\"wp-block-image size-large is-resized\"><img loading=\"lazy\" decoding=\"async\" src=\"https:\/\/focotocantinense.com.br\/wp-content\/uploads\/2023\/06\/5215c382-74e8-4be1-ae0e-821dde0eaaee-6-576x1024.jpg\" alt=\"\" class=\"wp-image-5164\" width=\"838\" height=\"1490\" srcset=\"https:\/\/focotocantinense.com.br\/wp-content\/uploads\/2023\/06\/5215c382-74e8-4be1-ae0e-821dde0eaaee-6-576x1024.jpg 576w, https:\/\/focotocantinense.com.br\/wp-content\/uploads\/2023\/06\/5215c382-74e8-4be1-ae0e-821dde0eaaee-6-169x300.jpg 169w, https:\/\/focotocantinense.com.br\/wp-content\/uploads\/2023\/06\/5215c382-74e8-4be1-ae0e-821dde0eaaee-6-768x1365.jpg 768w, https:\/\/focotocantinense.com.br\/wp-content\/uploads\/2023\/06\/5215c382-74e8-4be1-ae0e-821dde0eaaee-6-864x1536.jpg 864w, https:\/\/focotocantinense.com.br\/wp-content\/uploads\/2023\/06\/5215c382-74e8-4be1-ae0e-821dde0eaaee-6.jpg 900w\" sizes=\"auto, (max-width: 838px) 100vw, 838px\" \/><\/figure>\n","protected":false},"excerpt":{"rendered":"<p>No pr\u00f3ximo domingo, 25, a Prefeitura de Gurupi, por meio da Secretaria Municipal de Assist\u00eancia Social e Cidadania, e o Conselho Municipal dos Direitos da Crian\u00e7a e do Adolescente (CMDCA), aplicar\u00e3o a prova aos candidatos \u00e0s vagas do Conselho Tutelar. As provas ocorrer\u00e3o no Centro Educacional F\u00e9 e Alegria Paroquial Bernardo Say\u00e3o, localizado na Avenida &hellip;<\/p>\n","protected":false},"author":5,"featured_media":5162,"comment_status":"open","ping_status":"open","sticky":false,"template":"","format":"standard","meta":{"footnotes":""},"categories":[38],"tags":[],"class_list":["post-5161","post","type-post","status-publish","format-standard","has-post-thumbnail","","category-gurupi"],"_links":{"self":[{"href":"https:\/\/focotocantinense.com.br\/index.php?rest_route=\/wp\/v2\/posts\/5161","targetHints":{"allow":["GET"]}}],"collection":[{"href":"https:\/\/focotocantinense.com.br\/index.php?rest_route=\/wp\/v2\/posts"}],"about":[{"href":"https:\/\/focotocantinense.com.br\/index.php?rest_route=\/wp\/v2\/types\/post"}],"author":[{"embeddable":true,"href":"https:\/\/focotocantinense.com.br\/index.php?rest_route=\/wp\/v2\/users\/5"}],"replies":[{"embeddable":true,"href":"https:\/\/focotocantinense.com.br\/index.php?rest_route=%2Fwp%2Fv2%2Fcomments&post=5161"}],"version-history":[{"count":3,"href":"https:\/\/focotocantinense.com.br\/index.php?rest_route=\/wp\/v2\/posts\/5161\/revisions"}],"predecessor-version":[{"id":5167,"href":"https:\/\/focotocantinense.com.br\/index.php?rest_route=\/wp\/v2\/posts\/5161\/revisions\/5167"}],"wp:featuredmedia":[{"embeddable":true,"href":"https:\/\/focotocantinense.com.br\/index.php?rest_route=\/wp\/v2\/media\/5162"}],"wp:attachment":[{"href":"https:\/\/focotocantinense.com.br\/index.php?rest_route=%2Fwp%2Fv2%2Fmedia&parent=5161"}],"wp:term":[{"taxonomy":"category","embeddable":true,"href":"https:\/\/focotocantinense.com.br\/index.php?rest_route=%2Fwp%2Fv2%2Fcategories&post=5161"},{"taxonomy":"post_tag","embeddable":true,"href":"https:\/\/focotocantinense.com.br\/index.php?rest_route=%2Fwp%2Fv2%2Ftags&post=5161"}],"curies":[{"name":"wp","href":"https:\/\/api.w.org\/{rel}","templated":true}]}}