{"id":5158,"date":"2023-06-20T18:48:41","date_gmt":"2023-06-20T21:48:41","guid":{"rendered":"https:\/\/focotocantinense.com.br\/?p=5158"},"modified":"2023-06-20T18:49:37","modified_gmt":"2023-06-20T21:49:37","slug":"tce-to-realiza-curso-gratuito-sobre-regime-previdenciario-no-brasil-e-suas-mudancas","status":"publish","type":"post","link":"https:\/\/focotocantinense.com.br\/?p=5158","title":{"rendered":"TCE\/TO realiza curso gratuito sobre Regime Previdenci\u00e1rio no Brasil e suas mudan\u00e7as"},"content":{"rendered":"\n<p>Com ci\u00eancia dos desafios enfrentados por gestores p\u00fablicos em rela\u00e7\u00e3o \u00e0s constantes mudan\u00e7as na legisla\u00e7\u00e3o previdenci\u00e1ria, o Tribunal de Contas do Tocantins (TCE\/TO), por meio do Instituto de Contas 5 de Outubro (Iscon), vai realizar nos dias 22 e 23 de junho, das 8h30 \u00e0s 12h30 e das 14h \u00e0s 18h, uma capacita\u00e7\u00e3o com a tem\u00e1tica \u201cNova Previd\u00eancia no Brasil: Mudan\u00e7as na aposentadoria dos servidores p\u00fablicos e nos Regimes Pr\u00f3prios\u201d. O instrutor ser\u00e1 o especialista em \u00e1rea previdenci\u00e1ria e mestre em administra\u00e7\u00e3o p\u00fablica, Edson Ronaldo Nascimento.<\/p>\n\n\n\n<p>O curso \u00e9 gratuito, sendo na modalidade presencial para servidores da Corte de Contas e on-line para servidores estaduais e municipais que atuam nas \u00e1reas da Previd\u00eancia, Jur\u00eddica, Recursos Humanos, Contabilidade e Controle Interno. A capacita\u00e7\u00e3o ter\u00e1 carga hor\u00e1ria de 16 horas e ser\u00e1 &nbsp;transmitida pelo&nbsp;<strong><a href=\"https:\/\/www.youtube.com\/@iscontceto\/featured\" target=\"_blank\" rel=\"noreferrer noopener\">canal do Instituto de Contas no Youtube<\/a>.<\/strong><\/p>\n\n\n\n<p>O aperfei\u00e7oamento tem como objetivo orientar os gestores p\u00fablicos de \u00f3rg\u00e3os de controle de todos os poderes e de \u00f3rg\u00e3os aut\u00f4nomos para as mudan\u00e7as que a reforma da previd\u00eancia exige para entes federativos. Al\u00e9m disso, vai discutir o regime de Previd\u00eancia previsto no Plano Anual de Forma\u00e7\u00e3o e Capacita\u00e7\u00e3o (PAFC 2023) e preparar o corpo t\u00e9cnico dos servidores para que possam contribuir com melhorias no processo de trabalhos, atos de concess\u00f5es e benef\u00edcios na aplica\u00e7\u00e3o de recursos.<\/p>\n\n\n\n<p>Para mais informa\u00e7\u00f5es ou d\u00favidas entre em contato com Instituto de Contas por meio dos telefones (63) 3232-5950 e 3232-5970 ou pelo WhatsApp (63) 99935-3105.<\/p>\n\n\n\n<p>Realize sua inscri\u00e7\u00e3o \u2013&nbsp;<strong><a href=\"https:\/\/ead.tceto.tc.br\/institutodecontas\/iscon\/index.php\" target=\"_blank\" rel=\"noreferrer noopener\">Clique aqui<\/a><\/strong><\/p>\n\n\n\n<p>Sobre Edson Ronaldo Nascimento:<\/p>\n\n\n\n<p>Edson Ronaldo Nascimento \u00e9 natural de Porto Alegre (RS) e atualmente mora em Bras\u00edlia (DF), \u00e9 formado em Economia pela Universidade Federal do Rio Grande Sul (UFRGS), possui especializa\u00e7\u00e3o em Administra\u00e7\u00e3o Financeira pela Funda\u00e7\u00e3o Get\u00falio Vargas (FGV) e mestrado em Administra\u00e7\u00e3o P\u00fablica pela Universidade de Bras\u00edlia (UnB). J\u00e1 atuou como auditor Federal de Controle do Minist\u00e9rio da Economia e analista de finan\u00e7as da Secretaria do Tesouro Nacional (STN).<\/p>\n\n\n\n<p>Confira abaixo as tem\u00e1ticas que ser\u00e3o abordadas:<\/p>\n\n\n\n<p>\u2013 A Reforma da Previd\u00eancia e as novas regras para o setor p\u00fablico nacional; An\u00e1lise da legisla\u00e7\u00e3o que obriga a institui\u00e7\u00e3o da Previd\u00eancia Complementar<\/p>\n\n\n\n<p>\u2013 O fluxo para a cria\u00e7\u00e3o da Previd\u00eancia Complementar: Projeto de Lei para a cria\u00e7\u00e3o da Funda\u00e7\u00e3o de Previd\u00eancia; proposta de Plano de Benef\u00edcios Regulamento dos Planos, Estatuto das Entidades; Conv\u00eanios de Ades\u00e3o; aprova\u00e7\u00e3o da PREVIC<\/p>\n\n\n\n<p>\u2013 Custos para a implanta\u00e7\u00e3o e manuten\u00e7\u00e3o da Funda\u00e7\u00e3o de Previd\u00eancia, PGA: quanto custa ao setor p\u00fablico instituir e manter uma Funda\u00e7\u00e3o? Qual o quantitativo de pessoal e a qualifica\u00e7\u00e3o exigida pela PREVIC?<\/p>\n\n\n\n<p>\u2013 Receitas da Funda\u00e7\u00e3o de Previd\u00eancia: os aportes iniciais dos patrocinadores e a busca pela autossustentabilidade<\/p>\n\n\n\n<p>\u2013 C\u00e1lculos e simula\u00e7\u00f5es da Previd\u00eancia Complementar: os efeitos para o Tesouro P\u00fablico e para os participantes da cria\u00e7\u00e3o de uma Funda\u00e7\u00e3o<\/p>\n\n\n\n<p>\u2013 Alternativas para a cria\u00e7\u00e3o da Previd\u00eancia Complementar: cria\u00e7\u00e3o da Entidade; contrata\u00e7\u00e3o de entidade aberta; associa\u00e7\u00e3o com Funda\u00e7\u00e3o j\u00e1 existente; vantagens e desvantagens de cada forma de cria\u00e7\u00e3o;<\/p>\n\n\n\n<p>\u2013 Os programas de educa\u00e7\u00e3o previdenci\u00e1ria e financeira para o setor p\u00fablico.<\/p>\n\n\n\n<figure class=\"wp-block-image is-resized\"><img loading=\"lazy\" decoding=\"async\" src=\"https:\/\/rotatocantins.com.br\/wp-content\/uploads\/2023\/06\/VINI-300x90.jpg\" alt=\"\" class=\"wp-image-4363\" width=\"836\" height=\"251\"\/><\/figure>\n\n\n\n<figure class=\"wp-block-image size-large is-resized\"><img loading=\"lazy\" decoding=\"async\" src=\"https:\/\/focotocantinense.com.br\/wp-content\/uploads\/2023\/06\/5215c382-74e8-4be1-ae0e-821dde0eaaee-5-576x1024.jpg\" alt=\"\" class=\"wp-image-5141\" width=\"837\" height=\"1488\" srcset=\"https:\/\/focotocantinense.com.br\/wp-content\/uploads\/2023\/06\/5215c382-74e8-4be1-ae0e-821dde0eaaee-5-576x1024.jpg 576w, https:\/\/focotocantinense.com.br\/wp-content\/uploads\/2023\/06\/5215c382-74e8-4be1-ae0e-821dde0eaaee-5-169x300.jpg 169w, https:\/\/focotocantinense.com.br\/wp-content\/uploads\/2023\/06\/5215c382-74e8-4be1-ae0e-821dde0eaaee-5-768x1365.jpg 768w, https:\/\/focotocantinense.com.br\/wp-content\/uploads\/2023\/06\/5215c382-74e8-4be1-ae0e-821dde0eaaee-5-864x1536.jpg 864w, https:\/\/focotocantinense.com.br\/wp-content\/uploads\/2023\/06\/5215c382-74e8-4be1-ae0e-821dde0eaaee-5.jpg 900w\" sizes=\"auto, (max-width: 837px) 100vw, 837px\" \/><\/figure>\n","protected":false},"excerpt":{"rendered":"<p>Com ci\u00eancia dos desafios enfrentados por gestores p\u00fablicos em rela\u00e7\u00e3o \u00e0s constantes mudan\u00e7as na legisla\u00e7\u00e3o previdenci\u00e1ria, o Tribunal de Contas do Tocantins (TCE\/TO), por meio do Instituto de Contas 5 de Outubro (Iscon), vai realizar nos dias 22 e 23 de junho, das 8h30 \u00e0s 12h30 e das 14h \u00e0s 18h, uma capacita\u00e7\u00e3o com a &hellip;<\/p>\n","protected":false},"author":5,"featured_media":5160,"comment_status":"open","ping_status":"open","sticky":false,"template":"","format":"standard","meta":{"footnotes":""},"categories":[37],"tags":[],"class_list":["post-5158","post","type-post","status-publish","format-standard","has-post-thumbnail","","category-palmas"],"_links":{"self":[{"href":"https:\/\/focotocantinense.com.br\/index.php?rest_route=\/wp\/v2\/posts\/5158","targetHints":{"allow":["GET"]}}],"collection":[{"href":"https:\/\/focotocantinense.com.br\/index.php?rest_route=\/wp\/v2\/posts"}],"about":[{"href":"https:\/\/focotocantinense.com.br\/index.php?rest_route=\/wp\/v2\/types\/post"}],"author":[{"embeddable":true,"href":"https:\/\/focotocantinense.com.br\/index.php?rest_route=\/wp\/v2\/users\/5"}],"replies":[{"embeddable":true,"href":"https:\/\/focotocantinense.com.br\/index.php?rest_route=%2Fwp%2Fv2%2Fcomments&post=5158"}],"version-history":[{"count":1,"href":"https:\/\/focotocantinense.com.br\/index.php?rest_route=\/wp\/v2\/posts\/5158\/revisions"}],"predecessor-version":[{"id":5159,"href":"https:\/\/focotocantinense.com.br\/index.php?rest_route=\/wp\/v2\/posts\/5158\/revisions\/5159"}],"wp:featuredmedia":[{"embeddable":true,"href":"https:\/\/focotocantinense.com.br\/index.php?rest_route=\/wp\/v2\/media\/5160"}],"wp:attachment":[{"href":"https:\/\/focotocantinense.com.br\/index.php?rest_route=%2Fwp%2Fv2%2Fmedia&parent=5158"}],"wp:term":[{"taxonomy":"category","embeddable":true,"href":"https:\/\/focotocantinense.com.br\/index.php?rest_route=%2Fwp%2Fv2%2Fcategories&post=5158"},{"taxonomy":"post_tag","embeddable":true,"href":"https:\/\/focotocantinense.com.br\/index.php?rest_route=%2Fwp%2Fv2%2Ftags&post=5158"}],"curies":[{"name":"wp","href":"https:\/\/api.w.org\/{rel}","templated":true}]}}