{"id":5148,"date":"2023-06-20T16:42:34","date_gmt":"2023-06-20T19:42:34","guid":{"rendered":"https:\/\/focotocantinense.com.br\/?p=5148"},"modified":"2023-06-20T16:44:24","modified_gmt":"2023-06-20T19:44:24","slug":"professores-da-rede-municipal-de-tocantinia-participam-da-segunda-devolutiva-do-projeto-aprova-brasil","status":"publish","type":"post","link":"https:\/\/focotocantinense.com.br\/?p=5148","title":{"rendered":"Professores da Rede Municipal de Tocant\u00ednia participam da segunda devolutiva do Projeto Aprova Brasil"},"content":{"rendered":"\n<p><strong>Por Zacarias Martins<\/strong><\/p>\n\n\n\n<p>A Prefeitura de Tocant\u00ednia, por meio da Secretaria Municipal de Educa\u00e7\u00e3o \u2013 Semed, promoveu nesta segunda-feira, dia 19, na &nbsp;Escola Municipal Professor Constantino Pedro de Castro, &nbsp;2\u00aa Devolutiva do Projeto Aprova Brasil na Educa\u00e7\u00e3o da Rede Municipal de Tocant\u00ednia<\/p>\n\n\n\n<p>Com tema Um olhar did\u00e1tico e pedag\u00f3gico nos resultados da rede na aplica\u00e7\u00e3o dos simulados, foram desenvolvidas duas oficinas pedag\u00f3gicas para um grupo de 15 professores&nbsp; que adquiriram &nbsp;conhecimentos para tornar&nbsp; as aulas para os seus alunos mais atrativas em busca&nbsp; de resultados positivos no ensino aprendizagem.<\/p>\n\n\n\n<p>As oficinas pedag\u00f3gicas &nbsp;foram &nbsp;coordenadas &nbsp;pelas professoras Maria do Ros\u00e1rio Dias Rodrigues e Ald\u00edzia Carneiro de Ara\u00fajo, tendo&nbsp; por &nbsp;objetivo trabalhar as habilidades essenciais que s\u00e3o cobradas nas avalia\u00e7\u00f5es externas realizadas pelo Governo para identificar a qualidade do ensino, a exemplo do SAEB (Sistema de Avalia\u00e7\u00e3o da Educa\u00e7\u00e3o B\u00e1sica).<\/p>\n\n\n\n<p>O secret\u00e1rio de Educa\u00e7\u00e3o de Tocant\u00ednia, professor Andr\u00e9 Goveia, destaca que o projeto Aprova Brasil vai al\u00e9m do material did\u00e1tico complementar por favorecer ao professor a forma\u00e7\u00e3o em servi\u00e7o e o acompanhamento em tempo real das aprendizagens dos estudantes<\/p>\n\n\n\n<p>\u201cDepois da an\u00e1lise dos resultados, \u00e9 poss\u00edvel identificar as habilidades em que os alunos apresentaram melhor desempenho e mais dificuldades. Com base nessas informa\u00e7\u00f5es, o professor pode planejar novas estrat\u00e9gias de interven\u00e7\u00e3o. Da\u00ed a import\u00e2ncia dessas oficinas para os nossos professores\u201d, asseverou Andr\u00e9 Goveia.<\/p>\n\n\n\n<figure class=\"wp-block-image size-large\"><img loading=\"lazy\" decoding=\"async\" width=\"1024\" height=\"483\" src=\"https:\/\/focotocantinense.com.br\/wp-content\/uploads\/2023\/06\/1-2\u00b0-Devolutiva-do-Projeto-Aprova-Brasil-na-Educacao-da-Rede-Municipal-de-Tocantinia-1-1024x483.jpg\" alt=\"\" class=\"wp-image-5155\" srcset=\"https:\/\/focotocantinense.com.br\/wp-content\/uploads\/2023\/06\/1-2\u00b0-Devolutiva-do-Projeto-Aprova-Brasil-na-Educacao-da-Rede-Municipal-de-Tocantinia-1-1024x483.jpg 1024w, https:\/\/focotocantinense.com.br\/wp-content\/uploads\/2023\/06\/1-2\u00b0-Devolutiva-do-Projeto-Aprova-Brasil-na-Educacao-da-Rede-Municipal-de-Tocantinia-1-300x141.jpg 300w, https:\/\/focotocantinense.com.br\/wp-content\/uploads\/2023\/06\/1-2\u00b0-Devolutiva-do-Projeto-Aprova-Brasil-na-Educacao-da-Rede-Municipal-de-Tocantinia-1-768x362.jpg 768w, https:\/\/focotocantinense.com.br\/wp-content\/uploads\/2023\/06\/1-2\u00b0-Devolutiva-do-Projeto-Aprova-Brasil-na-Educacao-da-Rede-Municipal-de-Tocantinia-1.jpg 1094w\" sizes=\"auto, (max-width: 1024px) 100vw, 1024px\" \/><\/figure>\n\n\n\n<figure class=\"wp-block-image size-large\"><img loading=\"lazy\" decoding=\"async\" width=\"1024\" height=\"696\" src=\"https:\/\/focotocantinense.com.br\/wp-content\/uploads\/2023\/06\/3-2\u00b0-Devolutiva-do-Projeto-Aprova-Brasil-na-Educacao-da-Rede-Municipal-de-Tocantinia-1024x696.jpg\" alt=\"\" class=\"wp-image-5154\" srcset=\"https:\/\/focotocantinense.com.br\/wp-content\/uploads\/2023\/06\/3-2\u00b0-Devolutiva-do-Projeto-Aprova-Brasil-na-Educacao-da-Rede-Municipal-de-Tocantinia-1024x696.jpg 1024w, https:\/\/focotocantinense.com.br\/wp-content\/uploads\/2023\/06\/3-2\u00b0-Devolutiva-do-Projeto-Aprova-Brasil-na-Educacao-da-Rede-Municipal-de-Tocantinia-300x204.jpg 300w, https:\/\/focotocantinense.com.br\/wp-content\/uploads\/2023\/06\/3-2\u00b0-Devolutiva-do-Projeto-Aprova-Brasil-na-Educacao-da-Rede-Municipal-de-Tocantinia-768x522.jpg 768w, https:\/\/focotocantinense.com.br\/wp-content\/uploads\/2023\/06\/3-2\u00b0-Devolutiva-do-Projeto-Aprova-Brasil-na-Educacao-da-Rede-Municipal-de-Tocantinia-1536x1044.jpg 1536w, https:\/\/focotocantinense.com.br\/wp-content\/uploads\/2023\/06\/3-2\u00b0-Devolutiva-do-Projeto-Aprova-Brasil-na-Educacao-da-Rede-Municipal-de-Tocantinia-110x75.jpg 110w, https:\/\/focotocantinense.com.br\/wp-content\/uploads\/2023\/06\/3-2\u00b0-Devolutiva-do-Projeto-Aprova-Brasil-na-Educacao-da-Rede-Municipal-de-Tocantinia.jpg 1600w\" sizes=\"auto, (max-width: 1024px) 100vw, 1024px\" \/><\/figure>\n\n\n\n<figure class=\"wp-block-image size-large\"><img loading=\"lazy\" decoding=\"async\" width=\"1024\" height=\"682\" src=\"https:\/\/focotocantinense.com.br\/wp-content\/uploads\/2023\/06\/2-2\u00b0-Devolutiva-do-Projeto-Aprova-Brasil-na-Educacao-da-Rede-Municipal-de-Tocantinia-1024x682.jpg\" alt=\"\" class=\"wp-image-5153\" srcset=\"https:\/\/focotocantinense.com.br\/wp-content\/uploads\/2023\/06\/2-2\u00b0-Devolutiva-do-Projeto-Aprova-Brasil-na-Educacao-da-Rede-Municipal-de-Tocantinia-1024x682.jpg 1024w, https:\/\/focotocantinense.com.br\/wp-content\/uploads\/2023\/06\/2-2\u00b0-Devolutiva-do-Projeto-Aprova-Brasil-na-Educacao-da-Rede-Municipal-de-Tocantinia-300x200.jpg 300w, https:\/\/focotocantinense.com.br\/wp-content\/uploads\/2023\/06\/2-2\u00b0-Devolutiva-do-Projeto-Aprova-Brasil-na-Educacao-da-Rede-Municipal-de-Tocantinia-768x512.jpg 768w, https:\/\/focotocantinense.com.br\/wp-content\/uploads\/2023\/06\/2-2\u00b0-Devolutiva-do-Projeto-Aprova-Brasil-na-Educacao-da-Rede-Municipal-de-Tocantinia-1536x1023.jpg 1536w, https:\/\/focotocantinense.com.br\/wp-content\/uploads\/2023\/06\/2-2\u00b0-Devolutiva-do-Projeto-Aprova-Brasil-na-Educacao-da-Rede-Municipal-de-Tocantinia-310x205.jpg 310w, https:\/\/focotocantinense.com.br\/wp-content\/uploads\/2023\/06\/2-2\u00b0-Devolutiva-do-Projeto-Aprova-Brasil-na-Educacao-da-Rede-Municipal-de-Tocantinia.jpg 1600w\" sizes=\"auto, (max-width: 1024px) 100vw, 1024px\" \/><\/figure>\n\n\n\n<figure class=\"wp-block-image size-full is-resized\"><img loading=\"lazy\" decoding=\"async\" src=\"https:\/\/focotocantinense.com.br\/wp-content\/uploads\/2023\/06\/VINI-1.jpg\" alt=\"\" class=\"wp-image-5143\" width=\"837\" height=\"252\" srcset=\"https:\/\/focotocantinense.com.br\/wp-content\/uploads\/2023\/06\/VINI-1.jpg 640w, https:\/\/focotocantinense.com.br\/wp-content\/uploads\/2023\/06\/VINI-1-300x90.jpg 300w\" sizes=\"auto, (max-width: 837px) 100vw, 837px\" \/><\/figure>\n\n\n\n<figure class=\"wp-block-image size-large is-resized\"><img loading=\"lazy\" decoding=\"async\" src=\"https:\/\/focotocantinense.com.br\/wp-content\/uploads\/2023\/06\/5215c382-74e8-4be1-ae0e-821dde0eaaee-5-576x1024.jpg\" alt=\"\" class=\"wp-image-5141\" width=\"840\" height=\"1493\" srcset=\"https:\/\/focotocantinense.com.br\/wp-content\/uploads\/2023\/06\/5215c382-74e8-4be1-ae0e-821dde0eaaee-5-576x1024.jpg 576w, https:\/\/focotocantinense.com.br\/wp-content\/uploads\/2023\/06\/5215c382-74e8-4be1-ae0e-821dde0eaaee-5-169x300.jpg 169w, https:\/\/focotocantinense.com.br\/wp-content\/uploads\/2023\/06\/5215c382-74e8-4be1-ae0e-821dde0eaaee-5-768x1365.jpg 768w, https:\/\/focotocantinense.com.br\/wp-content\/uploads\/2023\/06\/5215c382-74e8-4be1-ae0e-821dde0eaaee-5-864x1536.jpg 864w, https:\/\/focotocantinense.com.br\/wp-content\/uploads\/2023\/06\/5215c382-74e8-4be1-ae0e-821dde0eaaee-5.jpg 900w\" sizes=\"auto, (max-width: 840px) 100vw, 840px\" \/><\/figure>\n","protected":false},"excerpt":{"rendered":"<p>Por Zacarias Martins A Prefeitura de Tocant\u00ednia, por meio da Secretaria Municipal de Educa\u00e7\u00e3o \u2013 Semed, promoveu nesta segunda-feira, dia 19, na &nbsp;Escola Municipal Professor Constantino Pedro de Castro, &nbsp;2\u00aa Devolutiva do Projeto Aprova Brasil na Educa\u00e7\u00e3o da Rede Municipal de Tocant\u00ednia Com tema Um olhar did\u00e1tico e pedag\u00f3gico nos resultados da rede na aplica\u00e7\u00e3o &hellip;<\/p>\n","protected":false},"author":5,"featured_media":5149,"comment_status":"open","ping_status":"open","sticky":false,"template":"","format":"standard","meta":{"footnotes":""},"categories":[78],"tags":[],"class_list":["post-5148","post","type-post","status-publish","format-standard","has-post-thumbnail","","category-tocantinia"],"_links":{"self":[{"href":"https:\/\/focotocantinense.com.br\/index.php?rest_route=\/wp\/v2\/posts\/5148","targetHints":{"allow":["GET"]}}],"collection":[{"href":"https:\/\/focotocantinense.com.br\/index.php?rest_route=\/wp\/v2\/posts"}],"about":[{"href":"https:\/\/focotocantinense.com.br\/index.php?rest_route=\/wp\/v2\/types\/post"}],"author":[{"embeddable":true,"href":"https:\/\/focotocantinense.com.br\/index.php?rest_route=\/wp\/v2\/users\/5"}],"replies":[{"embeddable":true,"href":"https:\/\/focotocantinense.com.br\/index.php?rest_route=%2Fwp%2Fv2%2Fcomments&post=5148"}],"version-history":[{"count":3,"href":"https:\/\/focotocantinense.com.br\/index.php?rest_route=\/wp\/v2\/posts\/5148\/revisions"}],"predecessor-version":[{"id":5156,"href":"https:\/\/focotocantinense.com.br\/index.php?rest_route=\/wp\/v2\/posts\/5148\/revisions\/5156"}],"wp:featuredmedia":[{"embeddable":true,"href":"https:\/\/focotocantinense.com.br\/index.php?rest_route=\/wp\/v2\/media\/5149"}],"wp:attachment":[{"href":"https:\/\/focotocantinense.com.br\/index.php?rest_route=%2Fwp%2Fv2%2Fmedia&parent=5148"}],"wp:term":[{"taxonomy":"category","embeddable":true,"href":"https:\/\/focotocantinense.com.br\/index.php?rest_route=%2Fwp%2Fv2%2Fcategories&post=5148"},{"taxonomy":"post_tag","embeddable":true,"href":"https:\/\/focotocantinense.com.br\/index.php?rest_route=%2Fwp%2Fv2%2Ftags&post=5148"}],"curies":[{"name":"wp","href":"https:\/\/api.w.org\/{rel}","templated":true}]}}