{"id":5120,"date":"2023-06-17T11:05:04","date_gmt":"2023-06-17T14:05:04","guid":{"rendered":"https:\/\/focotocantinense.com.br\/?p=5120"},"modified":"2023-06-17T11:05:41","modified_gmt":"2023-06-17T14:05:41","slug":"academicos-de-fisioterapia-participam-do-maior-congresso-do-centro-oeste","status":"publish","type":"post","link":"https:\/\/focotocantinense.com.br\/?p=5120","title":{"rendered":"Acad\u00eamicos de Fisioterapia participam do maior congresso do Centro-Oeste"},"content":{"rendered":"\n<p>Uma turma composta por 12 acad\u00eamicos do 4\u00ba ao 9\u00ba per\u00edodos, do curso de Fisioterapia da Universidade de Gurupi \u2013 UnirG, participa at\u00e9 este s\u00e1bado, 17, em Goi\u00e2nia\/GO, do III Congresso do Centro Oeste de Fisioterapia Respirat\u00f3ria, Cardiovascular e em Terapia Intensiva da Assobrafir (Centrofir). Esse \u00e9 o maior Congresso do Centro-Oeste.<\/p>\n\n\n\n<p>O evento oferta cursos, palestras, sess\u00f5es de e-poster e confer\u00eancias, entre outras atividades. O III Centrofir \u00e9 organizado pela Associa\u00e7\u00e3o Brasileira de Fisioterapia Cardiorrespirat\u00f3ria e Fisioterapia em Terapia Intensiva (Assobrafir). O evento tem a finalidade de promover o desenvolvimento t\u00e9cnico e cient\u00edfico da Fisioterapia Respirat\u00f3ria, Cardiovascular e Terapia Intensiva por meio da troca de experi\u00eancias entre pesquisadores, profissionais, estudantes e docentes da \u00e1rea de sa\u00fade, tomando como base as atividades desenvolvidas pela comunidade cient\u00edfica nacional e internacional.<\/p>\n\n\n\n<p>Para o acad\u00eamico do 6\u00ba per\u00edodo de Fisioterapia da UnirG, Armando Jarib Gon\u00e7alves, presidente da Liga Acad\u00eamica de Fisioterapia Intensiva (Ligafi), o congresso oportuniza a atualiza\u00e7\u00e3o e o contato com as principais refer\u00eancias do pa\u00eds na \u00e1rea.<\/p>\n\n\n\n<p>\u201cVimos que na pandemia o n\u00famero de leitos de UTI aumentou e notamos a import\u00e2ncia do fisioterapeuta intensivista nessa \u00e1rea. A escassez de profissionais capacitados para trabalhar nas unidades ainda n\u00e3o foi suprida e para termos oportunidade de ingressar nessa \u00e1rea, \u00e9 essencial mantermo-nos atualizados e com o volume de conhecimento produzido a cada ano\u201d, afirmou o estudante.<\/p>\n\n\n\n<p>O evento ocorre no Sicoob UniCentro Br, na avenida T-8, 109 , Setor Marista, Goi\u00e2nia \u2013 GO.<\/p>\n\n\n\n<figure class=\"wp-block-image size-large\"><img loading=\"lazy\" decoding=\"async\" width=\"1024\" height=\"768\" src=\"https:\/\/focotocantinense.com.br\/wp-content\/uploads\/2023\/06\/AA-1-1024x768.jpg\" alt=\"\" class=\"wp-image-5121\" srcset=\"https:\/\/focotocantinense.com.br\/wp-content\/uploads\/2023\/06\/AA-1-1024x768.jpg 1024w, https:\/\/focotocantinense.com.br\/wp-content\/uploads\/2023\/06\/AA-1-300x225.jpg 300w, https:\/\/focotocantinense.com.br\/wp-content\/uploads\/2023\/06\/AA-1-768x576.jpg 768w, https:\/\/focotocantinense.com.br\/wp-content\/uploads\/2023\/06\/AA-1-1536x1152.jpg 1536w, https:\/\/focotocantinense.com.br\/wp-content\/uploads\/2023\/06\/AA-1.jpg 1600w\" sizes=\"auto, (max-width: 1024px) 100vw, 1024px\" \/><\/figure>\n\n\n\n<figure class=\"wp-block-image size-large is-resized\"><img loading=\"lazy\" decoding=\"async\" src=\"https:\/\/focotocantinense.com.br\/wp-content\/uploads\/2023\/06\/5215c382-74e8-4be1-ae0e-821dde0eaaee-4-576x1024.jpg\" alt=\"\" class=\"wp-image-5029\" width=\"836\" height=\"1486\" srcset=\"https:\/\/focotocantinense.com.br\/wp-content\/uploads\/2023\/06\/5215c382-74e8-4be1-ae0e-821dde0eaaee-4-576x1024.jpg 576w, https:\/\/focotocantinense.com.br\/wp-content\/uploads\/2023\/06\/5215c382-74e8-4be1-ae0e-821dde0eaaee-4-169x300.jpg 169w, https:\/\/focotocantinense.com.br\/wp-content\/uploads\/2023\/06\/5215c382-74e8-4be1-ae0e-821dde0eaaee-4-768x1365.jpg 768w, https:\/\/focotocantinense.com.br\/wp-content\/uploads\/2023\/06\/5215c382-74e8-4be1-ae0e-821dde0eaaee-4-864x1536.jpg 864w, https:\/\/focotocantinense.com.br\/wp-content\/uploads\/2023\/06\/5215c382-74e8-4be1-ae0e-821dde0eaaee-4.jpg 900w\" sizes=\"auto, (max-width: 836px) 100vw, 836px\" \/><\/figure>\n\n\n\n<figure class=\"wp-block-image is-resized\"><img loading=\"lazy\" decoding=\"async\" src=\"http:\/\/n1to.com.br\/img\/uploads\/VINI_75.jpg\" alt=\"\" width=\"834\" height=\"252\"\/><\/figure>\n","protected":false},"excerpt":{"rendered":"<p>Uma turma composta por 12 acad\u00eamicos do 4\u00ba ao 9\u00ba per\u00edodos, do curso de Fisioterapia da Universidade de Gurupi \u2013 UnirG, participa at\u00e9 este s\u00e1bado, 17, em Goi\u00e2nia\/GO, do III Congresso do Centro Oeste de Fisioterapia Respirat\u00f3ria, Cardiovascular e em Terapia Intensiva da Assobrafir (Centrofir). Esse \u00e9 o maior Congresso do Centro-Oeste. O evento oferta &hellip;<\/p>\n","protected":false},"author":5,"featured_media":5121,"comment_status":"open","ping_status":"open","sticky":false,"template":"","format":"standard","meta":{"footnotes":""},"categories":[38],"tags":[],"class_list":["post-5120","post","type-post","status-publish","format-standard","has-post-thumbnail","","category-gurupi"],"_links":{"self":[{"href":"https:\/\/focotocantinense.com.br\/index.php?rest_route=\/wp\/v2\/posts\/5120","targetHints":{"allow":["GET"]}}],"collection":[{"href":"https:\/\/focotocantinense.com.br\/index.php?rest_route=\/wp\/v2\/posts"}],"about":[{"href":"https:\/\/focotocantinense.com.br\/index.php?rest_route=\/wp\/v2\/types\/post"}],"author":[{"embeddable":true,"href":"https:\/\/focotocantinense.com.br\/index.php?rest_route=\/wp\/v2\/users\/5"}],"replies":[{"embeddable":true,"href":"https:\/\/focotocantinense.com.br\/index.php?rest_route=%2Fwp%2Fv2%2Fcomments&post=5120"}],"version-history":[{"count":3,"href":"https:\/\/focotocantinense.com.br\/index.php?rest_route=\/wp\/v2\/posts\/5120\/revisions"}],"predecessor-version":[{"id":5124,"href":"https:\/\/focotocantinense.com.br\/index.php?rest_route=\/wp\/v2\/posts\/5120\/revisions\/5124"}],"wp:featuredmedia":[{"embeddable":true,"href":"https:\/\/focotocantinense.com.br\/index.php?rest_route=\/wp\/v2\/media\/5121"}],"wp:attachment":[{"href":"https:\/\/focotocantinense.com.br\/index.php?rest_route=%2Fwp%2Fv2%2Fmedia&parent=5120"}],"wp:term":[{"taxonomy":"category","embeddable":true,"href":"https:\/\/focotocantinense.com.br\/index.php?rest_route=%2Fwp%2Fv2%2Fcategories&post=5120"},{"taxonomy":"post_tag","embeddable":true,"href":"https:\/\/focotocantinense.com.br\/index.php?rest_route=%2Fwp%2Fv2%2Ftags&post=5120"}],"curies":[{"name":"wp","href":"https:\/\/api.w.org\/{rel}","templated":true}]}}