{"id":5093,"date":"2023-06-16T20:57:06","date_gmt":"2023-06-16T23:57:06","guid":{"rendered":"https:\/\/focotocantinense.com.br\/?p=5093"},"modified":"2023-06-16T20:58:00","modified_gmt":"2023-06-16T23:58:00","slug":"comissoes-estrategicas-da-atm-nas-areas-da-fazenda-infraestrutura-e-turismo-promovem-primeiras-reunioes","status":"publish","type":"post","link":"https:\/\/focotocantinense.com.br\/?p=5093","title":{"rendered":"COMISS\u00d5ES ESTRAT\u00c9GICAS DA ATM NAS \u00c1REAS DA FAZENDA, INFRAESTRUTURA E TURISMO PROMOVEM PRIMEIRAS REUNI\u00d5ES"},"content":{"rendered":"\n<p>Comiss\u00f5es estrat\u00e9gicas criadas pela Associa\u00e7\u00e3o Tocantinense de Munic\u00edpios (ATM), nas \u00e1reas de Fazenda, Infraestrutura e Turismo, tiveram suas primeiras reuni\u00f5es ocorridas de 12 a 15 de junho, na sede administrativa da entidade. Constitu\u00eddas por prefeitos das mais diversas regi\u00f5es do Estado, as comiss\u00f5es discutiram temas como arrecada\u00e7\u00e3o, temporada de praias e recupera\u00e7\u00e3o de estradas.<\/p>\n\n\n\n<p>O presidente da ATM e prefeito de Talism\u00e3, Diogo Borges, afirma que a entidade d\u00e1 um novo passo em dire\u00e7\u00e3o \u00e0 amplia\u00e7\u00e3o de sua representa\u00e7\u00e3o institucional com o trabalho das comiss\u00f5es. \u201cPrimeiro porque permite que os prefeitos discutam e decidam as pautas a serem trabalhadas, e segundo porque buscaremos ter maior controle sobre os assuntos de cada \u00e1rea, principalmente diante dos governos Estadual e Federal\u201d, disse.<\/p>\n\n\n\n<p><strong>Fazenda&nbsp;<\/strong>\u2013 A primeira reuni\u00e3o das comiss\u00f5es foi na \u00e1rea da Fazenda, e os prefeitos discutiram sobre a transpar\u00eancia dos repasses do ICMS; compensa\u00e7\u00e3o da cota parte dos 25% dos Munic\u00edpios no ICMS ap\u00f3s as desonera\u00e7\u00f5es do imposto sobre a gasolina, ocorridas me 2022; e a participa\u00e7\u00e3o dos Munic\u00edpios em outras receitas geradas pelo Estado. \u201cImportant\u00edssimo esse trabalho das comiss\u00f5es, pois permitir\u00e1 acompanharmos de forma conjunta, principalmente os repasses constitucionais\u201d, disse o prefeito de Aragua\u00edna, Wagner Rodrigues.<\/p>\n\n\n\n<p><strong>Turismo&nbsp;<\/strong>\u2013 A segunda reuni\u00e3o foi na \u00e1rea do Turismo, e as temporadas de praias foi tema discutido no encontro. \u201cPrecisamos entender como se d\u00e1 a classifica\u00e7\u00e3o das praias, e os crit\u00e9rios de repasse de recursos\u201d, disse o prefeito de Arapoema, Paulo da Barra Bonita. Os prefeitos da Comiss\u00e3o de Turismo propuseram a marca\u00e7\u00e3o de reuni\u00f5es com o Sebrae e com a Secretaria de Estado do Turismo (SETUR).<\/p>\n\n\n\n<p><strong>Infraestrutura \u2013&nbsp;<\/strong>A recupera\u00e7\u00e3o das estradas foi tema principal da Comiss\u00e3o de Infraestrutura, com destaque para a manuten\u00e7\u00e3o das rodovias estaduais dentro do per\u00edmetro urbano dos Munic\u00edpios. Ainda, os prefeitos discutiram a regulariza\u00e7\u00e3o dos pagamentos de parcelas do Programa de Fortalecimento da Economia e Gera\u00e7\u00e3o de Empregos e sobre os programas habitacionais do Governo Federal.<\/p>\n\n\n\n<p>A ATM dever\u00e1 promover ainda as reuni\u00f5es das Comiss\u00f5es de Educa\u00e7\u00e3o, Sa\u00fade e Seguran\u00e7a P\u00fablica.<\/p>\n\n\n\n<figure class=\"wp-block-image size-full\"><img loading=\"lazy\" decoding=\"async\" width=\"1006\" height=\"510\" src=\"https:\/\/focotocantinense.com.br\/wp-content\/uploads\/2023\/06\/BBB-2.jpg\" alt=\"\" class=\"wp-image-5094\" srcset=\"https:\/\/focotocantinense.com.br\/wp-content\/uploads\/2023\/06\/BBB-2.jpg 1006w, https:\/\/focotocantinense.com.br\/wp-content\/uploads\/2023\/06\/BBB-2-300x152.jpg 300w, https:\/\/focotocantinense.com.br\/wp-content\/uploads\/2023\/06\/BBB-2-768x389.jpg 768w\" sizes=\"auto, (max-width: 1006px) 100vw, 1006px\" \/><\/figure>\n\n\n\n<figure class=\"wp-block-image size-full is-resized\"><img loading=\"lazy\" decoding=\"async\" src=\"https:\/\/focotocantinense.com.br\/wp-content\/uploads\/2023\/06\/VINI.jpg\" alt=\"\" class=\"wp-image-4981\" width=\"836\" height=\"252\" srcset=\"https:\/\/focotocantinense.com.br\/wp-content\/uploads\/2023\/06\/VINI.jpg 640w, https:\/\/focotocantinense.com.br\/wp-content\/uploads\/2023\/06\/VINI-300x90.jpg 300w\" sizes=\"auto, (max-width: 836px) 100vw, 836px\" \/><\/figure>\n\n\n\n<figure class=\"wp-block-image size-large is-resized\"><img loading=\"lazy\" decoding=\"async\" src=\"https:\/\/focotocantinense.com.br\/wp-content\/uploads\/2023\/06\/5215c382-74e8-4be1-ae0e-821dde0eaaee-2-576x1024.jpg\" alt=\"\" class=\"wp-image-4979\" width=\"832\" height=\"1479\" srcset=\"https:\/\/focotocantinense.com.br\/wp-content\/uploads\/2023\/06\/5215c382-74e8-4be1-ae0e-821dde0eaaee-2-576x1024.jpg 576w, https:\/\/focotocantinense.com.br\/wp-content\/uploads\/2023\/06\/5215c382-74e8-4be1-ae0e-821dde0eaaee-2-169x300.jpg 169w, https:\/\/focotocantinense.com.br\/wp-content\/uploads\/2023\/06\/5215c382-74e8-4be1-ae0e-821dde0eaaee-2-768x1365.jpg 768w, https:\/\/focotocantinense.com.br\/wp-content\/uploads\/2023\/06\/5215c382-74e8-4be1-ae0e-821dde0eaaee-2-864x1536.jpg 864w, https:\/\/focotocantinense.com.br\/wp-content\/uploads\/2023\/06\/5215c382-74e8-4be1-ae0e-821dde0eaaee-2.jpg 900w\" sizes=\"auto, (max-width: 832px) 100vw, 832px\" \/><\/figure>\n","protected":false},"excerpt":{"rendered":"<p>Comiss\u00f5es estrat\u00e9gicas criadas pela Associa\u00e7\u00e3o Tocantinense de Munic\u00edpios (ATM), nas \u00e1reas de Fazenda, Infraestrutura e Turismo, tiveram suas primeiras reuni\u00f5es ocorridas de 12 a 15 de junho, na sede administrativa da entidade. Constitu\u00eddas por prefeitos das mais diversas regi\u00f5es do Estado, as comiss\u00f5es discutiram temas como arrecada\u00e7\u00e3o, temporada de praias e recupera\u00e7\u00e3o de estradas. O &hellip;<\/p>\n","protected":false},"author":5,"featured_media":5094,"comment_status":"open","ping_status":"open","sticky":false,"template":"","format":"standard","meta":{"footnotes":""},"categories":[40],"tags":[],"class_list":["post-5093","post","type-post","status-publish","format-standard","has-post-thumbnail","","category-politica"],"_links":{"self":[{"href":"https:\/\/focotocantinense.com.br\/index.php?rest_route=\/wp\/v2\/posts\/5093","targetHints":{"allow":["GET"]}}],"collection":[{"href":"https:\/\/focotocantinense.com.br\/index.php?rest_route=\/wp\/v2\/posts"}],"about":[{"href":"https:\/\/focotocantinense.com.br\/index.php?rest_route=\/wp\/v2\/types\/post"}],"author":[{"embeddable":true,"href":"https:\/\/focotocantinense.com.br\/index.php?rest_route=\/wp\/v2\/users\/5"}],"replies":[{"embeddable":true,"href":"https:\/\/focotocantinense.com.br\/index.php?rest_route=%2Fwp%2Fv2%2Fcomments&post=5093"}],"version-history":[{"count":4,"href":"https:\/\/focotocantinense.com.br\/index.php?rest_route=\/wp\/v2\/posts\/5093\/revisions"}],"predecessor-version":[{"id":5099,"href":"https:\/\/focotocantinense.com.br\/index.php?rest_route=\/wp\/v2\/posts\/5093\/revisions\/5099"}],"wp:featuredmedia":[{"embeddable":true,"href":"https:\/\/focotocantinense.com.br\/index.php?rest_route=\/wp\/v2\/media\/5094"}],"wp:attachment":[{"href":"https:\/\/focotocantinense.com.br\/index.php?rest_route=%2Fwp%2Fv2%2Fmedia&parent=5093"}],"wp:term":[{"taxonomy":"category","embeddable":true,"href":"https:\/\/focotocantinense.com.br\/index.php?rest_route=%2Fwp%2Fv2%2Fcategories&post=5093"},{"taxonomy":"post_tag","embeddable":true,"href":"https:\/\/focotocantinense.com.br\/index.php?rest_route=%2Fwp%2Fv2%2Ftags&post=5093"}],"curies":[{"name":"wp","href":"https:\/\/api.w.org\/{rel}","templated":true}]}}