{"id":5084,"date":"2023-06-16T19:59:29","date_gmt":"2023-06-16T22:59:29","guid":{"rendered":"https:\/\/focotocantinense.com.br\/?p=5084"},"modified":"2023-06-16T20:01:02","modified_gmt":"2023-06-16T23:01:02","slug":"em-evento-promovido-pela-prefeitura-de-gurupi-projeto-de-duplicacao-da-br-153-e-apresentado-pela-ecovias-e-discutido-com-empresarios-locais","status":"publish","type":"post","link":"https:\/\/focotocantinense.com.br\/?p=5084","title":{"rendered":"Em evento promovido pela Prefeitura de Gurupi, projeto de duplica\u00e7\u00e3o da BR-153 \u00e9 apresentado pela Ecovias e discutido com empres\u00e1rios locais"},"content":{"rendered":"\n<p>Nesta sexta-feira, 16, a Prefeitura de Gurupi organizou um evento de grande relev\u00e2ncia para apresenta\u00e7\u00e3o e discuss\u00e3o do projeto de duplica\u00e7\u00e3o da BR-153 no per\u00edmetro urbano da cidade, no audit\u00f3rio do Instituto Federal do Tocantins (IFTO). O evento encabe\u00e7ado pela prefeita Josi Nunes reuniu o diretor superintendente da concession\u00e1ria Ecovias do Araguaia, Carlos Xisto, lideran\u00e7as pol\u00edticas e empres\u00e1rios locais para debaterem as propostas referentes \u00e0 duplica\u00e7\u00e3o da rodovia federal.<\/p>\n\n\n\n<p>Durante o evento, o diretor da Ecovias, Carlos Xisto, apresentou detalhes do projeto de duplica\u00e7\u00e3o do per\u00edmetro urbano de Gurupi, que contempla 11,25 km de extens\u00e3o, incluindo a implanta\u00e7\u00e3o de tr\u00eas retornos, passagens inferiores, uma passarela para travessia de pedestres e dois viadutos pr\u00f3ximos \u00e0s entradas Norte e Sul da cidade.<\/p>\n\n\n\n<p>Sobre a expectativa para o in\u00edcio das obras, Xisto destacou que a previs\u00e3o \u00e9 iniciar ainda em 2023. \u201cA Ecovias est\u00e1 aguardando a emiss\u00e3o da licen\u00e7a de instala\u00e7\u00e3o junto ao \u00f3rg\u00e3o ambiental que \u00e9 o IBAMA, a partir do recebimento desta licen\u00e7a em tempo h\u00e1bil antes do per\u00edodo chuvoso, vamos buscar todos os esfor\u00e7os para iniciarmos a obra ainda esse ano\u201d, declarou. Sobre os investimentos para a obra, o diretor afirmou que s\u00e3o mais de R$ 100 milh\u00f5es que ser\u00e3o investidos e que, em breve, ser\u00e3o divulgados os n\u00fameros exatos.<\/p>\n\n\n\n<p>A prefeita Josi Nunes ressaltou a import\u00e2ncia desse projeto para Gurupi e destacou o compromisso da sua gest\u00e3o em trabalhar em parceria com todos os setores envolvidos. \u201c\u00c9 uma obra maravilhosa, um grande sonho de muitos anos, essa duplica\u00e7\u00e3o vai trazer seguran\u00e7a, evitar mortes e fazer com que as pessoas trafeguem pela BR-153 com maior tranquilidade. Entretanto, alguns pontos t\u00eam que ser amadurecidos, pois empres\u00e1rios instalados \u00e0s margens da rodovia tem suas preocupa\u00e7\u00f5es com os impactos da obra, com as vias de acesso, e estamos ajudando a mediar isso para chegarmos a um projeto que seja satisfat\u00f3rio para todos. Foi por isso que promovemos esse encontro\u201d, afirmou.<\/p>\n\n\n\n<p>Al\u00e9m disso, a Prefeita tamb\u00e9m anunciou que ser\u00e1 criado um comit\u00ea de acompanhamento, composto por representantes do poder p\u00fablico, empres\u00e1rios e especialistas, para garantir a efetividade das a\u00e7\u00f5es relacionadas \u00e0 duplica\u00e7\u00e3o da BR-153. Esse comit\u00ea ser\u00e1 respons\u00e1vel por encaminhar sugest\u00f5es, monitorar o andamento do projeto e cobrar resultados.<\/p>\n\n\n\n<p>O senador Iraj\u00e1 esteve presente no evento e destacou que a obra trar\u00e1 in\u00fameros benef\u00edcios para Gurupi. \u201c\u00c9 uma obra que vai movimentar a nossa economia, vai gerar emprego, vai aquecer o com\u00e9rcio e melhorar a acessibilidade dos gurupienses entre os lados Leste e Oeste, ent\u00e3o ser\u00e1 um divisor de \u00e1guas aqui em todos os aspectos sociais, econ\u00f4micos e ambientais. Muito importante esse di\u00e1logo com a sociedade para entender as suas necessidades e para que a empresa possa traduzir isso na execu\u00e7\u00e3o do projeto. Estou aqui para contribuir, principalmente nas quest\u00f5es relacionadas ao licenciamento ambiental que s\u00e3o necess\u00e1rias para que a obra inicie o mais rapidamente\u201d, enfatizou. &nbsp;<\/p>\n\n\n\n<p><strong>Empres\u00e1rios<\/strong><\/p>\n\n\n\n<p>O evento tamb\u00e9m teve espa\u00e7o aberto para a participa\u00e7\u00e3o da classe empresarial, que apresentou questionamentos e sugest\u00f5es ao projeto da Ecovias. Entre as solicita\u00e7\u00f5es apresentadas, est\u00e3o a manuten\u00e7\u00e3o do Trevo da Rua 20 no projeto; mudan\u00e7a na localidade da passarela ou substitui\u00e7\u00e3o da mesma por mais um viaduto; acrescentar mais 1km de duplica\u00e7\u00e3o no sentido Sul para contemplar a futura entrada da Via Perimetral Sul (Al\u00e7a vi\u00e1ria que ligar\u00e1 as BRs 153 e 242) e mais 3km no sentido Norte at\u00e9 ao Posto D\u00e9cio, onde h\u00e1 uma via de acesso a bairros da regi\u00e3o Norte da cidade; antecipa\u00e7\u00e3o da duplica\u00e7\u00e3o do trecho entre Gurupi e Alian\u00e7a, que corresponde a 40km.<\/p>\n\n\n\n<p>\u201cTemos algumas altera\u00e7\u00f5es importantes para o projeto e vamos solicitar para que sejam atendidas, pois s\u00e3o altera\u00e7\u00f5es para melhorar a atividade econ\u00f4mica e a vida das pessoas\u201d, disse o empres\u00e1rio Adailton Fonseca, respons\u00e1vel por apresentar as sugest\u00f5es do empresariado local na reuni\u00e3o. &nbsp;<\/p>\n\n\n\n<p>\u201cEu achei uma iniciativa muito boa da Prefeitura de ajudar os empres\u00e1rios que est\u00e3o \u00e0s margens da BR-153 promovendo esse debate. O projeto ficou bem interessante, por\u00e9m tem que ter algumas adapta\u00e7\u00f5es para evitar preju\u00edzos para algumas empresas grandes que precisam de retornos ao longo do trajeto dentro de Gurupi. Muito importante essa uni\u00e3o de for\u00e7as para acharmos as melhores solu\u00e7\u00f5es\u201d, disse o empres\u00e1rio da rede hoteleira, Murilo Viegas.<\/p>\n\n\n\n<p>\u201cGurupi tem muitas empresas instaladas \u00e0s margens da BR-153 que ser\u00e3o impactadas com o projeto. Ent\u00e3o, \u00e9 fundamental consultar a popula\u00e7\u00e3o e os empres\u00e1rios, como a Prefeitura de Gurupi est\u00e1 fazendo. E mais importante ainda \u00e9 chegarmos a um resultado satisfat\u00f3rio para a popula\u00e7\u00e3o e os empres\u00e1rios. E para isso ser consolidado, o di\u00e1logo \u00e9 fundamental\u201d, relatou o empres\u00e1rio do ramo do agroneg\u00f3cio, Marcelo Dominici.<\/p>\n\n\n\n<p>Sobre as sugest\u00f5es dos empres\u00e1rios, Carlos Xisto destacou que a parceria e o di\u00e1logo com a Prefeitura e a classe empresarial s\u00e3o fundamentais e que a concession\u00e1ria est\u00e1 aberta \u00e0s sugest\u00f5es. \u201cVamos analisar esses pedidos, temos algumas quest\u00f5es t\u00e9cnicas que precisam ser respeitadas nos projetos, tamb\u00e9m temos algumas limita\u00e7\u00f5es do escopo do nosso contrato, mas a gente vai analisar com muita aten\u00e7\u00e3o as sugest\u00f5es e vamos nos esfor\u00e7ar para atend\u00ea-las dentro do que rege o contrato e dentro das normas t\u00e9cnicas\u201d, afirmou.<\/p>\n\n\n\n<p><strong>Nova Rodovi\u00e1ria<\/strong><\/p>\n\n\n\n<p>A prefeita Josi Nunes tamb\u00e9m aproveitou a ocasi\u00e3o para apresentar o projeto de constru\u00e7\u00e3o da nova rodovi\u00e1ria de Gurupi, que ser\u00e1 constru\u00edda em uma \u00e1rea localizada na entrada Sul da cidade, onde funcionava o antigo Posto Cometa. O investimento ser\u00e1 de R$ 10 milh\u00f5es, recurso destinado pela senadora Professora Dorinha.<\/p>\n\n\n\n<p><strong>Aeroporto<\/strong><\/p>\n\n\n\n<p>Outro an\u00fancio feito pela Prefeita foi a respeito do evento que marcar\u00e1 a cess\u00e3o da gest\u00e3o do Aeroporto de Gurupi \u2013 Comandante Jacinto Nunes para a Infraero. A prefeita Josi Nunes aproveitou o espa\u00e7o para convidar os empres\u00e1rios e toda a comunidade para a solenidade de entrega da chave do Aeroporto, que ser\u00e1 realizada na pr\u00f3xima ter\u00e7a-feira, 20, no audit\u00f3rio do Sebrae (Avenida Maranh\u00e3o), com presen\u00e7a do presidente da Infraero, Rog\u00e9rio Barzellay. &nbsp;<\/p>\n\n\n\n<p><strong>Parcerias P\u00fablico-Privadas<\/strong><\/p>\n\n\n\n<p>Por fim, tamb\u00e9m foram apresentados ao p\u00fablico presente alguns projetos que a Prefeitura de Gurupi est\u00e1 tentando desenvolver dentro das Parcerias P\u00fablico-Privadas, com foco em tr\u00eas \u00e1reas: Energia solar, ilumina\u00e7\u00e3o e conectividade. Com isso, tornar Gurupi uma cidade inteligente, sustent\u00e1vel e com mais qualidade de vida.<\/p>\n\n\n\n<p><strong>Presen\u00e7as<\/strong><\/p>\n\n\n\n<p>Entre as autoridades presentes no evento estiveram o senador Iraj\u00e1 Silvestre; os deputados estaduais Gutierres Torquato e Eduardo Fortes; o prefeito de Alian\u00e7a, Elves Guimar\u00e3es; o prefeito de Palmeir\u00f3polis, Bartolomeu Moura; vereadores e secret\u00e1rios municipais de Gurupi.\u00a0<\/p>\n\n\n\n<figure class=\"wp-block-image size-full\"><img loading=\"lazy\" decoding=\"async\" width=\"979\" height=\"529\" src=\"https:\/\/focotocantinense.com.br\/wp-content\/uploads\/2023\/06\/BBB-1.jpg\" alt=\"\" class=\"wp-image-5091\" srcset=\"https:\/\/focotocantinense.com.br\/wp-content\/uploads\/2023\/06\/BBB-1.jpg 979w, https:\/\/focotocantinense.com.br\/wp-content\/uploads\/2023\/06\/BBB-1-300x162.jpg 300w, https:\/\/focotocantinense.com.br\/wp-content\/uploads\/2023\/06\/BBB-1-768x415.jpg 768w\" sizes=\"auto, (max-width: 979px) 100vw, 979px\" \/><\/figure>\n\n\n\n<figure class=\"wp-block-image size-full\"><img loading=\"lazy\" decoding=\"async\" width=\"985\" height=\"507\" src=\"https:\/\/focotocantinense.com.br\/wp-content\/uploads\/2023\/06\/AAA-5.jpg\" alt=\"\" class=\"wp-image-5085\" srcset=\"https:\/\/focotocantinense.com.br\/wp-content\/uploads\/2023\/06\/AAA-5.jpg 985w, https:\/\/focotocantinense.com.br\/wp-content\/uploads\/2023\/06\/AAA-5-300x154.jpg 300w, https:\/\/focotocantinense.com.br\/wp-content\/uploads\/2023\/06\/AAA-5-768x395.jpg 768w\" sizes=\"auto, (max-width: 985px) 100vw, 985px\" \/><\/figure>\n\n\n\n<figure class=\"wp-block-image size-full is-resized\"><img loading=\"lazy\" decoding=\"async\" src=\"https:\/\/focotocantinense.com.br\/wp-content\/uploads\/2023\/06\/VINI.jpg\" alt=\"\" class=\"wp-image-4981\" width=\"840\" height=\"253\" srcset=\"https:\/\/focotocantinense.com.br\/wp-content\/uploads\/2023\/06\/VINI.jpg 640w, https:\/\/focotocantinense.com.br\/wp-content\/uploads\/2023\/06\/VINI-300x90.jpg 300w\" sizes=\"auto, (max-width: 840px) 100vw, 840px\" \/><\/figure>\n\n\n\n<figure class=\"wp-block-image size-large is-resized\"><img loading=\"lazy\" decoding=\"async\" src=\"https:\/\/focotocantinense.com.br\/wp-content\/uploads\/2023\/06\/5215c382-74e8-4be1-ae0e-821dde0eaaee-4-576x1024.jpg\" alt=\"\" class=\"wp-image-5029\" width=\"840\" height=\"1493\" srcset=\"https:\/\/focotocantinense.com.br\/wp-content\/uploads\/2023\/06\/5215c382-74e8-4be1-ae0e-821dde0eaaee-4-576x1024.jpg 576w, https:\/\/focotocantinense.com.br\/wp-content\/uploads\/2023\/06\/5215c382-74e8-4be1-ae0e-821dde0eaaee-4-169x300.jpg 169w, https:\/\/focotocantinense.com.br\/wp-content\/uploads\/2023\/06\/5215c382-74e8-4be1-ae0e-821dde0eaaee-4-768x1365.jpg 768w, https:\/\/focotocantinense.com.br\/wp-content\/uploads\/2023\/06\/5215c382-74e8-4be1-ae0e-821dde0eaaee-4-864x1536.jpg 864w, https:\/\/focotocantinense.com.br\/wp-content\/uploads\/2023\/06\/5215c382-74e8-4be1-ae0e-821dde0eaaee-4.jpg 900w\" sizes=\"auto, (max-width: 840px) 100vw, 840px\" \/><\/figure>\n","protected":false},"excerpt":{"rendered":"<p>Nesta sexta-feira, 16, a Prefeitura de Gurupi organizou um evento de grande relev\u00e2ncia para apresenta\u00e7\u00e3o e discuss\u00e3o do projeto de duplica\u00e7\u00e3o da BR-153 no per\u00edmetro urbano da cidade, no audit\u00f3rio do Instituto Federal do Tocantins (IFTO). O evento encabe\u00e7ado pela prefeita Josi Nunes reuniu o diretor superintendente da concession\u00e1ria Ecovias do Araguaia, Carlos Xisto, lideran\u00e7as &hellip;<\/p>\n","protected":false},"author":5,"featured_media":5085,"comment_status":"open","ping_status":"open","sticky":false,"template":"","format":"standard","meta":{"footnotes":""},"categories":[38],"tags":[],"class_list":["post-5084","post","type-post","status-publish","format-standard","has-post-thumbnail","","category-gurupi"],"_links":{"self":[{"href":"https:\/\/focotocantinense.com.br\/index.php?rest_route=\/wp\/v2\/posts\/5084","targetHints":{"allow":["GET"]}}],"collection":[{"href":"https:\/\/focotocantinense.com.br\/index.php?rest_route=\/wp\/v2\/posts"}],"about":[{"href":"https:\/\/focotocantinense.com.br\/index.php?rest_route=\/wp\/v2\/types\/post"}],"author":[{"embeddable":true,"href":"https:\/\/focotocantinense.com.br\/index.php?rest_route=\/wp\/v2\/users\/5"}],"replies":[{"embeddable":true,"href":"https:\/\/focotocantinense.com.br\/index.php?rest_route=%2Fwp%2Fv2%2Fcomments&post=5084"}],"version-history":[{"count":4,"href":"https:\/\/focotocantinense.com.br\/index.php?rest_route=\/wp\/v2\/posts\/5084\/revisions"}],"predecessor-version":[{"id":5092,"href":"https:\/\/focotocantinense.com.br\/index.php?rest_route=\/wp\/v2\/posts\/5084\/revisions\/5092"}],"wp:featuredmedia":[{"embeddable":true,"href":"https:\/\/focotocantinense.com.br\/index.php?rest_route=\/wp\/v2\/media\/5085"}],"wp:attachment":[{"href":"https:\/\/focotocantinense.com.br\/index.php?rest_route=%2Fwp%2Fv2%2Fmedia&parent=5084"}],"wp:term":[{"taxonomy":"category","embeddable":true,"href":"https:\/\/focotocantinense.com.br\/index.php?rest_route=%2Fwp%2Fv2%2Fcategories&post=5084"},{"taxonomy":"post_tag","embeddable":true,"href":"https:\/\/focotocantinense.com.br\/index.php?rest_route=%2Fwp%2Fv2%2Ftags&post=5084"}],"curies":[{"name":"wp","href":"https:\/\/api.w.org\/{rel}","templated":true}]}}