{"id":5069,"date":"2023-06-16T17:39:26","date_gmt":"2023-06-16T20:39:26","guid":{"rendered":"https:\/\/focotocantinense.com.br\/?p=5069"},"modified":"2023-06-16T17:40:27","modified_gmt":"2023-06-16T20:40:27","slug":"cicero-belem-e-nomeado-coordenador-do-escritorio-de-representacao-do-ministerio-da-cultura","status":"publish","type":"post","link":"https:\/\/focotocantinense.com.br\/?p=5069","title":{"rendered":"C\u00edcero Bel\u00e9m \u00e9 nomeado coordenador do Escrit\u00f3rio de Representa\u00e7\u00e3o do Minist\u00e9rio da Cultura"},"content":{"rendered":"\n<p>Ajudando a fortalecer a cultura do Estado, o ator e professor de teatro C\u00edcero Bel\u00e9m foi nomeado pela Diretoria de Articula\u00e7\u00e3o e Governan\u00e7a da Secretaria dos Comit\u00eas de Cultura do Minist\u00e9rio da Cultura (MinC) para exercer o cargo de coordenador do Escrit\u00f3rio Estadual do Tocantins. A nomea\u00e7\u00e3o aconteceu no \u00faltimo dia 15 e se deu atrav\u00e9s da Portaria de Pessoal do MinC n\u00ba 847. O principal papel da coordena\u00e7\u00e3o \u00e9 atender e orientar o p\u00fablico quanto aos servi\u00e7os prestados pelo Minist\u00e9rio.&nbsp;<\/p>\n\n\n\n<p>Licenciado em teatro pela Universidade Federal do Tocantins (UFT) e premiado duas vezes pelo Minist\u00e9rio da Cultura atrav\u00e9s da Funda\u00e7\u00e3o Nacional de Artes (FUNARTE), C\u00edcero Bel\u00e9m, al\u00e9m de desenvolver a\u00e7\u00f5es e projetos no eixo cultural, exerce um papel importante na articula\u00e7\u00e3o de pol\u00edticas estrat\u00e9gicas para o desenvolvimento da cultura no Tocantins. Atua\u00e7\u00f5es como a consolida\u00e7\u00e3o do Conselho Municipal de Pol\u00edticas Culturais e a cria\u00e7\u00e3o e implanta\u00e7\u00e3o do Programa Palmas para Cultura s\u00e3o parte da vida profissional do novo coordenador.<\/p>\n\n\n\n<p>\u201cTenho clareza do nosso papel a ser desempenhado na articula\u00e7\u00e3o das pol\u00edticas culturais, na rela\u00e7\u00e3o com a sociedade civil e na pactua\u00e7\u00e3o federativa com estados e munic\u00edpios. Estou otimista. Vislumbro o momento como uma grande oportunidade para alavancarmos a pauta da cultura em nosso Estado do Tocantins\u201d, afirma C\u00edcero, explicando sua miss\u00e3o em prol da cultura tocantinense e brasileira.<\/p>\n\n\n\n<p>Para o secret\u00e1rio da Cultura, Ti\u00e3o Pinheiro, a nomea\u00e7\u00e3o veio para agregar no desenvolvimento da cultura regional. \u201cN\u00f3s agradecemos ao Minist\u00e9rio da Cultura (MinC) na pessoa da ministra Margareth Menezes e parabenizamos ao C\u00edcero Bel\u00e9m por sua nomea\u00e7\u00e3o como Coordenador do Escrit\u00f3rio Estadual do Tocantins do minist\u00e9rio, desejando-lhe sucesso e nos colocando \u00e0 disposi\u00e7\u00e3o para trabalharmos juntos pelo fortalecimento da cultura tocantinense\u201d.&nbsp;<\/p>\n\n\n\n<p>A presidente do Conselho de Pol\u00edticas Culturais do Tocantins, a arquiteta e professora da Universidade Federal do Tocantins, Val\u00e9ria Pican\u00e7o, destacou a import\u00e2ncia do setor cultural no Brasil e parabenizou a nomea\u00e7\u00e3o do coordenador. \u201c\u00c9 com felicidade que o CPC-TO recebe a not\u00edcia de posse do artista C\u00edcero Bel\u00e9m como Coordenador do Comit\u00ea do Minist\u00e9rio da Cultura no Tocantins. Acreditamos que com a sua nomea\u00e7\u00e3o haver\u00e1 um real fortalecimento e amplia\u00e7\u00e3o do fomento da Cultura em nosso Estado. Desejamos sucesso nesse novo desafio\u201d.<\/p>\n\n\n\n<p>Os escrit\u00f3rios estaduais atuar\u00e3o como estruturas equipadas com recursos f\u00edsicos e humanos, com presen\u00e7a em cada Unidade da Federa\u00e7\u00e3o, funcionando tanto como representa\u00e7\u00e3o institucional quanto como suporte operacional e log\u00edstico para a execu\u00e7\u00e3o das pol\u00edticas p\u00fablicas de cultura e articula\u00e7\u00e3o federativa.<\/p>\n\n\n\n<p><strong>Perfil&nbsp;<\/strong><\/p>\n\n\n\n<p>C\u00edcero Bel\u00e9m \u00e9 tocantinense natural de Porto Nacional. Com uma vasta experi\u00eancia no campo das artes, \u00e9 ator, diretor teatral, produtor, gestor cultural e servidor p\u00fablico efetivo da Funda\u00e7\u00e3o Cultural de Palmas \u2013 FCP\/Prefeitura de Palmas. Licenciado em Artes \u2013 Teatro e especialista em Linguagens (teatro, dan\u00e7a, m\u00fasica e artes visuais), Cultura, Educa\u00e7\u00e3o e Tecnologias pela Universidade Federal do Tocantins \u2013 UFT, tem uma s\u00f3lida carreira art\u00edstica com atua\u00e7\u00f5es no teatro e no cinema.<\/p>\n\n\n\n<figure class=\"wp-block-image size-large\"><img loading=\"lazy\" decoding=\"async\" width=\"1024\" height=\"683\" src=\"https:\/\/focotocantinense.com.br\/wp-content\/uploads\/2023\/06\/334689-1024x683.jpg\" alt=\"\" class=\"wp-image-5070\" srcset=\"https:\/\/focotocantinense.com.br\/wp-content\/uploads\/2023\/06\/334689-1024x683.jpg 1024w, https:\/\/focotocantinense.com.br\/wp-content\/uploads\/2023\/06\/334689-300x200.jpg 300w, https:\/\/focotocantinense.com.br\/wp-content\/uploads\/2023\/06\/334689-768x512.jpg 768w, https:\/\/focotocantinense.com.br\/wp-content\/uploads\/2023\/06\/334689-1536x1024.jpg 1536w, https:\/\/focotocantinense.com.br\/wp-content\/uploads\/2023\/06\/334689-2048x1365.jpg 2048w\" sizes=\"auto, (max-width: 1024px) 100vw, 1024px\" \/><\/figure>\n\n\n\n<figure class=\"wp-block-image size-full is-resized\"><img loading=\"lazy\" decoding=\"async\" src=\"https:\/\/focotocantinense.com.br\/wp-content\/uploads\/2023\/06\/VINI.jpg\" alt=\"\" class=\"wp-image-4981\" width=\"841\" height=\"254\" srcset=\"https:\/\/focotocantinense.com.br\/wp-content\/uploads\/2023\/06\/VINI.jpg 640w, https:\/\/focotocantinense.com.br\/wp-content\/uploads\/2023\/06\/VINI-300x90.jpg 300w\" sizes=\"auto, (max-width: 841px) 100vw, 841px\" \/><\/figure>\n\n\n\n<figure class=\"wp-block-image size-large is-resized\"><img loading=\"lazy\" decoding=\"async\" src=\"https:\/\/focotocantinense.com.br\/wp-content\/uploads\/2023\/06\/5215c382-74e8-4be1-ae0e-821dde0eaaee-4-576x1024.jpg\" alt=\"\" class=\"wp-image-5029\" width=\"835\" height=\"1484\" srcset=\"https:\/\/focotocantinense.com.br\/wp-content\/uploads\/2023\/06\/5215c382-74e8-4be1-ae0e-821dde0eaaee-4-576x1024.jpg 576w, https:\/\/focotocantinense.com.br\/wp-content\/uploads\/2023\/06\/5215c382-74e8-4be1-ae0e-821dde0eaaee-4-169x300.jpg 169w, https:\/\/focotocantinense.com.br\/wp-content\/uploads\/2023\/06\/5215c382-74e8-4be1-ae0e-821dde0eaaee-4-768x1365.jpg 768w, https:\/\/focotocantinense.com.br\/wp-content\/uploads\/2023\/06\/5215c382-74e8-4be1-ae0e-821dde0eaaee-4-864x1536.jpg 864w, https:\/\/focotocantinense.com.br\/wp-content\/uploads\/2023\/06\/5215c382-74e8-4be1-ae0e-821dde0eaaee-4.jpg 900w\" sizes=\"auto, (max-width: 835px) 100vw, 835px\" \/><\/figure>\n","protected":false},"excerpt":{"rendered":"<p>Ajudando a fortalecer a cultura do Estado, o ator e professor de teatro C\u00edcero Bel\u00e9m foi nomeado pela Diretoria de Articula\u00e7\u00e3o e Governan\u00e7a da Secretaria dos Comit\u00eas de Cultura do Minist\u00e9rio da Cultura (MinC) para exercer o cargo de coordenador do Escrit\u00f3rio Estadual do Tocantins. A nomea\u00e7\u00e3o aconteceu no \u00faltimo dia 15 e se deu &hellip;<\/p>\n","protected":false},"author":5,"featured_media":5070,"comment_status":"open","ping_status":"open","sticky":false,"template":"","format":"standard","meta":{"footnotes":""},"categories":[37],"tags":[],"class_list":["post-5069","post","type-post","status-publish","format-standard","has-post-thumbnail","","category-palmas"],"_links":{"self":[{"href":"https:\/\/focotocantinense.com.br\/index.php?rest_route=\/wp\/v2\/posts\/5069","targetHints":{"allow":["GET"]}}],"collection":[{"href":"https:\/\/focotocantinense.com.br\/index.php?rest_route=\/wp\/v2\/posts"}],"about":[{"href":"https:\/\/focotocantinense.com.br\/index.php?rest_route=\/wp\/v2\/types\/post"}],"author":[{"embeddable":true,"href":"https:\/\/focotocantinense.com.br\/index.php?rest_route=\/wp\/v2\/users\/5"}],"replies":[{"embeddable":true,"href":"https:\/\/focotocantinense.com.br\/index.php?rest_route=%2Fwp%2Fv2%2Fcomments&post=5069"}],"version-history":[{"count":3,"href":"https:\/\/focotocantinense.com.br\/index.php?rest_route=\/wp\/v2\/posts\/5069\/revisions"}],"predecessor-version":[{"id":5073,"href":"https:\/\/focotocantinense.com.br\/index.php?rest_route=\/wp\/v2\/posts\/5069\/revisions\/5073"}],"wp:featuredmedia":[{"embeddable":true,"href":"https:\/\/focotocantinense.com.br\/index.php?rest_route=\/wp\/v2\/media\/5070"}],"wp:attachment":[{"href":"https:\/\/focotocantinense.com.br\/index.php?rest_route=%2Fwp%2Fv2%2Fmedia&parent=5069"}],"wp:term":[{"taxonomy":"category","embeddable":true,"href":"https:\/\/focotocantinense.com.br\/index.php?rest_route=%2Fwp%2Fv2%2Fcategories&post=5069"},{"taxonomy":"post_tag","embeddable":true,"href":"https:\/\/focotocantinense.com.br\/index.php?rest_route=%2Fwp%2Fv2%2Ftags&post=5069"}],"curies":[{"name":"wp","href":"https:\/\/api.w.org\/{rel}","templated":true}]}}