{"id":5054,"date":"2023-06-16T17:02:57","date_gmt":"2023-06-16T20:02:57","guid":{"rendered":"https:\/\/focotocantinense.com.br\/?p=5054"},"modified":"2023-06-16T17:17:32","modified_gmt":"2023-06-16T20:17:32","slug":"escola-de-tocantinia-coloca-em-pratica-projeto-que-previne-a-pratica-de-bullying","status":"publish","type":"post","link":"https:\/\/focotocantinense.com.br\/?p=5054","title":{"rendered":"Escola de Tocant\u00ednia coloca em pr\u00e1tica projeto que previne a pr\u00e1tica de bullying"},"content":{"rendered":"\n<p><strong>Por Zacarias Martins<\/strong><\/p>\n\n\n\n<p>Em Tocant\u00ednia, a &nbsp;Escola Municipal Professor Constantino Pedro de Castro, realizou, &nbsp;nesta sexta-feira,&nbsp; dia 15, a Culmin\u00e2ncia do projeto Bullying n\u00e3o tem gra\u00e7a, com o objetivo de conscientizar os alunos a import\u00e2ncia de n\u00e3o se praticar bullying&nbsp; na escola e nem fora dela.<\/p>\n\n\n\n<p>Cada turma de alunos  desenvolveu v\u00e1rias atividades, como grava\u00e7\u00f5es de v\u00eddeos e confec\u00e7\u00f5es de cartazes. Nesta culmin\u00e2ncia, por exemplo, a turma do 5\u00b0 ano realizou uma dramatiza\u00e7\u00e3o com o tema: \u00a0Bullying n\u00e3o \u00e9 legal.<\/p>\n\n\n\n<p>Como parte da movimentada programa\u00e7\u00e3o na escola, &nbsp;aconteceram palestras com&nbsp; a conselheira &nbsp;do Conselho Tutelar da Crian\u00e7a e do Adolescente, Ragleide Alves da Silva Souza e, tamb\u00e9m, c om&nbsp; a psic\u00f3loga Camila Magalh\u00e3es, com abordagens l\u00fadica e bem fundamentada &nbsp;do assunto em tela.<\/p>\n\n\n\n<p>A diretora Jucilene Martins Louzeira ressaltou a import\u00e2ncia de a escola trabalhar essa tem\u00e1tica.<\/p>\n\n\n\n<p>\u201cSe n\u00e3o receber a aten\u00e7\u00e3o adequada, uma crian\u00e7a que pratica&nbsp;bullying&nbsp;pode desenvolver comportamentos antissociais e agressivos at\u00e9 a vida adulta. J\u00e1 a v\u00edtima pode desenvolver problemas de autoestima, fobias, depress\u00e3o, ansiedade, exclus\u00e3o social, e em alguns casos pode at\u00e9 cometer suic\u00eddio. Por isso estamos todos empenhados em manter&nbsp; longe da vida&nbsp; das nossas crian\u00e7as de Tocant\u00ednia, especialmente,&nbsp; do &nbsp;ambiente escolar, as pr\u00e1ticas nocivas do bullying\u201d, asseverou a diretora.<\/p>\n\n\n\n<figure class=\"wp-block-image size-large\"><img loading=\"lazy\" decoding=\"async\" width=\"1024\" height=\"571\" src=\"https:\/\/focotocantinense.com.br\/wp-content\/uploads\/2023\/06\/aaa-3-1024x571.jpg\" alt=\"\" class=\"wp-image-5064\" srcset=\"https:\/\/focotocantinense.com.br\/wp-content\/uploads\/2023\/06\/aaa-3-1024x571.jpg 1024w, https:\/\/focotocantinense.com.br\/wp-content\/uploads\/2023\/06\/aaa-3-300x167.jpg 300w, https:\/\/focotocantinense.com.br\/wp-content\/uploads\/2023\/06\/aaa-3-768x428.jpg 768w, https:\/\/focotocantinense.com.br\/wp-content\/uploads\/2023\/06\/aaa-3-1536x856.jpg 1536w, https:\/\/focotocantinense.com.br\/wp-content\/uploads\/2023\/06\/aaa-3.jpg 1600w\" sizes=\"auto, (max-width: 1024px) 100vw, 1024px\" \/><\/figure>\n\n\n\n<figure class=\"wp-block-image size-large\"><img loading=\"lazy\" decoding=\"async\" width=\"1024\" height=\"438\" src=\"https:\/\/focotocantinense.com.br\/wp-content\/uploads\/2023\/06\/ccc-1024x438.jpg\" alt=\"\" class=\"wp-image-5060\" srcset=\"https:\/\/focotocantinense.com.br\/wp-content\/uploads\/2023\/06\/ccc-1024x438.jpg 1024w, https:\/\/focotocantinense.com.br\/wp-content\/uploads\/2023\/06\/ccc-300x128.jpg 300w, https:\/\/focotocantinense.com.br\/wp-content\/uploads\/2023\/06\/ccc-768x329.jpg 768w, https:\/\/focotocantinense.com.br\/wp-content\/uploads\/2023\/06\/ccc.jpg 1451w\" sizes=\"auto, (max-width: 1024px) 100vw, 1024px\" \/><\/figure>\n\n\n\n<figure class=\"wp-block-image size-large\"><img loading=\"lazy\" decoding=\"async\" width=\"1024\" height=\"749\" src=\"https:\/\/focotocantinense.com.br\/wp-content\/uploads\/2023\/06\/xxxxxxxxxxxxx-1024x749.jpg\" alt=\"\" class=\"wp-image-5058\" srcset=\"https:\/\/focotocantinense.com.br\/wp-content\/uploads\/2023\/06\/xxxxxxxxxxxxx-1024x749.jpg 1024w, https:\/\/focotocantinense.com.br\/wp-content\/uploads\/2023\/06\/xxxxxxxxxxxxx-300x220.jpg 300w, https:\/\/focotocantinense.com.br\/wp-content\/uploads\/2023\/06\/xxxxxxxxxxxxx-768x562.jpg 768w, https:\/\/focotocantinense.com.br\/wp-content\/uploads\/2023\/06\/xxxxxxxxxxxxx.jpg 1413w\" sizes=\"auto, (max-width: 1024px) 100vw, 1024px\" \/><\/figure>\n\n\n\n<figure class=\"wp-block-image size-full is-resized\"><img loading=\"lazy\" decoding=\"async\" src=\"https:\/\/focotocantinense.com.br\/wp-content\/uploads\/2023\/06\/VINI.jpg\" alt=\"\" class=\"wp-image-4981\" width=\"840\" height=\"253\" srcset=\"https:\/\/focotocantinense.com.br\/wp-content\/uploads\/2023\/06\/VINI.jpg 640w, https:\/\/focotocantinense.com.br\/wp-content\/uploads\/2023\/06\/VINI-300x90.jpg 300w\" sizes=\"auto, (max-width: 840px) 100vw, 840px\" \/><\/figure>\n\n\n\n<figure class=\"wp-block-image size-large is-resized\"><img loading=\"lazy\" decoding=\"async\" src=\"https:\/\/focotocantinense.com.br\/wp-content\/uploads\/2023\/06\/5215c382-74e8-4be1-ae0e-821dde0eaaee-4-576x1024.jpg\" alt=\"\" class=\"wp-image-5029\" width=\"833\" height=\"1481\" srcset=\"https:\/\/focotocantinense.com.br\/wp-content\/uploads\/2023\/06\/5215c382-74e8-4be1-ae0e-821dde0eaaee-4-576x1024.jpg 576w, https:\/\/focotocantinense.com.br\/wp-content\/uploads\/2023\/06\/5215c382-74e8-4be1-ae0e-821dde0eaaee-4-169x300.jpg 169w, https:\/\/focotocantinense.com.br\/wp-content\/uploads\/2023\/06\/5215c382-74e8-4be1-ae0e-821dde0eaaee-4-768x1365.jpg 768w, https:\/\/focotocantinense.com.br\/wp-content\/uploads\/2023\/06\/5215c382-74e8-4be1-ae0e-821dde0eaaee-4-864x1536.jpg 864w, https:\/\/focotocantinense.com.br\/wp-content\/uploads\/2023\/06\/5215c382-74e8-4be1-ae0e-821dde0eaaee-4.jpg 900w\" sizes=\"auto, (max-width: 833px) 100vw, 833px\" \/><\/figure>\n","protected":false},"excerpt":{"rendered":"<p>Por Zacarias Martins Em Tocant\u00ednia, a &nbsp;Escola Municipal Professor Constantino Pedro de Castro, realizou, &nbsp;nesta sexta-feira,&nbsp; dia 15, a Culmin\u00e2ncia do projeto Bullying n\u00e3o tem gra\u00e7a, com o objetivo de conscientizar os alunos a import\u00e2ncia de n\u00e3o se praticar bullying&nbsp; na escola e nem fora dela. Cada turma de alunos desenvolveu v\u00e1rias atividades, como grava\u00e7\u00f5es &hellip;<\/p>\n","protected":false},"author":5,"featured_media":5064,"comment_status":"open","ping_status":"open","sticky":false,"template":"","format":"standard","meta":{"footnotes":""},"categories":[78],"tags":[],"class_list":["post-5054","post","type-post","status-publish","format-standard","has-post-thumbnail","","category-tocantinia"],"_links":{"self":[{"href":"https:\/\/focotocantinense.com.br\/index.php?rest_route=\/wp\/v2\/posts\/5054","targetHints":{"allow":["GET"]}}],"collection":[{"href":"https:\/\/focotocantinense.com.br\/index.php?rest_route=\/wp\/v2\/posts"}],"about":[{"href":"https:\/\/focotocantinense.com.br\/index.php?rest_route=\/wp\/v2\/types\/post"}],"author":[{"embeddable":true,"href":"https:\/\/focotocantinense.com.br\/index.php?rest_route=\/wp\/v2\/users\/5"}],"replies":[{"embeddable":true,"href":"https:\/\/focotocantinense.com.br\/index.php?rest_route=%2Fwp%2Fv2%2Fcomments&post=5054"}],"version-history":[{"count":8,"href":"https:\/\/focotocantinense.com.br\/index.php?rest_route=\/wp\/v2\/posts\/5054\/revisions"}],"predecessor-version":[{"id":5068,"href":"https:\/\/focotocantinense.com.br\/index.php?rest_route=\/wp\/v2\/posts\/5054\/revisions\/5068"}],"wp:featuredmedia":[{"embeddable":true,"href":"https:\/\/focotocantinense.com.br\/index.php?rest_route=\/wp\/v2\/media\/5064"}],"wp:attachment":[{"href":"https:\/\/focotocantinense.com.br\/index.php?rest_route=%2Fwp%2Fv2%2Fmedia&parent=5054"}],"wp:term":[{"taxonomy":"category","embeddable":true,"href":"https:\/\/focotocantinense.com.br\/index.php?rest_route=%2Fwp%2Fv2%2Fcategories&post=5054"},{"taxonomy":"post_tag","embeddable":true,"href":"https:\/\/focotocantinense.com.br\/index.php?rest_route=%2Fwp%2Fv2%2Ftags&post=5054"}],"curies":[{"name":"wp","href":"https:\/\/api.w.org\/{rel}","templated":true}]}}