{"id":5049,"date":"2023-06-16T10:56:14","date_gmt":"2023-06-16T13:56:14","guid":{"rendered":"https:\/\/focotocantinense.com.br\/?p=5049"},"modified":"2023-06-16T10:56:54","modified_gmt":"2023-06-16T13:56:54","slug":"tocantinopolis-vai-ganhar-um-dia-especial-para-comemorar-as-potencialidades-do-babacu","status":"publish","type":"post","link":"https:\/\/focotocantinense.com.br\/?p=5049","title":{"rendered":"Tocantin\u00f3polis vai ganhar um dia especial para comemorar as potencialidades do baba\u00e7u"},"content":{"rendered":"\n<p><strong>Por Zacarias&nbsp; Martins<\/strong><\/p>\n\n\n\n<p>Est\u00e1 em tramita\u00e7\u00e3o nas comiss\u00f5es da C\u00e2mara Municipal de Tocantin\u00f3polis, o Projeto de Lei de autoria do vereador Delegado Tiago Daniel de Moraes (PTB), que institui o Dia Municipal do Baba\u00e7u, a ser comemorado anualmente na data de 25 de julho.<\/p>\n\n\n\n<p>O parlamentar justifica&nbsp; essa iniciativa, argumentando que o&nbsp;baba\u00e7u, \u00e9 uma esp\u00e9cie de&nbsp;palmeira multifuncional, que proporciona alimento de seus&nbsp;frutos, produ\u00e7\u00e3o de moradias atrav\u00e9s do tronco das \u00e1rvores e a mais conhecida, a extra\u00e7\u00e3o das sementes oleaginosas, resulta em um \u00f3leo muito utilizado empesquisas cient\u00edficas&nbsp;e na fabrica\u00e7\u00e3o de cosm\u00e9ticos.<\/p>\n\n\n\n<p>\u201cAl\u00e9m disso, a palmeira do baba\u00e7u \u00e9 t\u00edpica da&nbsp; regi\u00e3o de Tocantin\u00f3polis, munic\u00edpio&nbsp; que conta com uma empresa pioneira no Tocantins, a Tobasa Bioindustrial,&nbsp;&nbsp; que&nbsp; ainda&nbsp; coloca em pr\u00e1tica&nbsp; um projeto de gera\u00e7\u00e3o de energia el\u00e9trica por meio do aproveitamento do baba\u00e7u\u201d, destacou o vereador Delegado Tiago Daniel de Moraes.<\/p>\n\n\n\n<p>A Tobasa \u00e9 uma empresa sediada em Tocantin\u00f3polis, no Bico do Papagaio, pioneira no desenvolvimento de tecnologias e processos para o extrativismo florestal e o aproveitamento integral do coco de baba\u00e7u. A empresa ainda gera economia circular e solu\u00e7\u00f5es sustent\u00e1veis para diversos setores da ind\u00fastria.<\/p>\n\n\n\n<p>&#8220;Por tudo isso e muito mais, vejo a import\u00e2ncia de instituirmos no Calend\u00e1rio Oficial do Munic\u00edpio de Tocantin\u00f3polis, \u00a0o Dia\u00a0 Municipal do Baba\u00e7u\u201d, finalizou o vereador Delegado Tiago Daniel de Moraes.<\/p>\n\n\n\n<figure class=\"wp-block-image size-full is-resized\"><img loading=\"lazy\" decoding=\"async\" src=\"https:\/\/focotocantinense.com.br\/wp-content\/uploads\/2023\/06\/Dr.-Tiago-Daniel-de-Moraes-verfeador-e-delegado-de-Policia-em-Tocantinopolis.jpeg\" alt=\"\" class=\"wp-image-5052\" width=\"410\" height=\"410\" srcset=\"https:\/\/focotocantinense.com.br\/wp-content\/uploads\/2023\/06\/Dr.-Tiago-Daniel-de-Moraes-verfeador-e-delegado-de-Policia-em-Tocantinopolis.jpeg 526w, https:\/\/focotocantinense.com.br\/wp-content\/uploads\/2023\/06\/Dr.-Tiago-Daniel-de-Moraes-verfeador-e-delegado-de-Policia-em-Tocantinopolis-300x300.jpeg 300w, https:\/\/focotocantinense.com.br\/wp-content\/uploads\/2023\/06\/Dr.-Tiago-Daniel-de-Moraes-verfeador-e-delegado-de-Policia-em-Tocantinopolis-150x150.jpeg 150w\" sizes=\"auto, (max-width: 410px) 100vw, 410px\" \/><\/figure>\n\n\n\n<p><\/p>\n\n\n\n<figure class=\"wp-block-image size-large is-resized\"><img loading=\"lazy\" decoding=\"async\" src=\"https:\/\/focotocantinense.com.br\/wp-content\/uploads\/2023\/06\/5215c382-74e8-4be1-ae0e-821dde0eaaee-4-576x1024.jpg\" alt=\"\" class=\"wp-image-5029\" width=\"836\" height=\"1486\" srcset=\"https:\/\/focotocantinense.com.br\/wp-content\/uploads\/2023\/06\/5215c382-74e8-4be1-ae0e-821dde0eaaee-4-576x1024.jpg 576w, https:\/\/focotocantinense.com.br\/wp-content\/uploads\/2023\/06\/5215c382-74e8-4be1-ae0e-821dde0eaaee-4-169x300.jpg 169w, https:\/\/focotocantinense.com.br\/wp-content\/uploads\/2023\/06\/5215c382-74e8-4be1-ae0e-821dde0eaaee-4-768x1365.jpg 768w, https:\/\/focotocantinense.com.br\/wp-content\/uploads\/2023\/06\/5215c382-74e8-4be1-ae0e-821dde0eaaee-4-864x1536.jpg 864w, https:\/\/focotocantinense.com.br\/wp-content\/uploads\/2023\/06\/5215c382-74e8-4be1-ae0e-821dde0eaaee-4.jpg 900w\" sizes=\"auto, (max-width: 836px) 100vw, 836px\" \/><\/figure>\n","protected":false},"excerpt":{"rendered":"<p>Por Zacarias&nbsp; Martins Est\u00e1 em tramita\u00e7\u00e3o nas comiss\u00f5es da C\u00e2mara Municipal de Tocantin\u00f3polis, o Projeto de Lei de autoria do vereador Delegado Tiago Daniel de Moraes (PTB), que institui o Dia Municipal do Baba\u00e7u, a ser comemorado anualmente na data de 25 de julho. O parlamentar justifica&nbsp; essa iniciativa, argumentando que o&nbsp;baba\u00e7u, \u00e9 uma esp\u00e9cie &hellip;<\/p>\n","protected":false},"author":5,"featured_media":5050,"comment_status":"open","ping_status":"open","sticky":false,"template":"","format":"standard","meta":{"footnotes":""},"categories":[87],"tags":[],"class_list":["post-5049","post","type-post","status-publish","format-standard","has-post-thumbnail","","category-tocantinopolis"],"_links":{"self":[{"href":"https:\/\/focotocantinense.com.br\/index.php?rest_route=\/wp\/v2\/posts\/5049","targetHints":{"allow":["GET"]}}],"collection":[{"href":"https:\/\/focotocantinense.com.br\/index.php?rest_route=\/wp\/v2\/posts"}],"about":[{"href":"https:\/\/focotocantinense.com.br\/index.php?rest_route=\/wp\/v2\/types\/post"}],"author":[{"embeddable":true,"href":"https:\/\/focotocantinense.com.br\/index.php?rest_route=\/wp\/v2\/users\/5"}],"replies":[{"embeddable":true,"href":"https:\/\/focotocantinense.com.br\/index.php?rest_route=%2Fwp%2Fv2%2Fcomments&post=5049"}],"version-history":[{"count":2,"href":"https:\/\/focotocantinense.com.br\/index.php?rest_route=\/wp\/v2\/posts\/5049\/revisions"}],"predecessor-version":[{"id":5053,"href":"https:\/\/focotocantinense.com.br\/index.php?rest_route=\/wp\/v2\/posts\/5049\/revisions\/5053"}],"wp:featuredmedia":[{"embeddable":true,"href":"https:\/\/focotocantinense.com.br\/index.php?rest_route=\/wp\/v2\/media\/5050"}],"wp:attachment":[{"href":"https:\/\/focotocantinense.com.br\/index.php?rest_route=%2Fwp%2Fv2%2Fmedia&parent=5049"}],"wp:term":[{"taxonomy":"category","embeddable":true,"href":"https:\/\/focotocantinense.com.br\/index.php?rest_route=%2Fwp%2Fv2%2Fcategories&post=5049"},{"taxonomy":"post_tag","embeddable":true,"href":"https:\/\/focotocantinense.com.br\/index.php?rest_route=%2Fwp%2Fv2%2Ftags&post=5049"}],"curies":[{"name":"wp","href":"https:\/\/api.w.org\/{rel}","templated":true}]}}