{"id":5044,"date":"2023-06-16T10:02:49","date_gmt":"2023-06-16T13:02:49","guid":{"rendered":"https:\/\/focotocantinense.com.br\/?p=5044"},"modified":"2023-06-16T10:04:13","modified_gmt":"2023-06-16T13:04:13","slug":"secretario-de-financas-de-lagoa-da-confusao-e-convocado-pela-camara-de-vereadores-para-explicar-aplicacao-do-orcamento-financeiro-de-2022","status":"publish","type":"post","link":"https:\/\/focotocantinense.com.br\/?p=5044","title":{"rendered":"Secret\u00e1rio de Finan\u00e7as de Lagoa da Confus\u00e3o \u00e9 convocado pela C\u00e2mara de Vereadores  para explicar aplica\u00e7\u00e3o do or\u00e7amento financeiro de 2022"},"content":{"rendered":"\n<p><strong>Na qualidade&nbsp; de&nbsp; Fiscal do Povo, o vereador Napole\u00e3o Dion\u00edsio (foto), apresentou e teve aprovado pelo plen\u00e1rio da&nbsp; C\u00e2mara Municipal de&nbsp; Lagoa da Confus\u00e3o, o requerimento de&nbsp; sua autoria, onde&nbsp; convocando o secret\u00e1rio&nbsp; de Finan\u00e7as e Or\u00e7amento do Munic\u00edpio, Emerson Jos\u00e9 da Silva para prestar informa\u00e7\u00f5es sobre a elabora\u00e7\u00e3o e execu\u00e7\u00e3o do or\u00e7amento p\u00fablico do ano de 2022.<\/strong><\/p>\n\n\n\n<p><strong>O parlamentar justifica essa convoca\u00e7\u00e3o, alegando  a exist\u00eancia de muitas d\u00favidas a serem esclarecidas sobre esse assunto, por isso se faz necess\u00e1ria a presen\u00e7a do secret\u00e1rio&nbsp; de Finan\u00e7as e Or\u00e7amento de&nbsp; Lagoa da Confus\u00e3o, na C\u00e2mara&nbsp; Vereadores,&nbsp; para que que explique com clareza, a correta aplica\u00e7\u00e3o dos recursos desse or\u00e7amento espec\u00edfico.<\/strong><\/p>\n\n\n\n<figure class=\"wp-block-image size-full is-resized\"><img loading=\"lazy\" decoding=\"async\" src=\"https:\/\/focotocantinense.com.br\/wp-content\/uploads\/2023\/06\/aaa-2.jpg\" alt=\"\" class=\"wp-image-5045\" width=\"412\" height=\"440\" srcset=\"https:\/\/focotocantinense.com.br\/wp-content\/uploads\/2023\/06\/aaa-2.jpg 359w, https:\/\/focotocantinense.com.br\/wp-content\/uploads\/2023\/06\/aaa-2-281x300.jpg 281w\" sizes=\"auto, (max-width: 412px) 100vw, 412px\" \/><\/figure>\n\n\n\n<p><strong>Vereador Napole\u00e3o Dion\u00edsio<\/strong><\/p>\n","protected":false},"excerpt":{"rendered":"<p>Na qualidade&nbsp; de&nbsp; Fiscal do Povo, o vereador Napole\u00e3o Dion\u00edsio (foto), apresentou e teve aprovado pelo plen\u00e1rio da&nbsp; C\u00e2mara Municipal de&nbsp; Lagoa da Confus\u00e3o, o requerimento de&nbsp; sua autoria, onde&nbsp; convocando o secret\u00e1rio&nbsp; de Finan\u00e7as e Or\u00e7amento do Munic\u00edpio, Emerson Jos\u00e9 da Silva para prestar informa\u00e7\u00f5es sobre a elabora\u00e7\u00e3o e execu\u00e7\u00e3o do or\u00e7amento p\u00fablico do &hellip;<\/p>\n","protected":false},"author":5,"featured_media":5045,"comment_status":"open","ping_status":"open","sticky":false,"template":"","format":"standard","meta":{"footnotes":""},"categories":[71],"tags":[],"class_list":["post-5044","post","type-post","status-publish","format-standard","has-post-thumbnail","","category-lagoa-da-confusao"],"_links":{"self":[{"href":"https:\/\/focotocantinense.com.br\/index.php?rest_route=\/wp\/v2\/posts\/5044","targetHints":{"allow":["GET"]}}],"collection":[{"href":"https:\/\/focotocantinense.com.br\/index.php?rest_route=\/wp\/v2\/posts"}],"about":[{"href":"https:\/\/focotocantinense.com.br\/index.php?rest_route=\/wp\/v2\/types\/post"}],"author":[{"embeddable":true,"href":"https:\/\/focotocantinense.com.br\/index.php?rest_route=\/wp\/v2\/users\/5"}],"replies":[{"embeddable":true,"href":"https:\/\/focotocantinense.com.br\/index.php?rest_route=%2Fwp%2Fv2%2Fcomments&post=5044"}],"version-history":[{"count":3,"href":"https:\/\/focotocantinense.com.br\/index.php?rest_route=\/wp\/v2\/posts\/5044\/revisions"}],"predecessor-version":[{"id":5048,"href":"https:\/\/focotocantinense.com.br\/index.php?rest_route=\/wp\/v2\/posts\/5044\/revisions\/5048"}],"wp:featuredmedia":[{"embeddable":true,"href":"https:\/\/focotocantinense.com.br\/index.php?rest_route=\/wp\/v2\/media\/5045"}],"wp:attachment":[{"href":"https:\/\/focotocantinense.com.br\/index.php?rest_route=%2Fwp%2Fv2%2Fmedia&parent=5044"}],"wp:term":[{"taxonomy":"category","embeddable":true,"href":"https:\/\/focotocantinense.com.br\/index.php?rest_route=%2Fwp%2Fv2%2Fcategories&post=5044"},{"taxonomy":"post_tag","embeddable":true,"href":"https:\/\/focotocantinense.com.br\/index.php?rest_route=%2Fwp%2Fv2%2Ftags&post=5044"}],"curies":[{"name":"wp","href":"https:\/\/api.w.org\/{rel}","templated":true}]}}