{"id":5038,"date":"2023-06-14T07:36:06","date_gmt":"2023-06-14T10:36:06","guid":{"rendered":"https:\/\/focotocantinense.com.br\/?p=5038"},"modified":"2023-06-14T07:38:11","modified_gmt":"2023-06-14T10:38:11","slug":"com-apoio-da-deputada-vanda-monteiro-os-vereadores-napoleao-dionisio-e-bitom-buscam-melhorias-para-lagoa-da-confusao","status":"publish","type":"post","link":"https:\/\/focotocantinense.com.br\/?p=5038","title":{"rendered":"Com apoio da deputada Vanda Monteiro, os vereadores Napole\u00e3o Dion\u00edsio e Bitom buscam melhorias para Lagoa da Confus\u00e3o"},"content":{"rendered":"\n<p><strong>Por Zacarias Martins<\/strong><\/p>\n\n\n\n<p>A pedido dos vereadores de Lagoa da Confus\u00e3o, Napole\u00e3o Dion\u00edsio (UB) e Bitom (PP), a deputada Vanda Monteiro (UB), encaminhou expediente&nbsp; ao diretor-presidente da Energisa, Alexandro Brum, solicitando a instala\u00e7\u00e3o de uma rede principal trif\u00e1sica de energia el\u00e9trica, bem como, a extens\u00e3o e a distribui\u00e7\u00e3o entre os moradores dos loteamentos Est\u00e2ncia Balne\u00e1ria da Lagoa e Setor Santa M\u00f4nica, no munic\u00edpio de Lagoa da Confus\u00e3o.<\/p>\n\n\n\n<p>A deputada ressalta que o processo que trata dessa demanda est\u00e1 em tramita\u00e7\u00e3o h\u00e1 muito tempo e a popula\u00e7\u00e3o daquelas localidades precisa de um esclarecimento por parte da Energisa, pois a rede monof\u00e1sica ali existente j\u00e1 n\u00e3o \u00e9 suficiente para atender &nbsp;as necessidades daqueles moradores.<\/p>\n\n\n\n<figure class=\"wp-block-image size-full is-resized\"><img loading=\"lazy\" decoding=\"async\" src=\"https:\/\/focotocantinense.com.br\/wp-content\/uploads\/2023\/06\/aaaaaaaaaaaaaaaaaaaaaaaaa.jpg\" alt=\"\" class=\"wp-image-5040\" width=\"414\" height=\"210\" srcset=\"https:\/\/focotocantinense.com.br\/wp-content\/uploads\/2023\/06\/aaaaaaaaaaaaaaaaaaaaaaaaa.jpg 1014w, https:\/\/focotocantinense.com.br\/wp-content\/uploads\/2023\/06\/aaaaaaaaaaaaaaaaaaaaaaaaa-300x153.jpg 300w, https:\/\/focotocantinense.com.br\/wp-content\/uploads\/2023\/06\/aaaaaaaaaaaaaaaaaaaaaaaaa-768x391.jpg 768w\" sizes=\"auto, (max-width: 414px) 100vw, 414px\" \/><\/figure>\n\n\n\n<figure class=\"wp-block-image size-large is-resized\"><img loading=\"lazy\" decoding=\"async\" src=\"https:\/\/focotocantinense.com.br\/wp-content\/uploads\/2023\/06\/5215c382-74e8-4be1-ae0e-821dde0eaaee-4-576x1024.jpg\" alt=\"\" class=\"wp-image-5029\" width=\"835\" height=\"1484\" srcset=\"https:\/\/focotocantinense.com.br\/wp-content\/uploads\/2023\/06\/5215c382-74e8-4be1-ae0e-821dde0eaaee-4-576x1024.jpg 576w, https:\/\/focotocantinense.com.br\/wp-content\/uploads\/2023\/06\/5215c382-74e8-4be1-ae0e-821dde0eaaee-4-169x300.jpg 169w, https:\/\/focotocantinense.com.br\/wp-content\/uploads\/2023\/06\/5215c382-74e8-4be1-ae0e-821dde0eaaee-4-768x1365.jpg 768w, https:\/\/focotocantinense.com.br\/wp-content\/uploads\/2023\/06\/5215c382-74e8-4be1-ae0e-821dde0eaaee-4-864x1536.jpg 864w, https:\/\/focotocantinense.com.br\/wp-content\/uploads\/2023\/06\/5215c382-74e8-4be1-ae0e-821dde0eaaee-4.jpg 900w\" sizes=\"auto, (max-width: 835px) 100vw, 835px\" \/><\/figure>\n\n\n\n<figure class=\"wp-block-image is-resized\"><img loading=\"lazy\" decoding=\"async\" src=\"http:\/\/n1to.com.br\/img\/uploads\/VINI_78.jpg\" alt=\"\" width=\"835\" height=\"252\"\/><\/figure>\n","protected":false},"excerpt":{"rendered":"<p>Por Zacarias Martins A pedido dos vereadores de Lagoa da Confus\u00e3o, Napole\u00e3o Dion\u00edsio (UB) e Bitom (PP), a deputada Vanda Monteiro (UB), encaminhou expediente&nbsp; ao diretor-presidente da Energisa, Alexandro Brum, solicitando a instala\u00e7\u00e3o de uma rede principal trif\u00e1sica de energia el\u00e9trica, bem como, a extens\u00e3o e a distribui\u00e7\u00e3o entre os moradores dos loteamentos Est\u00e2ncia Balne\u00e1ria &hellip;<\/p>\n","protected":false},"author":5,"featured_media":5040,"comment_status":"open","ping_status":"open","sticky":false,"template":"","format":"standard","meta":{"footnotes":""},"categories":[71,1],"tags":[],"class_list":["post-5038","post","type-post","status-publish","format-standard","has-post-thumbnail","","category-lagoa-da-confusao","category-sem-categoria"],"_links":{"self":[{"href":"https:\/\/focotocantinense.com.br\/index.php?rest_route=\/wp\/v2\/posts\/5038","targetHints":{"allow":["GET"]}}],"collection":[{"href":"https:\/\/focotocantinense.com.br\/index.php?rest_route=\/wp\/v2\/posts"}],"about":[{"href":"https:\/\/focotocantinense.com.br\/index.php?rest_route=\/wp\/v2\/types\/post"}],"author":[{"embeddable":true,"href":"https:\/\/focotocantinense.com.br\/index.php?rest_route=\/wp\/v2\/users\/5"}],"replies":[{"embeddable":true,"href":"https:\/\/focotocantinense.com.br\/index.php?rest_route=%2Fwp%2Fv2%2Fcomments&post=5038"}],"version-history":[{"count":4,"href":"https:\/\/focotocantinense.com.br\/index.php?rest_route=\/wp\/v2\/posts\/5038\/revisions"}],"predecessor-version":[{"id":5043,"href":"https:\/\/focotocantinense.com.br\/index.php?rest_route=\/wp\/v2\/posts\/5038\/revisions\/5043"}],"wp:featuredmedia":[{"embeddable":true,"href":"https:\/\/focotocantinense.com.br\/index.php?rest_route=\/wp\/v2\/media\/5040"}],"wp:attachment":[{"href":"https:\/\/focotocantinense.com.br\/index.php?rest_route=%2Fwp%2Fv2%2Fmedia&parent=5038"}],"wp:term":[{"taxonomy":"category","embeddable":true,"href":"https:\/\/focotocantinense.com.br\/index.php?rest_route=%2Fwp%2Fv2%2Fcategories&post=5038"},{"taxonomy":"post_tag","embeddable":true,"href":"https:\/\/focotocantinense.com.br\/index.php?rest_route=%2Fwp%2Fv2%2Ftags&post=5038"}],"curies":[{"name":"wp","href":"https:\/\/api.w.org\/{rel}","templated":true}]}}