{"id":5032,"date":"2023-06-13T17:07:26","date_gmt":"2023-06-13T20:07:26","guid":{"rendered":"https:\/\/focotocantinense.com.br\/?p=5032"},"modified":"2023-06-13T17:08:26","modified_gmt":"2023-06-13T20:08:26","slug":"presidente-da-aleto-recebe-representantes-da-uvt-em-busca-de-cooperacao-legislativa","status":"publish","type":"post","link":"https:\/\/focotocantinense.com.br\/?p=5032","title":{"rendered":"Presidente da Aleto recebe representantes da UVT em busca de coopera\u00e7\u00e3o legislativa"},"content":{"rendered":"\n<p>O presidente da Assembleia Legislativa do Tocantins (Aleto), Am\u00e9lio Cayres (Republicanos), recebeu nesta quarta-feira, 6, em seu gabinete mais de 30 membros da rec\u00e9m-criada Uni\u00e3o dos Vereadores Tocantinenses (UVT), acompanhados pelo deputado Gutierres Torquato (PDT).<\/p>\n\n\n\n<p>Cayres destacou que, independentemente de serem deputados ou vereadores, todos t\u00eam em comum o objetivo de criar, formatar e aprovar leis em benef\u00edcio da popula\u00e7\u00e3o, e devem se unir com esse prop\u00f3sito. \u201cNossa Casa est\u00e1 aberta e independente de qual Institui\u00e7\u00e3o cada um perten\u00e7a, somos todos legisladores. Desde o Senado Federal at\u00e9 a C\u00e2mara de Esperantina a nossa miss\u00e3o \u00e9 uma s\u00f3: propor meio melhorias para o povo\u201d, afirmou o chefe do Legislativo Estadual, ressaltando que vai colaborar com as demandas dos legisladores municipais.<\/p>\n\n\n\n<p>A UVT foi criada h\u00e1 um m\u00eas e j\u00e1 conta com mais de 60 vereadores e presidentes de C\u00e2maras Municipais, com o objetivo de colaborar e fortalecer o trabalho legislativo nas cidades tocantinenses. Miguel do Cajueiro, presidente da entidade e da C\u00e2mara Municipal de Araguatins, explicou que a UVT \u00e9 nova e est\u00e1 buscando parcerias para fortalecer os vereadores. Eles tiveram tamb\u00e9m uma audi\u00eancia com o governador em exerc\u00edcio, Laurez Moreira (PDT).<\/p>\n\n\n\n<p><strong>Espa\u00e7o<\/strong><\/p>\n\n\n\n<p>Foi anunciado tamb\u00e9m que a UVT ter\u00e1 uma sala pr\u00f3pria dentro da Assembleia, a ser inaugurada em breve. O local ser\u00e1 destinado a integrar a associa\u00e7\u00e3o e facilitar o acolhimento dos vereadores de todo o Estado, proporcionando o espa\u00e7o e os recursos necess\u00e1rios para auxiliar os membros da UVT.<\/p>\n\n\n\n<figure class=\"wp-block-image size-large\"><img loading=\"lazy\" decoding=\"async\" width=\"1024\" height=\"512\" src=\"https:\/\/focotocantinense.com.br\/wp-content\/uploads\/2023\/06\/aaa-1-1024x512.jpg\" alt=\"\" class=\"wp-image-5033\" srcset=\"https:\/\/focotocantinense.com.br\/wp-content\/uploads\/2023\/06\/aaa-1-1024x512.jpg 1024w, https:\/\/focotocantinense.com.br\/wp-content\/uploads\/2023\/06\/aaa-1-300x150.jpg 300w, https:\/\/focotocantinense.com.br\/wp-content\/uploads\/2023\/06\/aaa-1-768x384.jpg 768w, https:\/\/focotocantinense.com.br\/wp-content\/uploads\/2023\/06\/aaa-1-660x330.jpg 660w, https:\/\/focotocantinense.com.br\/wp-content\/uploads\/2023\/06\/aaa-1.jpg 1051w\" sizes=\"auto, (max-width: 1024px) 100vw, 1024px\" \/><\/figure>\n\n\n\n<figure class=\"wp-block-image size-large is-resized\"><img loading=\"lazy\" decoding=\"async\" src=\"https:\/\/focotocantinense.com.br\/wp-content\/uploads\/2023\/06\/5215c382-74e8-4be1-ae0e-821dde0eaaee-4-576x1024.jpg\" alt=\"\" class=\"wp-image-5029\" width=\"831\" height=\"1477\" srcset=\"https:\/\/focotocantinense.com.br\/wp-content\/uploads\/2023\/06\/5215c382-74e8-4be1-ae0e-821dde0eaaee-4-576x1024.jpg 576w, https:\/\/focotocantinense.com.br\/wp-content\/uploads\/2023\/06\/5215c382-74e8-4be1-ae0e-821dde0eaaee-4-169x300.jpg 169w, https:\/\/focotocantinense.com.br\/wp-content\/uploads\/2023\/06\/5215c382-74e8-4be1-ae0e-821dde0eaaee-4-768x1365.jpg 768w, https:\/\/focotocantinense.com.br\/wp-content\/uploads\/2023\/06\/5215c382-74e8-4be1-ae0e-821dde0eaaee-4-864x1536.jpg 864w, https:\/\/focotocantinense.com.br\/wp-content\/uploads\/2023\/06\/5215c382-74e8-4be1-ae0e-821dde0eaaee-4.jpg 900w\" sizes=\"auto, (max-width: 831px) 100vw, 831px\" \/><\/figure>\n\n\n\n<figure class=\"wp-block-image is-resized\"><img loading=\"lazy\" decoding=\"async\" src=\"http:\/\/n1to.com.br\/img\/uploads\/VINI_77.jpg\" alt=\"\" width=\"836\" height=\"252\"\/><\/figure>\n","protected":false},"excerpt":{"rendered":"<p>O presidente da Assembleia Legislativa do Tocantins (Aleto), Am\u00e9lio Cayres (Republicanos), recebeu nesta quarta-feira, 6, em seu gabinete mais de 30 membros da rec\u00e9m-criada Uni\u00e3o dos Vereadores Tocantinenses (UVT), acompanhados pelo deputado Gutierres Torquato (PDT). Cayres destacou que, independentemente de serem deputados ou vereadores, todos t\u00eam em comum o objetivo de criar, formatar e aprovar &hellip;<\/p>\n","protected":false},"author":5,"featured_media":5033,"comment_status":"open","ping_status":"open","sticky":false,"template":"","format":"standard","meta":{"footnotes":""},"categories":[1],"tags":[],"class_list":["post-5032","post","type-post","status-publish","format-standard","has-post-thumbnail","","category-sem-categoria"],"_links":{"self":[{"href":"https:\/\/focotocantinense.com.br\/index.php?rest_route=\/wp\/v2\/posts\/5032","targetHints":{"allow":["GET"]}}],"collection":[{"href":"https:\/\/focotocantinense.com.br\/index.php?rest_route=\/wp\/v2\/posts"}],"about":[{"href":"https:\/\/focotocantinense.com.br\/index.php?rest_route=\/wp\/v2\/types\/post"}],"author":[{"embeddable":true,"href":"https:\/\/focotocantinense.com.br\/index.php?rest_route=\/wp\/v2\/users\/5"}],"replies":[{"embeddable":true,"href":"https:\/\/focotocantinense.com.br\/index.php?rest_route=%2Fwp%2Fv2%2Fcomments&post=5032"}],"version-history":[{"count":3,"href":"https:\/\/focotocantinense.com.br\/index.php?rest_route=\/wp\/v2\/posts\/5032\/revisions"}],"predecessor-version":[{"id":5037,"href":"https:\/\/focotocantinense.com.br\/index.php?rest_route=\/wp\/v2\/posts\/5032\/revisions\/5037"}],"wp:featuredmedia":[{"embeddable":true,"href":"https:\/\/focotocantinense.com.br\/index.php?rest_route=\/wp\/v2\/media\/5033"}],"wp:attachment":[{"href":"https:\/\/focotocantinense.com.br\/index.php?rest_route=%2Fwp%2Fv2%2Fmedia&parent=5032"}],"wp:term":[{"taxonomy":"category","embeddable":true,"href":"https:\/\/focotocantinense.com.br\/index.php?rest_route=%2Fwp%2Fv2%2Fcategories&post=5032"},{"taxonomy":"post_tag","embeddable":true,"href":"https:\/\/focotocantinense.com.br\/index.php?rest_route=%2Fwp%2Fv2%2Ftags&post=5032"}],"curies":[{"name":"wp","href":"https:\/\/api.w.org\/{rel}","templated":true}]}}