{"id":5026,"date":"2023-06-13T11:54:11","date_gmt":"2023-06-13T14:54:11","guid":{"rendered":"https:\/\/focotocantinense.com.br\/?p=5026"},"modified":"2023-06-13T11:55:20","modified_gmt":"2023-06-13T14:55:20","slug":"produtores-rurais-tem-ate-a-sexta-feira-16-para-fazer-a-declaracao-obrigatoria-de-rebanho-na-adapec","status":"publish","type":"post","link":"https:\/\/focotocantinense.com.br\/?p=5026","title":{"rendered":"Produtores rurais t\u00eam at\u00e9 a sexta-feira, 16, para fazer a declara\u00e7\u00e3o obrigat\u00f3ria de rebanho na Adapec"},"content":{"rendered":"\n<p>A Ag\u00eancia de Defesa Agropecu\u00e1ria (Adapec) alerta os produtores rurais tocantinenses sobre o fim do prazo para a declara\u00e7\u00e3o obrigat\u00f3ria de rebanho que encerra na pr\u00f3xima sexta-feira, 16. A expectativa da Adapec \u00e9 que sejam declarados cerca de 10,8 milh\u00f5es de bov\u00eddeos.<\/p>\n\n\n\n<p>Vale ressaltar que a declara\u00e7\u00e3o de informa\u00e7\u00f5es pecu\u00e1rias \u00e9 obrigat\u00f3ria para todos os produtores rurais que possu\u00edrem quaisquer esp\u00e9cies de animais em suas propriedades. Esta medida tem o objetivo de manter o controle sanit\u00e1rio dos animais ap\u00f3s a suspens\u00e3o da vacina\u00e7\u00e3o contra a febre aftosa no Estado. E quem deixar de declarar o rebanho de sua propriedade at\u00e9 o t\u00e9rmino do prazo pagar\u00e1 multa de R$ 127,69 por propriedade e ter\u00e1 a ficha de movimenta\u00e7\u00e3o bloqueada at\u00e9 a regulariza\u00e7\u00e3o.<\/p>\n\n\n\n<p>O respons\u00e1vel t\u00e9cnico pelo Programa Estadual de Vigil\u00e2ncia em Febre Aftosa, Jo\u00e3o Eduardo Pires, afirmou que a declara\u00e7\u00e3o do rebanho \u00e9 fundamental para a manuten\u00e7\u00e3o do status sanit\u00e1rio do Tocantins. \u201cO Tocantins busca o reconhecimento internacional do Estado livre da aftosa sem vacina\u00e7\u00e3o, que possibilitar\u00e1 a abertura de novos mercados, mas as medidas de vigil\u00e2ncia s\u00e3o essenciais, e a declara\u00e7\u00e3o do rebanho faz parte destas medidas. Por isso, quem ainda n\u00e3o fez a sua declara\u00e7\u00e3o, procure um dos escrit\u00f3rios da Adapec esta semana e preencha o formul\u00e1rio de declara\u00e7\u00e3o de informa\u00e7\u00f5es pecu\u00e1rias\u201d, ressaltou Jo\u00e3o Eduardo.<\/p>\n\n\n\n<figure class=\"wp-block-image size-large\"><img loading=\"lazy\" decoding=\"async\" width=\"1024\" height=\"585\" src=\"https:\/\/focotocantinense.com.br\/wp-content\/uploads\/2023\/06\/aaa-1024x585.jpg\" alt=\"\" class=\"wp-image-5027\" srcset=\"https:\/\/focotocantinense.com.br\/wp-content\/uploads\/2023\/06\/aaa-1024x585.jpg 1024w, https:\/\/focotocantinense.com.br\/wp-content\/uploads\/2023\/06\/aaa-300x171.jpg 300w, https:\/\/focotocantinense.com.br\/wp-content\/uploads\/2023\/06\/aaa-768x439.jpg 768w, https:\/\/focotocantinense.com.br\/wp-content\/uploads\/2023\/06\/aaa-1536x878.jpg 1536w, https:\/\/focotocantinense.com.br\/wp-content\/uploads\/2023\/06\/aaa-2048x1171.jpg 2048w\" sizes=\"auto, (max-width: 1024px) 100vw, 1024px\" \/><\/figure>\n\n\n\n<figure class=\"wp-block-image size-large is-resized\"><img loading=\"lazy\" decoding=\"async\" src=\"https:\/\/focotocantinense.com.br\/wp-content\/uploads\/2023\/06\/5215c382-74e8-4be1-ae0e-821dde0eaaee-4-576x1024.jpg\" alt=\"\" class=\"wp-image-5029\" width=\"834\" height=\"1483\" srcset=\"https:\/\/focotocantinense.com.br\/wp-content\/uploads\/2023\/06\/5215c382-74e8-4be1-ae0e-821dde0eaaee-4-576x1024.jpg 576w, https:\/\/focotocantinense.com.br\/wp-content\/uploads\/2023\/06\/5215c382-74e8-4be1-ae0e-821dde0eaaee-4-169x300.jpg 169w, https:\/\/focotocantinense.com.br\/wp-content\/uploads\/2023\/06\/5215c382-74e8-4be1-ae0e-821dde0eaaee-4-768x1365.jpg 768w, https:\/\/focotocantinense.com.br\/wp-content\/uploads\/2023\/06\/5215c382-74e8-4be1-ae0e-821dde0eaaee-4-864x1536.jpg 864w, https:\/\/focotocantinense.com.br\/wp-content\/uploads\/2023\/06\/5215c382-74e8-4be1-ae0e-821dde0eaaee-4.jpg 900w\" sizes=\"auto, (max-width: 834px) 100vw, 834px\" \/><\/figure>\n\n\n\n<figure class=\"wp-block-image is-resized\"><img loading=\"lazy\" decoding=\"async\" src=\"http:\/\/n1to.com.br\/img\/uploads\/VINI_75.jpg\" alt=\"\" width=\"837\" height=\"252\"\/><\/figure>\n","protected":false},"excerpt":{"rendered":"<p>A Ag\u00eancia de Defesa Agropecu\u00e1ria (Adapec) alerta os produtores rurais tocantinenses sobre o fim do prazo para a declara\u00e7\u00e3o obrigat\u00f3ria de rebanho que encerra na pr\u00f3xima sexta-feira, 16. A expectativa da Adapec \u00e9 que sejam declarados cerca de 10,8 milh\u00f5es de bov\u00eddeos. Vale ressaltar que a declara\u00e7\u00e3o de informa\u00e7\u00f5es pecu\u00e1rias \u00e9 obrigat\u00f3ria para todos os &hellip;<\/p>\n","protected":false},"author":5,"featured_media":5027,"comment_status":"open","ping_status":"open","sticky":false,"template":"","format":"standard","meta":{"footnotes":""},"categories":[39],"tags":[],"class_list":["post-5026","post","type-post","status-publish","format-standard","has-post-thumbnail","","category-estado"],"_links":{"self":[{"href":"https:\/\/focotocantinense.com.br\/index.php?rest_route=\/wp\/v2\/posts\/5026","targetHints":{"allow":["GET"]}}],"collection":[{"href":"https:\/\/focotocantinense.com.br\/index.php?rest_route=\/wp\/v2\/posts"}],"about":[{"href":"https:\/\/focotocantinense.com.br\/index.php?rest_route=\/wp\/v2\/types\/post"}],"author":[{"embeddable":true,"href":"https:\/\/focotocantinense.com.br\/index.php?rest_route=\/wp\/v2\/users\/5"}],"replies":[{"embeddable":true,"href":"https:\/\/focotocantinense.com.br\/index.php?rest_route=%2Fwp%2Fv2%2Fcomments&post=5026"}],"version-history":[{"count":2,"href":"https:\/\/focotocantinense.com.br\/index.php?rest_route=\/wp\/v2\/posts\/5026\/revisions"}],"predecessor-version":[{"id":5031,"href":"https:\/\/focotocantinense.com.br\/index.php?rest_route=\/wp\/v2\/posts\/5026\/revisions\/5031"}],"wp:featuredmedia":[{"embeddable":true,"href":"https:\/\/focotocantinense.com.br\/index.php?rest_route=\/wp\/v2\/media\/5027"}],"wp:attachment":[{"href":"https:\/\/focotocantinense.com.br\/index.php?rest_route=%2Fwp%2Fv2%2Fmedia&parent=5026"}],"wp:term":[{"taxonomy":"category","embeddable":true,"href":"https:\/\/focotocantinense.com.br\/index.php?rest_route=%2Fwp%2Fv2%2Fcategories&post=5026"},{"taxonomy":"post_tag","embeddable":true,"href":"https:\/\/focotocantinense.com.br\/index.php?rest_route=%2Fwp%2Fv2%2Ftags&post=5026"}],"curies":[{"name":"wp","href":"https:\/\/api.w.org\/{rel}","templated":true}]}}