{"id":5023,"date":"2023-06-12T20:13:01","date_gmt":"2023-06-12T23:13:01","guid":{"rendered":"https:\/\/focotocantinense.com.br\/?p=5023"},"modified":"2023-06-12T20:13:02","modified_gmt":"2023-06-12T23:13:02","slug":"prefeitura-de-porto-nacional-ampliara-a-42a-edicao-da-semana-da-cultura-e-trara-a-5a-feira-literaria-e-o-festival-de-musica-popular-em-outubro","status":"publish","type":"post","link":"https:\/\/focotocantinense.com.br\/?p=5023","title":{"rendered":"Prefeitura de Porto Nacional ampliar\u00e1 a 42\u00aa edi\u00e7\u00e3o da Semana da Cultura e trar\u00e1 a 5\u00aa Feira Liter\u00e1ria e o Festival de M\u00fasica Popular em outubro"},"content":{"rendered":"\n<p>A tradicional Semana da Cultura, que normalmente \u00e9 realizada em junho, est\u00e1 sendo preparada em uma nova data, este ano devido a sua mega estrutura, acontecer\u00e1 entre 11 e 15 de outubro em uma \u00e1rea de aproximadamente 10 mil m\u00b2. Al\u00e9m do evento que objetiva evidenciar a cultura local, estadual e at\u00e9 nacional, a data tamb\u00e9m contar\u00e1 com novidades, a volta da Feira Liter\u00e1ria Portuense &#8211; FLIP trar\u00e1 em sua 5\u00aa edi\u00e7\u00e3o, exposi\u00e7\u00e3o de livros, stands e uma diversidade liter\u00e1ria \u00e0 total disposi\u00e7\u00e3o dos visitantes. J\u00e1 o Festival de M\u00fasica Popular, tamb\u00e9m ser\u00e1 realizado na ocasi\u00e3o e premiar\u00e1 um total de R$ 100 mil aos participantes.<\/p>\n\n\n\n<p>Dentre as a\u00e7\u00f5es, a Semana tamb\u00e9m oferecer\u00e1 ao p\u00fablico, manifesta\u00e7\u00f5es culturais, entrega de comendas de reconhecimento a personalidades portuenses, shows, pra\u00e7a de alimenta\u00e7\u00e3o, saraus, palestras, oficinas, dentre outros, fomentando tamb\u00e9m o turismo no munic\u00edpio.<\/p>\n\n\n\n<p>De acordo com o secret\u00e1rio municipal da Cultura e do Turismo, Fernando Windlin, a mudan\u00e7a de data foi estrat\u00e9gica e necess\u00e1ria devido a grandeza do evento. \u201cPorto Nacional \u00e9 conhecida atualmente como a capital tocantinense da Cultura e obviamente a realiza\u00e7\u00e3o da 42\u00aa Semana da Cultura, em meio a tantos eventos grandiosos n\u00e3o poderia ser realizado com a mesma estrutura das edi\u00e7\u00f5es anteriores, por isso, decidimos mudar a data para que n\u00e3o fosse realizada pr\u00f3ximo a temporada de praia e ampliamos a programa\u00e7\u00e3o com a volta da FLIP e a realiza\u00e7\u00e3o do Festival que inclusive em breve estar\u00e1 abrindo as inscri\u00e7\u00f5es para os nossos participantes\u201d, destacou o secret\u00e1rio.<\/p>\n\n\n\n<figure class=\"wp-block-image size-full is-resized\"><img loading=\"lazy\" decoding=\"async\" src=\"https:\/\/focotocantinense.com.br\/wp-content\/uploads\/2023\/06\/Sem-titulo-2.jpg\" alt=\"\" class=\"wp-image-5024\" width=\"835\" height=\"588\" srcset=\"https:\/\/focotocantinense.com.br\/wp-content\/uploads\/2023\/06\/Sem-titulo-2.jpg 748w, https:\/\/focotocantinense.com.br\/wp-content\/uploads\/2023\/06\/Sem-titulo-2-300x211.jpg 300w\" sizes=\"auto, (max-width: 835px) 100vw, 835px\" \/><\/figure>\n\n\n\n<figure class=\"wp-block-image\"><img decoding=\"async\" src=\"http:\/\/n1to.com.br\/img\/uploads\/5215c382-74e8-4be1-ae0e-821dde0eaaee_2.jpg\" alt=\"\"\/><\/figure>\n","protected":false},"excerpt":{"rendered":"<p>A tradicional Semana da Cultura, que normalmente \u00e9 realizada em junho, est\u00e1 sendo preparada em uma nova data, este ano devido a sua mega estrutura, acontecer\u00e1 entre 11 e 15 de outubro em uma \u00e1rea de aproximadamente 10 mil m\u00b2. Al\u00e9m do evento que objetiva evidenciar a cultura local, estadual e at\u00e9 nacional, a data &hellip;<\/p>\n","protected":false},"author":5,"featured_media":0,"comment_status":"open","ping_status":"open","sticky":false,"template":"","format":"standard","meta":{"footnotes":""},"categories":[1],"tags":[],"class_list":["post-5023","post","type-post","status-publish","format-standard","","category-sem-categoria"],"_links":{"self":[{"href":"https:\/\/focotocantinense.com.br\/index.php?rest_route=\/wp\/v2\/posts\/5023","targetHints":{"allow":["GET"]}}],"collection":[{"href":"https:\/\/focotocantinense.com.br\/index.php?rest_route=\/wp\/v2\/posts"}],"about":[{"href":"https:\/\/focotocantinense.com.br\/index.php?rest_route=\/wp\/v2\/types\/post"}],"author":[{"embeddable":true,"href":"https:\/\/focotocantinense.com.br\/index.php?rest_route=\/wp\/v2\/users\/5"}],"replies":[{"embeddable":true,"href":"https:\/\/focotocantinense.com.br\/index.php?rest_route=%2Fwp%2Fv2%2Fcomments&post=5023"}],"version-history":[{"count":1,"href":"https:\/\/focotocantinense.com.br\/index.php?rest_route=\/wp\/v2\/posts\/5023\/revisions"}],"predecessor-version":[{"id":5025,"href":"https:\/\/focotocantinense.com.br\/index.php?rest_route=\/wp\/v2\/posts\/5023\/revisions\/5025"}],"wp:attachment":[{"href":"https:\/\/focotocantinense.com.br\/index.php?rest_route=%2Fwp%2Fv2%2Fmedia&parent=5023"}],"wp:term":[{"taxonomy":"category","embeddable":true,"href":"https:\/\/focotocantinense.com.br\/index.php?rest_route=%2Fwp%2Fv2%2Fcategories&post=5023"},{"taxonomy":"post_tag","embeddable":true,"href":"https:\/\/focotocantinense.com.br\/index.php?rest_route=%2Fwp%2Fv2%2Ftags&post=5023"}],"curies":[{"name":"wp","href":"https:\/\/api.w.org\/{rel}","templated":true}]}}