{"id":5019,"date":"2023-06-12T19:48:33","date_gmt":"2023-06-12T22:48:33","guid":{"rendered":"https:\/\/focotocantinense.com.br\/?p=5019"},"modified":"2023-06-12T19:48:34","modified_gmt":"2023-06-12T22:48:34","slug":"governador-wanderlei-barbosa-participa-do-lancamento-do-compromisso-nacional-crianca-alfabetizada","status":"publish","type":"post","link":"https:\/\/focotocantinense.com.br\/?p=5019","title":{"rendered":"Governador Wanderlei Barbosa participa do lan\u00e7amento do Compromisso Nacional Crian\u00e7a Alfabetizada"},"content":{"rendered":"\n<p>Nesta segunda-feira, 12, ocorreu, em Bras\u00edlia (DF), o lan\u00e7amento do Compromisso Nacional Crian\u00e7a Alfabetizada. O governador Wanderlei Barbosa participou do evento, acompanhado do secret\u00e1rio de Estado da Educa\u00e7\u00e3o, F\u00e1bio Pereira Vaz; do secret\u00e1rio executivo da Educa\u00e7\u00e3o, Eder Martins Fernandes; do secret\u00e1rio Extraordin\u00e1rio de Representa\u00e7\u00e3o em Bras\u00edlia, Carlos Manzini; da senadora professora Dorinha e do secret\u00e1rio-chefe da Casa Civil, Deocleciano Gomes.<\/p>\n\n\n\n<p>O programa&nbsp;<em>Crian\u00e7a Alfabetizada<\/em>&nbsp;tem o objetivo de enfrentar tr\u00eas grandes desafios do sistema de alfabetiza\u00e7\u00e3o de crian\u00e7as nas escolas p\u00fablicas: a redu\u00e7\u00e3o das defici\u00eancias t\u00e9cnicas e or\u00e7ament\u00e1rias dos munic\u00edpios (respons\u00e1veis diretos pela alfabetiza\u00e7\u00e3o); a amplia\u00e7\u00e3o do&nbsp; envolvimento dos governos estaduais na garantia do direito \u00e0 alfabetiza\u00e7\u00e3o e o fortalecimento do papel do Minist\u00e9rio da Educa\u00e7\u00e3o (MEC) na indu\u00e7\u00e3o, na coordena\u00e7\u00e3o, na assist\u00eancia t\u00e9cnica e financeira da alfabetiza\u00e7\u00e3o.<\/p>\n\n\n\n<p>O governador Wanderlei Barbosa comemorou a fala do ministro da Educa\u00e7\u00e3o, Camilo Santana, sobre a prioriza\u00e7\u00e3o da retomada de obras da infraestrutura educacional no pa\u00eds, que est\u00e3o paralisadas desde gest\u00f5es anteriores. \u201cHoje, s\u00e3o mais de 4 mil obras paralisadas em todo o pa\u00eds, algumas delas no Tocantins, e n\u00f3s queremos a retomada dessas obras. Nosso investimento em infraestrutura j\u00e1 est\u00e1 ocorrendo, temos em andamento mais de 200 recupera\u00e7\u00f5es e contratos de novas escolas\u201d, afirmou.<\/p>\n\n\n\n<p>Durante o evento, o presidente Luiz In\u00e1cio Lula da Silva assinou o Decreto que institui o programa e os entes federados poder\u00e3o fazer a ades\u00e3o via Sistema Integrado de Monitoramento e Controle (Simec). &#8220;Essa \u00e9 uma grande janela de oportunidades para o Tocantins. S\u00e3o recursos j\u00e1 garantidos, com diretrizes estabelecidas e, agora, \u00e9 o momento de atuarmos aqui em Bras\u00edlia, juntamente com o governador Wanderlei Barbosa e o secret\u00e1rio F\u00e1bio Vaz, para possibilitarmos avan\u00e7os na educa\u00e7\u00e3o do Estado\u201d, afirmou o secret\u00e1rio Extraordin\u00e1rio de Representa\u00e7\u00e3o em Bras\u00edlia, Carlos Manzini.<\/p>\n\n\n\n<p>O presidente Lula destacou que, al\u00e9m da alfabetiza\u00e7\u00e3o, o programa tamb\u00e9m ter\u00e1 a\u00e7\u00f5es voltadas para os alunos do 3\u00b0 ao 5\u00b0 ano do ensino fundamental, que tiveram o ensino prejudicado pela pandemia. \u201cJuntos, vamos garantir que 100% das crian\u00e7as sejam alfabetizadas ao concluir o 2\u00b0 ano do ensino fundamental. Vamos correr atr\u00e1s do tempo perdido e dar um apoio especial \u00e0s crian\u00e7as do 3\u00b0 ao 5\u00b0 ano que tiveram sua aprendizagem atrasada nos anos anteriores. Estados, munic\u00edpios, especialistas e professores mostraram que, juntos, somos capazes de ajudar nossos meninos e nossas meninas\u201d, afirmou o presidente.<\/p>\n\n\n\n<p><strong>Sobre o programa&nbsp;<\/strong><\/p>\n\n\n\n<p>O MEC ter\u00e1 cinco frentes de trabalho: Gest\u00e3o e Governan\u00e7a, disponibilizando 7.223 bolsas para os articuladores da educa\u00e7\u00e3o; Forma\u00e7\u00e3o, oferecendo recursos, plataformas virtuais e programas espec\u00edficos para esse fim; Infraestrutura F\u00edsica e Pedag\u00f3gica, garantindo recursos para materiais did\u00e1ticos, livros de literatura e expans\u00e3o da infraestrutura escolar; Reconhecimento de Boas Pr\u00e1ticas, criando premia\u00e7\u00f5es para gestores comprometidos com as pol\u00edticas p\u00fablicas do programa; e por fim, Sistema de Avalia\u00e7\u00e3o, elaborando par\u00e2metros t\u00e9cnicos e assist\u00eancia para avalia\u00e7\u00f5es a serem disponibilizadas aos professores.<\/p>\n\n\n\n<p>O secret\u00e1rio de Estado da Educa\u00e7\u00e3o, F\u00e1bio Vaz, destacou que o Tocantins j\u00e1 possui projetos voltados para o fortalecimento da alfabetiza\u00e7\u00e3o e que a iniciativa do Governo Federal vai ampliar o trabalho. &#8220;Estamos aqui em uma manifesta\u00e7\u00e3o do compromisso com a alfabetiza\u00e7\u00e3o na idade certa, algo que j\u00e1 estamos trabalhando no Tocantins. Temos um programa de fortalecimento da educa\u00e7\u00e3o, o Profe [Programa de Fortalecimento da Educa\u00e7\u00e3o], que j\u00e1 vem ao encontro da\u00a0<em>Crian\u00e7a Alfabetizada<\/em>. Essa iniciativa do Governo Federal de ampliar a sua participa\u00e7\u00e3o e a dos estados no trabalho, realizado majoritariamente pelos munic\u00edpios, \u00e9 tudo que o Tocantins precisa para ser um exemplo nacional\u201d, frisou.<\/p>\n\n\n\n<figure class=\"wp-block-image size-large\"><img loading=\"lazy\" decoding=\"async\" width=\"1024\" height=\"586\" src=\"https:\/\/focotocantinense.com.br\/wp-content\/uploads\/2023\/06\/333907-1-1024x586.jpg\" alt=\"\" class=\"wp-image-5021\" srcset=\"https:\/\/focotocantinense.com.br\/wp-content\/uploads\/2023\/06\/333907-1-1024x586.jpg 1024w, https:\/\/focotocantinense.com.br\/wp-content\/uploads\/2023\/06\/333907-1-300x172.jpg 300w, https:\/\/focotocantinense.com.br\/wp-content\/uploads\/2023\/06\/333907-1-768x439.jpg 768w, https:\/\/focotocantinense.com.br\/wp-content\/uploads\/2023\/06\/333907-1-1536x878.jpg 1536w, https:\/\/focotocantinense.com.br\/wp-content\/uploads\/2023\/06\/333907-1.jpg 2048w\" sizes=\"auto, (max-width: 1024px) 100vw, 1024px\" \/><\/figure>\n\n\n\n<figure class=\"wp-block-image size-full is-resized\"><img loading=\"lazy\" decoding=\"async\" src=\"https:\/\/focotocantinense.com.br\/wp-content\/uploads\/2023\/06\/VINI.jpg\" alt=\"\" class=\"wp-image-4981\" width=\"836\" height=\"252\" srcset=\"https:\/\/focotocantinense.com.br\/wp-content\/uploads\/2023\/06\/VINI.jpg 640w, https:\/\/focotocantinense.com.br\/wp-content\/uploads\/2023\/06\/VINI-300x90.jpg 300w\" sizes=\"auto, (max-width: 836px) 100vw, 836px\" \/><\/figure>\n\n\n\n<p><\/p>\n\n\n\n<figure class=\"wp-block-image size-large is-resized\"><img loading=\"lazy\" decoding=\"async\" src=\"https:\/\/focotocantinense.com.br\/wp-content\/uploads\/2023\/06\/5215c382-74e8-4be1-ae0e-821dde0eaaee-2-576x1024.jpg\" alt=\"\" class=\"wp-image-4979\" width=\"828\" height=\"1472\" srcset=\"https:\/\/focotocantinense.com.br\/wp-content\/uploads\/2023\/06\/5215c382-74e8-4be1-ae0e-821dde0eaaee-2-576x1024.jpg 576w, https:\/\/focotocantinense.com.br\/wp-content\/uploads\/2023\/06\/5215c382-74e8-4be1-ae0e-821dde0eaaee-2-169x300.jpg 169w, https:\/\/focotocantinense.com.br\/wp-content\/uploads\/2023\/06\/5215c382-74e8-4be1-ae0e-821dde0eaaee-2-768x1365.jpg 768w, https:\/\/focotocantinense.com.br\/wp-content\/uploads\/2023\/06\/5215c382-74e8-4be1-ae0e-821dde0eaaee-2-864x1536.jpg 864w, https:\/\/focotocantinense.com.br\/wp-content\/uploads\/2023\/06\/5215c382-74e8-4be1-ae0e-821dde0eaaee-2.jpg 900w\" sizes=\"auto, (max-width: 828px) 100vw, 828px\" \/><\/figure>\n","protected":false},"excerpt":{"rendered":"<p>Nesta segunda-feira, 12, ocorreu, em Bras\u00edlia (DF), o lan\u00e7amento do Compromisso Nacional Crian\u00e7a Alfabetizada. O governador Wanderlei Barbosa participou do evento, acompanhado do secret\u00e1rio de Estado da Educa\u00e7\u00e3o, F\u00e1bio Pereira Vaz; do secret\u00e1rio executivo da Educa\u00e7\u00e3o, Eder Martins Fernandes; do secret\u00e1rio Extraordin\u00e1rio de Representa\u00e7\u00e3o em Bras\u00edlia, Carlos Manzini; da senadora professora Dorinha e do secret\u00e1rio-chefe &hellip;<\/p>\n","protected":false},"author":5,"featured_media":5021,"comment_status":"open","ping_status":"open","sticky":false,"template":"","format":"standard","meta":{"footnotes":""},"categories":[40],"tags":[],"class_list":["post-5019","post","type-post","status-publish","format-standard","has-post-thumbnail","","category-politica"],"_links":{"self":[{"href":"https:\/\/focotocantinense.com.br\/index.php?rest_route=\/wp\/v2\/posts\/5019","targetHints":{"allow":["GET"]}}],"collection":[{"href":"https:\/\/focotocantinense.com.br\/index.php?rest_route=\/wp\/v2\/posts"}],"about":[{"href":"https:\/\/focotocantinense.com.br\/index.php?rest_route=\/wp\/v2\/types\/post"}],"author":[{"embeddable":true,"href":"https:\/\/focotocantinense.com.br\/index.php?rest_route=\/wp\/v2\/users\/5"}],"replies":[{"embeddable":true,"href":"https:\/\/focotocantinense.com.br\/index.php?rest_route=%2Fwp%2Fv2%2Fcomments&post=5019"}],"version-history":[{"count":1,"href":"https:\/\/focotocantinense.com.br\/index.php?rest_route=\/wp\/v2\/posts\/5019\/revisions"}],"predecessor-version":[{"id":5022,"href":"https:\/\/focotocantinense.com.br\/index.php?rest_route=\/wp\/v2\/posts\/5019\/revisions\/5022"}],"wp:featuredmedia":[{"embeddable":true,"href":"https:\/\/focotocantinense.com.br\/index.php?rest_route=\/wp\/v2\/media\/5021"}],"wp:attachment":[{"href":"https:\/\/focotocantinense.com.br\/index.php?rest_route=%2Fwp%2Fv2%2Fmedia&parent=5019"}],"wp:term":[{"taxonomy":"category","embeddable":true,"href":"https:\/\/focotocantinense.com.br\/index.php?rest_route=%2Fwp%2Fv2%2Fcategories&post=5019"},{"taxonomy":"post_tag","embeddable":true,"href":"https:\/\/focotocantinense.com.br\/index.php?rest_route=%2Fwp%2Fv2%2Ftags&post=5019"}],"curies":[{"name":"wp","href":"https:\/\/api.w.org\/{rel}","templated":true}]}}