{"id":5008,"date":"2023-06-10T20:13:57","date_gmt":"2023-06-10T23:13:57","guid":{"rendered":"https:\/\/focotocantinense.com.br\/?p=5008"},"modified":"2023-06-10T20:13:57","modified_gmt":"2023-06-10T23:13:57","slug":"professor-andre-goveia-ministra-aula-especial-no-polo-indigena-da-universidade-da-maturidade-em-tocantinia","status":"publish","type":"post","link":"https:\/\/focotocantinense.com.br\/?p=5008","title":{"rendered":"Professor Andr\u00e9 Goveia ministra aula especial no polo ind\u00edgena da Universidade da Maturidade, em Tocant\u00ednia"},"content":{"rendered":"\n<p><strong>Por Zacarias Martins<\/strong><\/p>\n\n\n\n<p>Com o tema \u201cLiteratura Ind\u00edgena Xerente com foco no g\u00eanero poesia\u201d, o professor e poeta Andr\u00e9 Goveia, secret\u00e1rio de Educa\u00e7\u00e3o de Tocant\u00ednia, ministrou uma aula especial neste s\u00e1bado, dia 10, para os acad\u00eamicos da Universidade da maturidade \u2013 UMA, no Polo Ind\u00edgena Xerente, localizado na Aldeia Porteira.<\/p>\n\n\n\n<p>Ap\u00f3s o processo de escuta das autoridades Akwe Xerente. &nbsp;como anci\u00e3os, vice cacique, paj\u00e9 e l\u00edderes da comunidade sobre os saberes do povo Akwe de forma especial do tran\u00e7ado da palha de buriti e capim dourado, houve a constru\u00e7\u00e3o pelos acad\u00eamicos com a orienta\u00e7\u00e3o do professor Andr\u00e9 de uma poesia com o t\u00edtulo Viva o povo Akwe!<\/p>\n\n\n\n<p>Essa turma da Universidade da Maturidade, faz parte de um projeto de extens\u00e3o da Universidade Federal do Tocantins (UFT), em parceria com a Secretaria Municipal de Educa\u00e7\u00e3o de Tocant\u00ednia-&nbsp; Semed,&nbsp; que leva educa\u00e7\u00e3o e atividades extracurriculares para pessoas idosas. Todo o conte\u00fado das aulas foi&nbsp;adaptado para a realidade cultural deles. Esse polo de ensino. Al\u00e9m desse polo ind\u00edgina,&nbsp; o munic\u00edpio conta&nbsp; com um polo urbano da UMA e outro no Assentamento \u00c1gua Fria II.<\/p>\n\n\n\n<figure class=\"wp-block-image is-resized\"><img loading=\"lazy\" decoding=\"async\" src=\"http:\/\/n1to.com.br\/img\/uploads\/2_xerente.jpg\" alt=\"\" width=\"840\" height=\"630\"\/><\/figure>\n\n\n\n<figure class=\"wp-block-image size-large is-resized\"><img loading=\"lazy\" decoding=\"async\" src=\"https:\/\/focotocantinense.com.br\/wp-content\/uploads\/2023\/06\/0b802efe-31bb-4353-96d8-599e3b802edf-1024x498.jpg\" alt=\"\" class=\"wp-image-5009\" width=\"841\" height=\"408\" srcset=\"https:\/\/focotocantinense.com.br\/wp-content\/uploads\/2023\/06\/0b802efe-31bb-4353-96d8-599e3b802edf-1024x498.jpg 1024w, https:\/\/focotocantinense.com.br\/wp-content\/uploads\/2023\/06\/0b802efe-31bb-4353-96d8-599e3b802edf-300x146.jpg 300w, https:\/\/focotocantinense.com.br\/wp-content\/uploads\/2023\/06\/0b802efe-31bb-4353-96d8-599e3b802edf-768x373.jpg 768w, https:\/\/focotocantinense.com.br\/wp-content\/uploads\/2023\/06\/0b802efe-31bb-4353-96d8-599e3b802edf.jpg 1280w\" sizes=\"auto, (max-width: 841px) 100vw, 841px\" \/><\/figure>\n\n\n\n<figure class=\"wp-block-image size-large\"><img loading=\"lazy\" decoding=\"async\" width=\"1024\" height=\"498\" src=\"https:\/\/focotocantinense.com.br\/wp-content\/uploads\/2023\/06\/3-tocantinia-1024x498.jpg\" alt=\"\" class=\"wp-image-5010\" srcset=\"https:\/\/focotocantinense.com.br\/wp-content\/uploads\/2023\/06\/3-tocantinia-1024x498.jpg 1024w, https:\/\/focotocantinense.com.br\/wp-content\/uploads\/2023\/06\/3-tocantinia-300x146.jpg 300w, https:\/\/focotocantinense.com.br\/wp-content\/uploads\/2023\/06\/3-tocantinia-768x373.jpg 768w, https:\/\/focotocantinense.com.br\/wp-content\/uploads\/2023\/06\/3-tocantinia.jpg 1280w\" sizes=\"auto, (max-width: 1024px) 100vw, 1024px\" \/><\/figure>\n\n\n\n<figure class=\"wp-block-gallery has-nested-images columns-default is-cropped wp-block-gallery-1 is-layout-flex wp-block-gallery-is-layout-flex\">\n<figure class=\"wp-block-image size-large\"><img loading=\"lazy\" decoding=\"async\" width=\"576\" height=\"1024\" data-id=\"4988\" src=\"https:\/\/focotocantinense.com.br\/wp-content\/uploads\/2023\/06\/5215c382-74e8-4be1-ae0e-821dde0eaaee-3-576x1024.jpg\" alt=\"\" class=\"wp-image-4988\" srcset=\"https:\/\/focotocantinense.com.br\/wp-content\/uploads\/2023\/06\/5215c382-74e8-4be1-ae0e-821dde0eaaee-3-576x1024.jpg 576w, https:\/\/focotocantinense.com.br\/wp-content\/uploads\/2023\/06\/5215c382-74e8-4be1-ae0e-821dde0eaaee-3-169x300.jpg 169w, https:\/\/focotocantinense.com.br\/wp-content\/uploads\/2023\/06\/5215c382-74e8-4be1-ae0e-821dde0eaaee-3-768x1365.jpg 768w, https:\/\/focotocantinense.com.br\/wp-content\/uploads\/2023\/06\/5215c382-74e8-4be1-ae0e-821dde0eaaee-3-864x1536.jpg 864w, https:\/\/focotocantinense.com.br\/wp-content\/uploads\/2023\/06\/5215c382-74e8-4be1-ae0e-821dde0eaaee-3.jpg 900w\" sizes=\"auto, (max-width: 576px) 100vw, 576px\" \/><\/figure>\n<\/figure>\n","protected":false},"excerpt":{"rendered":"<p>Por Zacarias Martins Com o tema \u201cLiteratura Ind\u00edgena Xerente com foco no g\u00eanero poesia\u201d, o professor e poeta Andr\u00e9 Goveia, secret\u00e1rio de Educa\u00e7\u00e3o de Tocant\u00ednia, ministrou uma aula especial neste s\u00e1bado, dia 10, para os acad\u00eamicos da Universidade da maturidade \u2013 UMA, no Polo Ind\u00edgena Xerente, localizado na Aldeia Porteira. Ap\u00f3s o processo de escuta &hellip;<\/p>\n","protected":false},"author":5,"featured_media":5009,"comment_status":"open","ping_status":"open","sticky":false,"template":"","format":"standard","meta":{"footnotes":""},"categories":[78],"tags":[],"class_list":["post-5008","post","type-post","status-publish","format-standard","has-post-thumbnail","","category-tocantinia"],"_links":{"self":[{"href":"https:\/\/focotocantinense.com.br\/index.php?rest_route=\/wp\/v2\/posts\/5008","targetHints":{"allow":["GET"]}}],"collection":[{"href":"https:\/\/focotocantinense.com.br\/index.php?rest_route=\/wp\/v2\/posts"}],"about":[{"href":"https:\/\/focotocantinense.com.br\/index.php?rest_route=\/wp\/v2\/types\/post"}],"author":[{"embeddable":true,"href":"https:\/\/focotocantinense.com.br\/index.php?rest_route=\/wp\/v2\/users\/5"}],"replies":[{"embeddable":true,"href":"https:\/\/focotocantinense.com.br\/index.php?rest_route=%2Fwp%2Fv2%2Fcomments&post=5008"}],"version-history":[{"count":1,"href":"https:\/\/focotocantinense.com.br\/index.php?rest_route=\/wp\/v2\/posts\/5008\/revisions"}],"predecessor-version":[{"id":5011,"href":"https:\/\/focotocantinense.com.br\/index.php?rest_route=\/wp\/v2\/posts\/5008\/revisions\/5011"}],"wp:featuredmedia":[{"embeddable":true,"href":"https:\/\/focotocantinense.com.br\/index.php?rest_route=\/wp\/v2\/media\/5009"}],"wp:attachment":[{"href":"https:\/\/focotocantinense.com.br\/index.php?rest_route=%2Fwp%2Fv2%2Fmedia&parent=5008"}],"wp:term":[{"taxonomy":"category","embeddable":true,"href":"https:\/\/focotocantinense.com.br\/index.php?rest_route=%2Fwp%2Fv2%2Fcategories&post=5008"},{"taxonomy":"post_tag","embeddable":true,"href":"https:\/\/focotocantinense.com.br\/index.php?rest_route=%2Fwp%2Fv2%2Ftags&post=5008"}],"curies":[{"name":"wp","href":"https:\/\/api.w.org\/{rel}","templated":true}]}}