{"id":5001,"date":"2023-06-10T16:37:09","date_gmt":"2023-06-10T19:37:09","guid":{"rendered":"https:\/\/focotocantinense.com.br\/?p=5001"},"modified":"2023-06-10T16:38:26","modified_gmt":"2023-06-10T19:38:26","slug":"prefeita-de-gurupi-emite-nota-de-pesar-pela-morte-da-jornalista-leilane-macedo-e-suas-amigas-em-acidente-tragico","status":"publish","type":"post","link":"https:\/\/focotocantinense.com.br\/?p=5001","title":{"rendered":"Prefeita de Gurupi emite Nota de Pesar pela morte da jornalista Leilane Macedo e suas amigas em acidente tr\u00e1gico"},"content":{"rendered":"\n<p><strong>Por Jonas Amaral<\/strong><\/p>\n\n\n\n<p>A prefeita de Gurupi, Josi Nunes, emitiu uma Nota de Pesar em decorr\u00eancia da tr\u00e1gica morte da jornalista Leilane Macedo e suas amigas Hosana Santos Andrade e Luana Carvalho. O acidente ocorreu na noite desta sexta-feira (09), pr\u00f3ximo a S\u00e3o Luiz do Norte, na regi\u00e3o norte de Goi\u00e1s, deixando a comunidade enlutada.<\/p>\n\n\n\n<p>Na nota, a prefeita Josi Nunes destaca o profundo pesar pela perda das tr\u00eas v\u00edtimas.&nbsp;<em>\u201cA cidade de Gurupi se encontra em luto pela jornalista Leilane Macedo de Oliveira, da Secretaria de Comunica\u00e7\u00e3o, pela fisioterapeuta Hosana Santos Andrade, da Secretaria de Sa\u00fade, e pela escritora Luana Carvalho\u201d<\/em>. As tr\u00eas perderam a vida em um acidente automobil\u00edstico na BR-153, pr\u00f3ximo a Urua\u00e7u, em Goi\u00e1s.<\/p>\n\n\n\n<p><em>\u201cNeste momento de dor e tristeza, a Prefeitura de Gurupi, em nome de todos os seus servidores, expressa suas mais profundas condol\u00eancias aos amigos e familiares das v\u00edtimas. A comunidade se une em solidariedade e roga a Deus para que, em Sua infinita bondade, possa confortar os cora\u00e7\u00f5es enlutados\u201d<\/em>.<\/p>\n\n\n\n<p>A perda dessas tr\u00eas mulheres talentosas e queridas deixa uma lacuna irrepar\u00e1vel na cidade de Gurupi e entristece a todos que tiveram a oportunidade de conhec\u00ea-las. Que suas mem\u00f3rias sejam lembradas com carinho e que suas contribui\u00e7\u00f5es para a sociedade sejam eternizadas.<\/p>\n\n\n\n<p>Neste momento de luto, a comunidade de Gurupi se une em apoio \u00e0s fam\u00edlias enlutadas, compartilhando o sentimento de perda e oferecendo solidariedade e suporte em meio \u00e0 dor.<\/p>\n\n\n\n<p>O Sindicato de Jornalistas Profissionais do Tocantins (Sindjor) tamb\u00e9m manifestou profundo pesar diante da tr\u00e1gica perda. Em nota, enfatizou o legado de dedica\u00e7\u00e3o e comprometimento de Leilane, que dedicou mais de 15 anos de sua vida ao jornalismo. Iniciando como estagi\u00e1ria, ela progrediu para se tornar editora regional na TV Anhanguera em Gurupi, onde apresentou o prestigiado Jornal Anhanguera 1\u00aa Edi\u00e7\u00e3o. Recentemente, Leilane desempenhava um importante papel como assessora de comunica\u00e7\u00e3o na Prefeitura de Gurupi.<\/p>\n\n\n\n<p><em><strong>Nota SindJor-TO<\/strong><\/em><\/p>\n\n\n\n<p><em>\u00c9 com grande tristeza que o Sindicato de Jornalistas Profissionais do Tocantins (Sindjor) recebe a not\u00edcia do falecimento ex-apresentadora da TV Anhanguera Tocantins, Leilane Lustosa Macedo de Oliveira. Leilane era graduada em Comunica\u00e7\u00e3o Social \u2013 Jornalismo pela Universidade de Gurupi (Unirg). Ela dedicou mais de 15 anos ao jornalismo, tendo inclusive estagiado na TV Anhanguera, em Gurupi, no ano de 2005, durante sua gradua\u00e7\u00e3o. Al\u00e9m disso, atuou como rep\u00f3rter do Jornal do Tocantins e de outros meios de comunica\u00e7\u00e3o.<\/em><\/p>\n\n\n\n<p><em>Em 2016, Leilane foi contratada como editora regional da TV Anhanguera em Gurupi, onde apresentou o Jornal Anhanguera 1\u00aa Edi\u00e7\u00e3o, transmitido ao vivo para cidades da regi\u00e3o sul do estado. Nos \u00faltimos anos, ela passou a exercer a fun\u00e7\u00e3o de assessora de comunica\u00e7\u00e3o na Prefeitura de Gurupi.<\/em><\/p>\n\n\n\n<p><em>Neste momento de dor e saudade, expressamos nossos mais sinceros sentimentos aos familiares, amigos e admiradores de Leilane, especialmente ao seu filho Arthur e seu esposo Tiago. Sua partida \u00e9 sentida profundamente por todos que tiveram o privil\u00e9gio de conhec\u00ea-la e acompanhar seu trabalho.<\/em><\/p>\n\n\n\n<figure class=\"wp-block-image\"><img decoding=\"async\" src=\"http:\/\/n1to.com.br\/img\/uploads\/Sem_t%C3%ADtulo_33.jpg\" alt=\"\"\/><\/figure>\n\n\n\n<p><strong><em>Acidente aconteceu na BR-153, em S\u00e3o Luiz do Norte. Foto: CBMGO\/ Divulga\u00e7\u00e3o<\/em><\/strong><\/p>\n\n\n\n<figure class=\"wp-block-image size-full\"><img loading=\"lazy\" decoding=\"async\" width=\"800\" height=\"400\" src=\"https:\/\/focotocantinense.com.br\/wp-content\/uploads\/2023\/06\/vvv-1.jpeg\" alt=\"\" class=\"wp-image-5002\" srcset=\"https:\/\/focotocantinense.com.br\/wp-content\/uploads\/2023\/06\/vvv-1.jpeg 800w, https:\/\/focotocantinense.com.br\/wp-content\/uploads\/2023\/06\/vvv-1-300x150.jpeg 300w, https:\/\/focotocantinense.com.br\/wp-content\/uploads\/2023\/06\/vvv-1-768x384.jpeg 768w, https:\/\/focotocantinense.com.br\/wp-content\/uploads\/2023\/06\/vvv-1-660x330.jpeg 660w\" sizes=\"auto, (max-width: 800px) 100vw, 800px\" \/><\/figure>\n\n\n\n<figure class=\"wp-block-image size-full is-resized\"><img loading=\"lazy\" decoding=\"async\" src=\"https:\/\/focotocantinense.com.br\/wp-content\/uploads\/2023\/06\/VINI.jpg\" alt=\"\" class=\"wp-image-4981\" width=\"839\" height=\"253\" srcset=\"https:\/\/focotocantinense.com.br\/wp-content\/uploads\/2023\/06\/VINI.jpg 640w, https:\/\/focotocantinense.com.br\/wp-content\/uploads\/2023\/06\/VINI-300x90.jpg 300w\" sizes=\"auto, (max-width: 839px) 100vw, 839px\" \/><\/figure>\n","protected":false},"excerpt":{"rendered":"<p>Por Jonas Amaral A prefeita de Gurupi, Josi Nunes, emitiu uma Nota de Pesar em decorr\u00eancia da tr\u00e1gica morte da jornalista Leilane Macedo e suas amigas Hosana Santos Andrade e Luana Carvalho. O acidente ocorreu na noite desta sexta-feira (09), pr\u00f3ximo a S\u00e3o Luiz do Norte, na regi\u00e3o norte de Goi\u00e1s, deixando a comunidade enlutada. &hellip;<\/p>\n","protected":false},"author":5,"featured_media":5002,"comment_status":"open","ping_status":"open","sticky":false,"template":"","format":"standard","meta":{"footnotes":""},"categories":[38],"tags":[],"class_list":["post-5001","post","type-post","status-publish","format-standard","has-post-thumbnail","","category-gurupi"],"_links":{"self":[{"href":"https:\/\/focotocantinense.com.br\/index.php?rest_route=\/wp\/v2\/posts\/5001","targetHints":{"allow":["GET"]}}],"collection":[{"href":"https:\/\/focotocantinense.com.br\/index.php?rest_route=\/wp\/v2\/posts"}],"about":[{"href":"https:\/\/focotocantinense.com.br\/index.php?rest_route=\/wp\/v2\/types\/post"}],"author":[{"embeddable":true,"href":"https:\/\/focotocantinense.com.br\/index.php?rest_route=\/wp\/v2\/users\/5"}],"replies":[{"embeddable":true,"href":"https:\/\/focotocantinense.com.br\/index.php?rest_route=%2Fwp%2Fv2%2Fcomments&post=5001"}],"version-history":[{"count":4,"href":"https:\/\/focotocantinense.com.br\/index.php?rest_route=\/wp\/v2\/posts\/5001\/revisions"}],"predecessor-version":[{"id":5007,"href":"https:\/\/focotocantinense.com.br\/index.php?rest_route=\/wp\/v2\/posts\/5001\/revisions\/5007"}],"wp:featuredmedia":[{"embeddable":true,"href":"https:\/\/focotocantinense.com.br\/index.php?rest_route=\/wp\/v2\/media\/5002"}],"wp:attachment":[{"href":"https:\/\/focotocantinense.com.br\/index.php?rest_route=%2Fwp%2Fv2%2Fmedia&parent=5001"}],"wp:term":[{"taxonomy":"category","embeddable":true,"href":"https:\/\/focotocantinense.com.br\/index.php?rest_route=%2Fwp%2Fv2%2Fcategories&post=5001"},{"taxonomy":"post_tag","embeddable":true,"href":"https:\/\/focotocantinense.com.br\/index.php?rest_route=%2Fwp%2Fv2%2Ftags&post=5001"}],"curies":[{"name":"wp","href":"https:\/\/api.w.org\/{rel}","templated":true}]}}