{"id":4995,"date":"2023-06-09T16:17:06","date_gmt":"2023-06-09T19:17:06","guid":{"rendered":"https:\/\/focotocantinense.com.br\/?p=4995"},"modified":"2023-06-10T16:34:46","modified_gmt":"2023-06-10T19:34:46","slug":"frutos-do-cerrado-poderao-ser-introduzidos-na-merenda-escolar-do-tocantins","status":"publish","type":"post","link":"https:\/\/focotocantinense.com.br\/?p=4995","title":{"rendered":"Frutos do cerrado poder\u00e3o ser introduzidos na merenda escolar do Tocantins"},"content":{"rendered":"\n<p>O deputado Wiston Gomes (PSD) apresentou na Assembleia Legislativa do Estado do Tocantins, um Anteprojeto de Lei com o objetivo de introduzir os frutos do cerrado na merenda escolar. Al\u00e9m de serem conhecidos pelo sabor inigual\u00e1vel, os frutos do cerrado s\u00e3o ricos em nutrientes, como vitaminas, minerais e antioxidantes, que trazem diversos benef\u00edcios para a sa\u00fade.<\/p>\n\n\n\n<p>A proposta visa aproveitar de forma mais efetiva esses recursos naturais, valorizando as tradi\u00e7\u00f5es alimentares da regi\u00e3o e proporcionando uma nova fonte de renda para agricultores familiares e agroextrativistas.<\/p>\n\n\n\n<p>O Anteprojeto ser\u00e1 encaminhado ao Governo do Estado, por meio da Secretaria da Ind\u00fastria, Com\u00e9rcio e Servi\u00e7os (SICS) e \u00e0 Secretaria da Educa\u00e7\u00e3o (Seduc). A SICS j\u00e1 possui um subprograma em seu planejamento que visa incentivar projetos de aproveitamento dos frutos do cerrado.<\/p>\n\n\n\n<p>Segundo o parlamentar, a iniciativa busca fomentar pol\u00edticas p\u00fablicas alimentares que promovam a sa\u00fade da popula\u00e7\u00e3o estudantil e, ao mesmo tempo, criem oportunidades de mercado para os agricultores familiares e agroextrativistas.<\/p>\n\n\n\n<p>O Projeto tem o potencial de incentivar pr\u00e1ticas de gest\u00e3o ambiental e estabelecer um modelo de produ\u00e7\u00e3o e consumo de alimentos sustent\u00e1veis, fortalecendo a rela\u00e7\u00e3o entre o campo e a cidade e abrindo novas possibilidades para o desenvolvimento rural sustent\u00e1vel.<\/p>\n\n\n\n<p>Ap\u00f3s a apresenta\u00e7\u00e3o, o Anteprojeto seguir\u00e1 para vota\u00e7\u00e3o, e caso seja aprovado, ser\u00e1 encaminhado \u00e0s secretarias mencionadas para an\u00e1lise e implementa\u00e7\u00e3o das medidas propostas.<\/p>\n\n\n\n<figure class=\"wp-block-image size-large\"><img loading=\"lazy\" decoding=\"async\" width=\"1024\" height=\"682\" src=\"https:\/\/focotocantinense.com.br\/wp-content\/uploads\/2023\/06\/eeee-1-1024x682.jpg\" alt=\"\" class=\"wp-image-4996\" srcset=\"https:\/\/focotocantinense.com.br\/wp-content\/uploads\/2023\/06\/eeee-1-1024x682.jpg 1024w, https:\/\/focotocantinense.com.br\/wp-content\/uploads\/2023\/06\/eeee-1-300x200.jpg 300w, https:\/\/focotocantinense.com.br\/wp-content\/uploads\/2023\/06\/eeee-1-768x512.jpg 768w, https:\/\/focotocantinense.com.br\/wp-content\/uploads\/2023\/06\/eeee-1-310x205.jpg 310w, https:\/\/focotocantinense.com.br\/wp-content\/uploads\/2023\/06\/eeee-1.jpg 1130w\" sizes=\"auto, (max-width: 1024px) 100vw, 1024px\" \/><\/figure>\n\n\n\n<figure class=\"wp-block-image size-large is-resized\"><img loading=\"lazy\" decoding=\"async\" src=\"https:\/\/focotocantinense.com.br\/wp-content\/uploads\/2023\/06\/5215c382-74e8-4be1-ae0e-821dde0eaaee-3-576x1024.jpg\" alt=\"\" class=\"wp-image-4988\" width=\"838\" height=\"1490\" srcset=\"https:\/\/focotocantinense.com.br\/wp-content\/uploads\/2023\/06\/5215c382-74e8-4be1-ae0e-821dde0eaaee-3-576x1024.jpg 576w, https:\/\/focotocantinense.com.br\/wp-content\/uploads\/2023\/06\/5215c382-74e8-4be1-ae0e-821dde0eaaee-3-169x300.jpg 169w, https:\/\/focotocantinense.com.br\/wp-content\/uploads\/2023\/06\/5215c382-74e8-4be1-ae0e-821dde0eaaee-3-768x1365.jpg 768w, https:\/\/focotocantinense.com.br\/wp-content\/uploads\/2023\/06\/5215c382-74e8-4be1-ae0e-821dde0eaaee-3-864x1536.jpg 864w, https:\/\/focotocantinense.com.br\/wp-content\/uploads\/2023\/06\/5215c382-74e8-4be1-ae0e-821dde0eaaee-3.jpg 900w\" sizes=\"auto, (max-width: 838px) 100vw, 838px\" \/><\/figure>\n","protected":false},"excerpt":{"rendered":"<p>O deputado Wiston Gomes (PSD) apresentou na Assembleia Legislativa do Estado do Tocantins, um Anteprojeto de Lei com o objetivo de introduzir os frutos do cerrado na merenda escolar. Al\u00e9m de serem conhecidos pelo sabor inigual\u00e1vel, os frutos do cerrado s\u00e3o ricos em nutrientes, como vitaminas, minerais e antioxidantes, que trazem diversos benef\u00edcios para a &hellip;<\/p>\n","protected":false},"author":5,"featured_media":5000,"comment_status":"open","ping_status":"open","sticky":false,"template":"","format":"standard","meta":{"footnotes":""},"categories":[1],"tags":[],"class_list":["post-4995","post","type-post","status-publish","format-standard","has-post-thumbnail","","category-sem-categoria"],"_links":{"self":[{"href":"https:\/\/focotocantinense.com.br\/index.php?rest_route=\/wp\/v2\/posts\/4995","targetHints":{"allow":["GET"]}}],"collection":[{"href":"https:\/\/focotocantinense.com.br\/index.php?rest_route=\/wp\/v2\/posts"}],"about":[{"href":"https:\/\/focotocantinense.com.br\/index.php?rest_route=\/wp\/v2\/types\/post"}],"author":[{"embeddable":true,"href":"https:\/\/focotocantinense.com.br\/index.php?rest_route=\/wp\/v2\/users\/5"}],"replies":[{"embeddable":true,"href":"https:\/\/focotocantinense.com.br\/index.php?rest_route=%2Fwp%2Fv2%2Fcomments&post=4995"}],"version-history":[{"count":1,"href":"https:\/\/focotocantinense.com.br\/index.php?rest_route=\/wp\/v2\/posts\/4995\/revisions"}],"predecessor-version":[{"id":4997,"href":"https:\/\/focotocantinense.com.br\/index.php?rest_route=\/wp\/v2\/posts\/4995\/revisions\/4997"}],"wp:featuredmedia":[{"embeddable":true,"href":"https:\/\/focotocantinense.com.br\/index.php?rest_route=\/wp\/v2\/media\/5000"}],"wp:attachment":[{"href":"https:\/\/focotocantinense.com.br\/index.php?rest_route=%2Fwp%2Fv2%2Fmedia&parent=4995"}],"wp:term":[{"taxonomy":"category","embeddable":true,"href":"https:\/\/focotocantinense.com.br\/index.php?rest_route=%2Fwp%2Fv2%2Fcategories&post=4995"},{"taxonomy":"post_tag","embeddable":true,"href":"https:\/\/focotocantinense.com.br\/index.php?rest_route=%2Fwp%2Fv2%2Ftags&post=4995"}],"curies":[{"name":"wp","href":"https:\/\/api.w.org\/{rel}","templated":true}]}}