{"id":4991,"date":"2023-06-09T16:08:50","date_gmt":"2023-06-09T19:08:50","guid":{"rendered":"https:\/\/focotocantinense.com.br\/?p=4991"},"modified":"2023-06-09T16:09:30","modified_gmt":"2023-06-09T19:09:30","slug":"em-duere-governador-em-exercicio-laurez-moreira-autoriza-r-42-milhoes-para-obras-em-rodovias-do-sul-do-tocantins","status":"publish","type":"post","link":"https:\/\/focotocantinense.com.br\/?p=4991","title":{"rendered":"Em Duer\u00e9, governador em exerc\u00edcio, Laurez Moreira, autoriza R$ 42 milh\u00f5es para obras em rodovias do sul do Tocantins"},"content":{"rendered":"\n<p>Encerrando a agenda oficial em Duer\u00e9, o governador em exerc\u00edcio do Tocantins, Laurez Moreira, assinou nesta quarta-feira, 7, Ordens de Servi\u00e7o para restaura\u00e7\u00e3o de quase 100 km de trechos rodovi\u00e1rios com impacto positivo para popula\u00e7\u00e3o das cidades da regi\u00e3o sul do Estado. Um dos trechos compreende 54,9 km da rodovia TO-337, na parte que liga Paran\u00e3 a S\u00e3o Salvador. O outro trecho \u00e9 da TO-070, que liga as cidades de Alian\u00e7a do Tocantins e Duer\u00e9, onde ser\u00e3o recuperados 43,8km de rodovias.&nbsp;<\/p>\n\n\n\n<p>\u201cEstamos muito satisfeitos em realizar essas assinaturas que representam avan\u00e7o para o Estado. Sou dessa regi\u00e3o e sei o quanto essas obras representam para os moradores de Duer\u00e9 e regi\u00e3o, o governador Wanderlei Barbosa cumpriu o seu compromisso com os tocantinenses e segue trazendo restrutura\u00e7\u00e3o nas estradas do nosso Estado\u201d, afirmou o governador em exerc\u00edcio, Laurez Moreira.<\/p>\n\n\n\n<p>No trecho de S\u00e3o Salvador a Paran\u00e3, ser\u00e3o investidos R$ 22,7 milh\u00f5es. J\u00e1 no que liga Paran\u00e3 a Duer\u00e9, s\u00e3o R$ 19,3 milh\u00f5es. As obras incluem servi\u00e7os de substitui\u00e7\u00e3o gradual do Tratamento Superficial Duplo (TSD) para o Concreto Betuminoso Usinado \u00e0 Quente (CBUQ).&nbsp;<\/p>\n\n\n\n<p>\u201cA nossa inten\u00e7\u00e3o \u00e9 recuperar as rodovias de todo o Estado. Essas assinaturas representam um avan\u00e7o para infraestrutura do Tocantins. Sabemos que a substitui\u00e7\u00e3o gradual da malha asf\u00e1ltica \u00e9 uma das prioridades do governador Wanderlei Barbosa e estaremos realizando essas obras aqui no Sul, assim como no restante do Estado\u201d, frisou o presidente da Ag\u00eancia Tocantinense de Transportes e Obras (Ageto), M\u00e1rcio Pinheiro<\/p>\n\n\n\n<p><strong>Reforma da Adapec<\/strong><\/p>\n\n\n\n<p>Criada em 2001, a sede da Ag\u00eancia de Defesa Agropecu\u00e1ria do Tocantins (Adapec) em Duer\u00e9 passou por sua primeira reforma desde sua funda\u00e7\u00e3o. As melhorias estruturais realizadas inclu\u00edram a pintura das paredes, troca do piso, substitui\u00e7\u00e3o das portas, reforma do banheiro, da fachada, al\u00e9m de corre\u00e7\u00e3o das redes h\u00eddrica e el\u00e9trica, o que garante um funcionamento adequado dos sistemas internos.<\/p>\n\n\n\n<p>A reestrutura\u00e7\u00e3o da unidade da Adapec \u00e9 uma parceria do Governo do Tocantins, por meio da Ag\u00eancia e do Fundo Privado de Defesa Agropecu\u00e1ria (Fundeagro), que destinaram R$ 104 mil. Al\u00e9m das reformas estruturais, a sede da Adapec em Duer\u00e9 tamb\u00e9m foi equipada com tr\u00eas computadores, duas impressoras e tr\u00eas aparelhos de ar-condicionado.<\/p>\n\n\n\n<p>O presidente da Ag\u00eancia, Paulo Lima, ressaltou a import\u00e2ncia do investimento. &#8220;\u00c9 um momento de muita alegria e trazemos aqui essa demanda conclu\u00edda, que era uma reclama\u00e7\u00e3o dos nossos produtores rurais. O nosso trabalho \u00e9 entregar o melhor servi\u00e7o para os produtores, para a popula\u00e7\u00e3o e essa estrutura representa um momento hist\u00f3rico e muito especial para esta cidade e regi\u00e3o\u201d, pontuou.<\/p>\n\n\n\n<figure class=\"wp-block-image size-large\"><img loading=\"lazy\" decoding=\"async\" width=\"1024\" height=\"585\" src=\"https:\/\/focotocantinense.com.br\/wp-content\/uploads\/2023\/06\/eeee-1024x585.jpg\" alt=\"\" class=\"wp-image-4992\" srcset=\"https:\/\/focotocantinense.com.br\/wp-content\/uploads\/2023\/06\/eeee-1024x585.jpg 1024w, https:\/\/focotocantinense.com.br\/wp-content\/uploads\/2023\/06\/eeee-300x172.jpg 300w, https:\/\/focotocantinense.com.br\/wp-content\/uploads\/2023\/06\/eeee-768x439.jpg 768w, https:\/\/focotocantinense.com.br\/wp-content\/uploads\/2023\/06\/eeee-1536x878.jpg 1536w, https:\/\/focotocantinense.com.br\/wp-content\/uploads\/2023\/06\/eeee-2048x1171.jpg 2048w\" sizes=\"auto, (max-width: 1024px) 100vw, 1024px\" \/><\/figure>\n\n\n\n<figure class=\"wp-block-image size-large is-resized\"><img loading=\"lazy\" decoding=\"async\" src=\"https:\/\/focotocantinense.com.br\/wp-content\/uploads\/2023\/06\/5215c382-74e8-4be1-ae0e-821dde0eaaee-3-576x1024.jpg\" alt=\"\" class=\"wp-image-4988\" width=\"839\" height=\"1492\" srcset=\"https:\/\/focotocantinense.com.br\/wp-content\/uploads\/2023\/06\/5215c382-74e8-4be1-ae0e-821dde0eaaee-3-576x1024.jpg 576w, https:\/\/focotocantinense.com.br\/wp-content\/uploads\/2023\/06\/5215c382-74e8-4be1-ae0e-821dde0eaaee-3-169x300.jpg 169w, https:\/\/focotocantinense.com.br\/wp-content\/uploads\/2023\/06\/5215c382-74e8-4be1-ae0e-821dde0eaaee-3-768x1365.jpg 768w, https:\/\/focotocantinense.com.br\/wp-content\/uploads\/2023\/06\/5215c382-74e8-4be1-ae0e-821dde0eaaee-3-864x1536.jpg 864w, https:\/\/focotocantinense.com.br\/wp-content\/uploads\/2023\/06\/5215c382-74e8-4be1-ae0e-821dde0eaaee-3.jpg 900w\" sizes=\"auto, (max-width: 839px) 100vw, 839px\" \/><\/figure>\n","protected":false},"excerpt":{"rendered":"<p>Encerrando a agenda oficial em Duer\u00e9, o governador em exerc\u00edcio do Tocantins, Laurez Moreira, assinou nesta quarta-feira, 7, Ordens de Servi\u00e7o para restaura\u00e7\u00e3o de quase 100 km de trechos rodovi\u00e1rios com impacto positivo para popula\u00e7\u00e3o das cidades da regi\u00e3o sul do Estado. Um dos trechos compreende 54,9 km da rodovia TO-337, na parte que liga &hellip;<\/p>\n","protected":false},"author":5,"featured_media":4992,"comment_status":"open","ping_status":"open","sticky":false,"template":"","format":"standard","meta":{"footnotes":""},"categories":[69],"tags":[],"class_list":["post-4991","post","type-post","status-publish","format-standard","has-post-thumbnail","","category-duere"],"_links":{"self":[{"href":"https:\/\/focotocantinense.com.br\/index.php?rest_route=\/wp\/v2\/posts\/4991","targetHints":{"allow":["GET"]}}],"collection":[{"href":"https:\/\/focotocantinense.com.br\/index.php?rest_route=\/wp\/v2\/posts"}],"about":[{"href":"https:\/\/focotocantinense.com.br\/index.php?rest_route=\/wp\/v2\/types\/post"}],"author":[{"embeddable":true,"href":"https:\/\/focotocantinense.com.br\/index.php?rest_route=\/wp\/v2\/users\/5"}],"replies":[{"embeddable":true,"href":"https:\/\/focotocantinense.com.br\/index.php?rest_route=%2Fwp%2Fv2%2Fcomments&post=4991"}],"version-history":[{"count":2,"href":"https:\/\/focotocantinense.com.br\/index.php?rest_route=\/wp\/v2\/posts\/4991\/revisions"}],"predecessor-version":[{"id":4994,"href":"https:\/\/focotocantinense.com.br\/index.php?rest_route=\/wp\/v2\/posts\/4991\/revisions\/4994"}],"wp:featuredmedia":[{"embeddable":true,"href":"https:\/\/focotocantinense.com.br\/index.php?rest_route=\/wp\/v2\/media\/4992"}],"wp:attachment":[{"href":"https:\/\/focotocantinense.com.br\/index.php?rest_route=%2Fwp%2Fv2%2Fmedia&parent=4991"}],"wp:term":[{"taxonomy":"category","embeddable":true,"href":"https:\/\/focotocantinense.com.br\/index.php?rest_route=%2Fwp%2Fv2%2Fcategories&post=4991"},{"taxonomy":"post_tag","embeddable":true,"href":"https:\/\/focotocantinense.com.br\/index.php?rest_route=%2Fwp%2Fv2%2Ftags&post=4991"}],"curies":[{"name":"wp","href":"https:\/\/api.w.org\/{rel}","templated":true}]}}