{"id":4983,"date":"2023-06-09T15:48:56","date_gmt":"2023-06-09T18:48:56","guid":{"rendered":"https:\/\/focotocantinense.com.br\/?p=4983"},"modified":"2023-06-09T15:50:26","modified_gmt":"2023-06-09T18:50:26","slug":"10a-conferencia-municipal-de-assistencia-social-de-gurupi-sera-realizada-na-proxima-semana","status":"publish","type":"post","link":"https:\/\/focotocantinense.com.br\/?p=4983","title":{"rendered":"10\u00aa Confer\u00eancia Municipal de Assist\u00eancia Social de Gurupi ser\u00e1 realizada na pr\u00f3xima semana"},"content":{"rendered":"\n<p>Na pr\u00f3xima quinta-feira, 15, acontecer\u00e1 a 10\u00aa Confer\u00eancia Municipal de Assist\u00eancia Social de Gurupi, organizada pela Prefeitura, por meio da Secretaria de Assist\u00eancia Social e Cidadania e pelo Conselho Municipal de Assist\u00eancia Social. A programa\u00e7\u00e3o acontece a partir das 08 horas, no audit\u00f3rio do Centro Cultural Mauro Cunha, Centro, e \u00e9 aberta para a participa\u00e7\u00e3o de toda a comunidade.<\/p>\n\n\n\n<p>Com o tema: \u201cReconstru\u00e7\u00e3o do SUAS: O SUAS que temos e o SUAS que queremos!\u201d, a Confer\u00eancia ser\u00e1 dividida em 05 eixos tem\u00e1ticos que contribuir\u00e3o na defini\u00e7\u00e3o de diretrizes de pol\u00edticas p\u00fablicas em defesa da assist\u00eancia social e na garantia dos direitos dos cidad\u00e3os gurupienses. Os interessados em participar da programa\u00e7\u00e3o podem se inscrever no site da Prefeitura de Gurupi (<a href=\"https:\/\/bit.ly\/Inscri%C3%A7%C3%A3oConfer%C3%AAnciaDeAssist%C3%AAnciaSocialGurupi\">clique aqui<\/a>), at\u00e9 o dia 14, pr\u00f3xima quarta-feira.<\/p>\n\n\n\n<p>\u201cA Confer\u00eancia \u00e9 um espa\u00e7o de compartilhamento de conhecimentos e experi\u00eancias. \u00c9 um momento de participa\u00e7\u00e3o ativa da comunidade; al\u00e9m de ser uma oportunidade de estudo, avalia\u00e7\u00e3o e de sugest\u00f5es de propostas voltadas \u00e0 assist\u00eancia social da nossa cidade. Por isso, \u00e9 muito importante que a popula\u00e7\u00e3o participe e colabore\u201d, afirmou a secret\u00e1ria de Assist\u00eancia Social e Cidadania de Gurupi, Luana Nunes.<\/p>\n\n\n\n<p>A 10\u00aa Confer\u00eancia Municipal de Assist\u00eancia Social de Gurupi tamb\u00e9m visa propor diretrizes para o aprimoramento do Sistema \u00danico de Assist\u00eancia Social (SUAS) nos tr\u00eas n\u00edveis de gest\u00e3o: municipal, estadual e federal. Os eixos tem\u00e1ticos discutidos durante o evento s\u00e3o:<\/p>\n\n\n\n<ul class=\"wp-block-list\">\n<li><strong>Eixo 1<\/strong>&nbsp;\u2013 Financiamento: Financiamento e or\u00e7amento de natureza obrigat\u00f3ria, como instrumento para uma gest\u00e3o de compromisso e responsabilidades dos entes federativos \u00e0 garantia dos direitos socioassistenciais, contemplando as especificidades regionais do pa\u00eds;<\/li>\n\n\n\n<li><strong>Eixo 2<\/strong>&nbsp;\u2013 Controle Social: Qualifica\u00e7\u00e3o e estrutura\u00e7\u00e3o das inst\u00e2ncias de Controle Social com diretrizes democr\u00e1ticas e participativas;<\/li>\n\n\n\n<li><strong>Eixo 3 \u2013<\/strong>&nbsp;Articula\u00e7\u00e3o entre segmentos: Como potencializar a Participa\u00e7\u00e3o Social no SUAS?<\/li>\n\n\n\n<li><strong>Eixo 4<\/strong>&nbsp;\u2013 Servi\u00e7os, Programas e Projetos: Universaliza\u00e7\u00e3o do acesso e integra\u00e7\u00e3o da oferta dos servi\u00e7os e direitos no SUAS;<\/li>\n<\/ul>\n\n\n\n<ul class=\"wp-block-list\">\n<li><strong>Eixo 5<\/strong>&nbsp;\u2013 Benef\u00edcio e transfer\u00eancia de renda: A import\u00e2ncia dos benef\u00edcios socioassistenciais e o direito \u00e0 garantia de renda como prote\u00e7\u00e3o social na reconfigura\u00e7\u00e3o do SUAS.                              <\/li>\n<\/ul>\n\n\n\n<figure class=\"wp-block-image size-large\"><img loading=\"lazy\" decoding=\"async\" width=\"1024\" height=\"576\" src=\"https:\/\/focotocantinense.com.br\/wp-content\/uploads\/2023\/06\/Foto-Arquivo-Secom-Gurupi-1024x576.jpg\" alt=\"\" class=\"wp-image-4984\" srcset=\"https:\/\/focotocantinense.com.br\/wp-content\/uploads\/2023\/06\/Foto-Arquivo-Secom-Gurupi-1024x576.jpg 1024w, https:\/\/focotocantinense.com.br\/wp-content\/uploads\/2023\/06\/Foto-Arquivo-Secom-Gurupi-300x169.jpg 300w, https:\/\/focotocantinense.com.br\/wp-content\/uploads\/2023\/06\/Foto-Arquivo-Secom-Gurupi-768x432.jpg 768w, https:\/\/focotocantinense.com.br\/wp-content\/uploads\/2023\/06\/Foto-Arquivo-Secom-Gurupi.jpg 1280w\" sizes=\"auto, (max-width: 1024px) 100vw, 1024px\" \/><\/figure>\n\n\n\n<figure class=\"wp-block-image size-large is-resized\"><img loading=\"lazy\" decoding=\"async\" src=\"https:\/\/focotocantinense.com.br\/wp-content\/uploads\/2023\/06\/5215c382-74e8-4be1-ae0e-821dde0eaaee-3-576x1024.jpg\" alt=\"\" class=\"wp-image-4988\" width=\"843\" height=\"1499\" srcset=\"https:\/\/focotocantinense.com.br\/wp-content\/uploads\/2023\/06\/5215c382-74e8-4be1-ae0e-821dde0eaaee-3-576x1024.jpg 576w, https:\/\/focotocantinense.com.br\/wp-content\/uploads\/2023\/06\/5215c382-74e8-4be1-ae0e-821dde0eaaee-3-169x300.jpg 169w, https:\/\/focotocantinense.com.br\/wp-content\/uploads\/2023\/06\/5215c382-74e8-4be1-ae0e-821dde0eaaee-3-768x1365.jpg 768w, https:\/\/focotocantinense.com.br\/wp-content\/uploads\/2023\/06\/5215c382-74e8-4be1-ae0e-821dde0eaaee-3-864x1536.jpg 864w, https:\/\/focotocantinense.com.br\/wp-content\/uploads\/2023\/06\/5215c382-74e8-4be1-ae0e-821dde0eaaee-3.jpg 900w\" sizes=\"auto, (max-width: 843px) 100vw, 843px\" \/><\/figure>\n","protected":false},"excerpt":{"rendered":"<p>Na pr\u00f3xima quinta-feira, 15, acontecer\u00e1 a 10\u00aa Confer\u00eancia Municipal de Assist\u00eancia Social de Gurupi, organizada pela Prefeitura, por meio da Secretaria de Assist\u00eancia Social e Cidadania e pelo Conselho Municipal de Assist\u00eancia Social. A programa\u00e7\u00e3o acontece a partir das 08 horas, no audit\u00f3rio do Centro Cultural Mauro Cunha, Centro, e \u00e9 aberta para a participa\u00e7\u00e3o &hellip;<\/p>\n","protected":false},"author":5,"featured_media":4984,"comment_status":"open","ping_status":"open","sticky":false,"template":"","format":"standard","meta":{"footnotes":""},"categories":[38],"tags":[],"class_list":["post-4983","post","type-post","status-publish","format-standard","has-post-thumbnail","","category-gurupi"],"_links":{"self":[{"href":"https:\/\/focotocantinense.com.br\/index.php?rest_route=\/wp\/v2\/posts\/4983","targetHints":{"allow":["GET"]}}],"collection":[{"href":"https:\/\/focotocantinense.com.br\/index.php?rest_route=\/wp\/v2\/posts"}],"about":[{"href":"https:\/\/focotocantinense.com.br\/index.php?rest_route=\/wp\/v2\/types\/post"}],"author":[{"embeddable":true,"href":"https:\/\/focotocantinense.com.br\/index.php?rest_route=\/wp\/v2\/users\/5"}],"replies":[{"embeddable":true,"href":"https:\/\/focotocantinense.com.br\/index.php?rest_route=%2Fwp%2Fv2%2Fcomments&post=4983"}],"version-history":[{"count":4,"href":"https:\/\/focotocantinense.com.br\/index.php?rest_route=\/wp\/v2\/posts\/4983\/revisions"}],"predecessor-version":[{"id":4990,"href":"https:\/\/focotocantinense.com.br\/index.php?rest_route=\/wp\/v2\/posts\/4983\/revisions\/4990"}],"wp:featuredmedia":[{"embeddable":true,"href":"https:\/\/focotocantinense.com.br\/index.php?rest_route=\/wp\/v2\/media\/4984"}],"wp:attachment":[{"href":"https:\/\/focotocantinense.com.br\/index.php?rest_route=%2Fwp%2Fv2%2Fmedia&parent=4983"}],"wp:term":[{"taxonomy":"category","embeddable":true,"href":"https:\/\/focotocantinense.com.br\/index.php?rest_route=%2Fwp%2Fv2%2Fcategories&post=4983"},{"taxonomy":"post_tag","embeddable":true,"href":"https:\/\/focotocantinense.com.br\/index.php?rest_route=%2Fwp%2Fv2%2Ftags&post=4983"}],"curies":[{"name":"wp","href":"https:\/\/api.w.org\/{rel}","templated":true}]}}