{"id":4971,"date":"2023-06-07T19:16:57","date_gmt":"2023-06-07T22:16:57","guid":{"rendered":"https:\/\/focotocantinense.com.br\/?p=4971"},"modified":"2023-06-07T19:22:07","modified_gmt":"2023-06-07T22:22:07","slug":"governador-em-exercicio-laurez-moreira-entrega-estrutura-nova-para-duas-escolas-de-gurupi-e-garante-qualidade-de-ensino-para-mais-de-400-alunos","status":"publish","type":"post","link":"https:\/\/focotocantinense.com.br\/?p=4971","title":{"rendered":"Governador em exerc\u00edcio, Laurez Moreira, entrega estrutura nova para duas escolas de Gurupi e garante qualidade de ensino para mais de 400 alunos"},"content":{"rendered":"\n<p>Novos ambientes e reformas de estruturas foram as inaugura\u00e7\u00f5es realizadas nesta quarta-feira, 07, na cidade de Gurupi, pelo governador em exerc\u00edcio Laurez Moreira. As melhorias foram executadas no Centro de Ensino M\u00e9dio (CEM) Bom Jesus e no Centro de Ensino M\u00e9dio de Gurupi, pelo Governo do Tocantins, por meio da Secretaria de Educa\u00e7\u00e3o (Seduc), e visam proporcionar um ambiente mais adequado e confort\u00e1vel para os alunos, promovendo uma educa\u00e7\u00e3o de qualidade. &nbsp;Mais cedo na cidade, Laurez Moreira havia entregado para o 4\u00b0 Batalh\u00e3o da Pol\u00edcia Militar do Tocantins o refeit\u00f3rio da unidade policial.&nbsp;<br><br>Na cerim\u00f4nia realizada no CEM Bom Jesus, Laurez Moreira ressaltou a import\u00e2ncia dos investimentos na \u00e1rea da educa\u00e7\u00e3o. Em seu discurso, ele destacou: &#8220;Estamos comprometidos em garantir que os estudantes tenham acesso a uma educa\u00e7\u00e3o de excel\u00eancia. A entrega dessas obras \u00e9 apenas o come\u00e7o de uma s\u00e9rie de melhorias que ser\u00e3o realizadas em toda a rede estadual de ensino&#8221;, disse.<br><br>O secret\u00e1rio de Educa\u00e7\u00e3o, F\u00e1bio Vaz, tamb\u00e9m esteve presente e enfatizou o impacto positivo das obras para a comunidade escolar. &#8220;Hoje estamos entregando duas obras muito importantes para a cidade. Essas melhorias v\u00e3o al\u00e9m da infraestrutura f\u00edsica, elas proporcionam condi\u00e7\u00f5es adequadas de aprendizado, estimulando os alunos a se desenvolverem e explorarem todo o seu potencial&#8221;, afirmou o secret\u00e1rio.<br><br>A primeira escola contemplada com as melhorias foi o Centro de Ensino M\u00e9dio Bom Jesus, que conta com 312 alunos matriculados. A institui\u00e7\u00e3o recebeu um investimento de R$ 2.344.550,22, que foi utilizado para a constru\u00e7\u00e3o de um refeit\u00f3rio climatizado, de uma central de G\u00e1s Liquefeito de Petr\u00f3leo (GLP), de um dep\u00f3sito de lixo org\u00e2nico e recicl\u00e1vel, passarela coberta, rampa, al\u00e9m da reforma da cozinha, de ambientes administrativos para implanta\u00e7\u00e3o de laborat\u00f3rio de qu\u00edmica, da quadra poliesportiva, e, ainda, uma nova arquitetura paisag\u00edstica. Essas novas estruturas ir\u00e3o proporcionar uma alimenta\u00e7\u00e3o adequada aos alunos e um espa\u00e7o equipado para o estudo, dando conforto para alunos e profissionais da unidade.<br><br>J\u00e1 o Centro de Ensino M\u00e9dio de Gurupi, que conta com 90 estudantes, passou por uma reestrutura\u00e7\u00e3o de sua infraestrutura que contou com um investimento de R$ 1.659.041,99. Entre as amplia\u00e7\u00f5es realizadas, destaca-se a constru\u00e7\u00e3o de um refeit\u00f3rio climatizado, proporcionando mais conforto durante as refei\u00e7\u00f5es dos alunos. Al\u00e9m disso, o sal\u00e3o de refei\u00e7\u00f5es foi transformado em uma sala multifuncional, que agora abriga aulas de dan\u00e7a, artes e arquitetura. Essa mudan\u00e7a proporcionar\u00e1 aos estudantes a oportunidade de explorar diferentes formas de express\u00e3o art\u00edstica e desenvolver habilidades criativas. A reforma tamb\u00e9m contemplou uma central de GLP, dep\u00f3sito de lixo org\u00e2nico e recicl\u00e1vel e passarela coberta.<br><br>Ainda durante as cerim\u00f4nias realizadas em ambas as escolas, pais de alunos expressaram sua gratid\u00e3o e satisfa\u00e7\u00e3o com as obras executadas nas unidades. Anisa Cardoso tem uma filha que estuda no CEM Bom Jesus e n\u00e3o escondeu a felicidade com a entrega das novas edifica\u00e7\u00f5es. &#8220;Para mim \u00e9 uma grande emo\u00e7\u00e3o. Todos estavam sonhando com essa reforma. Eu conhe\u00e7o bem essa unidade pois fui ex-servidora e agora vejo que esse ambiente novo vai contribuir para forma\u00e7\u00e3o da minha filha e de outros alunos\u201d, comemorou. A filha dela, a Ana Clara, de 16 anos, comentou o quanto esses novos ambientes v\u00e3o contribuir para os estudantes da escola. \u201cVieram para o conforto dos alunos, j\u00e1 que antes n\u00e3o t\u00ednhamos um refeit\u00f3rio climatizado na hora do almo\u00e7o e isso \u00e9 importante para o nosso descanso\u201d, conferiu a estudante do 3\u00ba ano do ensino m\u00e9dio.<br><br>Conforme Laurez Moreira, com a entrega dessas obras, a educa\u00e7\u00e3o nas escolas estaduais de Gurupi d\u00e1 um salto significativo em qualidade e infraestrutura. \u201cOs investimentos realizados pelo governo estadual refletem o compromisso em proporcionar condi\u00e7\u00f5es adequadas de ensino, contribuindo para a forma\u00e7\u00e3o de cidad\u00e3os\u201d, completou.<br><br>Para a prefeita de Gurupi, Josi Nunes, a conclus\u00e3o dos trabalhos nessas unidades de ensino representa o forte empenho do Governo do Tocantins com a educa\u00e7\u00e3o em Gurupi, proporcionando assim uma melhor forma\u00e7\u00e3o de crian\u00e7as e adolescentes da cidade. \u201cAvaliamos com muita positividade esse incentivo do Governo do Tocantins com a educa\u00e7\u00e3o de Gurupi. Esse fortalecimento de a\u00e7\u00f5es faz com que o nosso munic\u00edpio ganhe muito, pois sabemos que nossos jovens ser\u00e3o mais capacitados\u201d, comentou a gestora.<\/p>\n\n\n\n<p><strong>Refeit\u00f3rio para o 4\u00ba Batalh\u00e3o<\/strong><\/p>\n\n\n\n<p>O 4\u00b0 Batalh\u00e3o da Pol\u00edcia Militar do Tocantins, em parceria com o Tribunal de Justi\u00e7a do Tocantins (TJTO), celebrou a inaugura\u00e7\u00e3o de um refeit\u00f3rio na unidade policial. Al\u00e9m de melhorar as condi\u00e7\u00f5es de alimenta\u00e7\u00e3o dos policiais, o projeto envolveu a m\u00e3o de obra de apenados, que tiveram suas penas reduzidas por dia trabalhado. Com um incentivo financeiro de 70 mil reais, por parte do Tribunal de Justi\u00e7a, o refeit\u00f3rio conta com espa\u00e7os internos e externos, incluindo uma cozinha.<\/p>\n\n\n\n<p>Essa iniciativa, al\u00e9m de fortalecer a parceria entre as institui\u00e7\u00f5es, visa a ressocializa\u00e7\u00e3o dos apenados, proporcionando-lhes uma oportunidade de aprendizado e reintegra\u00e7\u00e3o \u00e0 sociedade. \u201cO novo refeit\u00f3rio, moderno e funcional, oferece um ambiente aconchegante para as refei\u00e7\u00f5es dos membros do batalh\u00e3o e contribuir\u00e1 para a manuten\u00e7\u00e3o de sua sa\u00fade. Al\u00e9m disso, o espa\u00e7o tamb\u00e9m ser\u00e1 utilizado para atender jovens do programa Proerd (Programa Educacional de Resist\u00eancia \u00e0s Drogas e \u00e0 Viol\u00eancia), refor\u00e7ando o car\u00e1ter comunit\u00e1rio da institui\u00e7\u00e3o\u201d, expressou o comandante-geral da PMTO, o M\u00e1rcio Ant\u00f4nio Barbosa de Mendon\u00e7a, na solenidade de entrega.<\/p>\n\n\n\n<figure class=\"wp-block-image is-resized\"><img loading=\"lazy\" decoding=\"async\" src=\"https:\/\/central.to.gov.br\/image\/333538?w=670&amp;h=383\" alt=\"\" width=\"836\" height=\"478\"\/><\/figure>\n\n\n\n<p><em><strong>Entre as amplia\u00e7\u00f5es realizadas, destaca-se a constru\u00e7\u00e3o de um refeit\u00f3rio climatizado, proporcionando mais conforto durante as refei\u00e7\u00f5es dos alunos &#8211; Foto: Adilvan Nogueira\/Governo do Tocantins\u00a0<\/strong><\/em><\/p>\n\n\n\n<figure class=\"wp-block-image is-resized\"><img loading=\"lazy\" decoding=\"async\" src=\"https:\/\/central.to.gov.br\/image\/333539?w=670&amp;h=383\" alt=\"\" width=\"827\" height=\"473\"\/><\/figure>\n\n\n\n<p><em><strong>O 4\u00b0 Batalh\u00e3o da Pol\u00edcia Militar do Tocantins, em parceria com o Tribunal de Justi\u00e7a do Tocantins (TJTO), celebrou a inaugura\u00e7\u00e3o de um refeit\u00f3rio na unidade policial &#8211;\u00a0 Foto: Adilvan Nogueira\/Governo do Tocantins\u00a0<\/strong><\/em><\/p>\n\n\n\n<p><\/p>\n\n\n\n<figure class=\"wp-block-image size-large is-resized\"><img loading=\"lazy\" decoding=\"async\" src=\"https:\/\/focotocantinense.com.br\/wp-content\/uploads\/2023\/06\/333540-1024x585.jpg\" alt=\"\" class=\"wp-image-4972\" width=\"851\" height=\"485\" srcset=\"https:\/\/focotocantinense.com.br\/wp-content\/uploads\/2023\/06\/333540-1024x585.jpg 1024w, https:\/\/focotocantinense.com.br\/wp-content\/uploads\/2023\/06\/333540-300x172.jpg 300w, https:\/\/focotocantinense.com.br\/wp-content\/uploads\/2023\/06\/333540-768x439.jpg 768w, https:\/\/focotocantinense.com.br\/wp-content\/uploads\/2023\/06\/333540-1536x878.jpg 1536w\" sizes=\"auto, (max-width: 851px) 100vw, 851px\" \/><\/figure>\n\n\n\n<figure class=\"wp-block-image size-large is-resized\"><img loading=\"lazy\" decoding=\"async\" src=\"https:\/\/focotocantinense.com.br\/wp-content\/uploads\/2023\/06\/5215c382-74e8-4be1-ae0e-821dde0eaaee-2-576x1024.jpg\" alt=\"\" class=\"wp-image-4979\" width=\"836\" height=\"1486\" srcset=\"https:\/\/focotocantinense.com.br\/wp-content\/uploads\/2023\/06\/5215c382-74e8-4be1-ae0e-821dde0eaaee-2-576x1024.jpg 576w, https:\/\/focotocantinense.com.br\/wp-content\/uploads\/2023\/06\/5215c382-74e8-4be1-ae0e-821dde0eaaee-2-169x300.jpg 169w, https:\/\/focotocantinense.com.br\/wp-content\/uploads\/2023\/06\/5215c382-74e8-4be1-ae0e-821dde0eaaee-2-768x1365.jpg 768w, https:\/\/focotocantinense.com.br\/wp-content\/uploads\/2023\/06\/5215c382-74e8-4be1-ae0e-821dde0eaaee-2-864x1536.jpg 864w, https:\/\/focotocantinense.com.br\/wp-content\/uploads\/2023\/06\/5215c382-74e8-4be1-ae0e-821dde0eaaee-2.jpg 900w\" sizes=\"auto, (max-width: 836px) 100vw, 836px\" \/><\/figure>\n\n\n\n<figure class=\"wp-block-image size-full is-resized\"><img loading=\"lazy\" decoding=\"async\" src=\"https:\/\/focotocantinense.com.br\/wp-content\/uploads\/2023\/06\/VINI.jpg\" alt=\"\" class=\"wp-image-4981\" width=\"839\" height=\"253\" srcset=\"https:\/\/focotocantinense.com.br\/wp-content\/uploads\/2023\/06\/VINI.jpg 640w, https:\/\/focotocantinense.com.br\/wp-content\/uploads\/2023\/06\/VINI-300x90.jpg 300w\" sizes=\"auto, (max-width: 839px) 100vw, 839px\" \/><\/figure>\n","protected":false},"excerpt":{"rendered":"<p>Novos ambientes e reformas de estruturas foram as inaugura\u00e7\u00f5es realizadas nesta quarta-feira, 07, na cidade de Gurupi, pelo governador em exerc\u00edcio Laurez Moreira. As melhorias foram executadas no Centro de Ensino M\u00e9dio (CEM) Bom Jesus e no Centro de Ensino M\u00e9dio de Gurupi, pelo Governo do Tocantins, por meio da Secretaria de Educa\u00e7\u00e3o (Seduc), e &hellip;<\/p>\n","protected":false},"author":5,"featured_media":4972,"comment_status":"open","ping_status":"open","sticky":false,"template":"","format":"standard","meta":{"footnotes":""},"categories":[38],"tags":[],"class_list":["post-4971","post","type-post","status-publish","format-standard","has-post-thumbnail","","category-gurupi"],"_links":{"self":[{"href":"https:\/\/focotocantinense.com.br\/index.php?rest_route=\/wp\/v2\/posts\/4971","targetHints":{"allow":["GET"]}}],"collection":[{"href":"https:\/\/focotocantinense.com.br\/index.php?rest_route=\/wp\/v2\/posts"}],"about":[{"href":"https:\/\/focotocantinense.com.br\/index.php?rest_route=\/wp\/v2\/types\/post"}],"author":[{"embeddable":true,"href":"https:\/\/focotocantinense.com.br\/index.php?rest_route=\/wp\/v2\/users\/5"}],"replies":[{"embeddable":true,"href":"https:\/\/focotocantinense.com.br\/index.php?rest_route=%2Fwp%2Fv2%2Fcomments&post=4971"}],"version-history":[{"count":6,"href":"https:\/\/focotocantinense.com.br\/index.php?rest_route=\/wp\/v2\/posts\/4971\/revisions"}],"predecessor-version":[{"id":4982,"href":"https:\/\/focotocantinense.com.br\/index.php?rest_route=\/wp\/v2\/posts\/4971\/revisions\/4982"}],"wp:featuredmedia":[{"embeddable":true,"href":"https:\/\/focotocantinense.com.br\/index.php?rest_route=\/wp\/v2\/media\/4972"}],"wp:attachment":[{"href":"https:\/\/focotocantinense.com.br\/index.php?rest_route=%2Fwp%2Fv2%2Fmedia&parent=4971"}],"wp:term":[{"taxonomy":"category","embeddable":true,"href":"https:\/\/focotocantinense.com.br\/index.php?rest_route=%2Fwp%2Fv2%2Fcategories&post=4971"},{"taxonomy":"post_tag","embeddable":true,"href":"https:\/\/focotocantinense.com.br\/index.php?rest_route=%2Fwp%2Fv2%2Ftags&post=4971"}],"curies":[{"name":"wp","href":"https:\/\/api.w.org\/{rel}","templated":true}]}}