{"id":4964,"date":"2023-06-07T11:59:34","date_gmt":"2023-06-07T14:59:34","guid":{"rendered":"https:\/\/focotocantinense.com.br\/?p=4964"},"modified":"2023-06-07T12:02:26","modified_gmt":"2023-06-07T15:02:26","slug":"prefeita-josi-nunes-decreta-ponto-facultativo-nos-dias-08-09-e-12-de-junho","status":"publish","type":"post","link":"https:\/\/focotocantinense.com.br\/?p=4964","title":{"rendered":"Prefeita Josi Nunes decreta ponto facultativo nos dias 08, 09 e 12 de junho"},"content":{"rendered":"\n<p>A prefeita de Gurupi, Josi Nunes, decretou ponto facultativo nas reparti\u00e7\u00f5es p\u00fablicas municipais nesta quinta-feira, 08, sexta-feira, 09 e segunda-feira, 12 de junho, em raz\u00e3o das festividades crist\u00e3 de Corpus Christi e dia que antecede ao feriado de Santo Ant\u00f4nio, padroeiro de Gurupi.<\/p>\n\n\n\n<p>O decreto foi publicado no Di\u00e1rio Oficial desta ter\u00e7a-feira, 06, e leva em considera\u00e7\u00e3o a reduzida demanda pelos servi\u00e7os p\u00fablicos n\u00e3o essenciais.<\/p>\n\n\n\n<p>O ponto facultativo n\u00e3o se aplica \u00e0s reparti\u00e7\u00f5es p\u00fablicas que, por sua natureza, exijam regime de plant\u00e3o permanente.<\/p>\n\n\n\n<figure class=\"wp-block-image size-full is-resized\"><img loading=\"lazy\" decoding=\"async\" src=\"https:\/\/focotocantinense.com.br\/wp-content\/uploads\/2023\/06\/BBB.jpg\" alt=\"\" class=\"wp-image-4968\" width=\"345\" height=\"344\" srcset=\"https:\/\/focotocantinense.com.br\/wp-content\/uploads\/2023\/06\/BBB.jpg 999w, https:\/\/focotocantinense.com.br\/wp-content\/uploads\/2023\/06\/BBB-300x300.jpg 300w, https:\/\/focotocantinense.com.br\/wp-content\/uploads\/2023\/06\/BBB-150x150.jpg 150w, https:\/\/focotocantinense.com.br\/wp-content\/uploads\/2023\/06\/BBB-768x769.jpg 768w\" sizes=\"auto, (max-width: 345px) 100vw, 345px\" \/><\/figure>\n\n\n\n<figure class=\"wp-block-image size-large is-resized\"><img loading=\"lazy\" decoding=\"async\" src=\"https:\/\/focotocantinense.com.br\/wp-content\/uploads\/2023\/06\/5215c382-74e8-4be1-ae0e-821dde0eaaee-1-576x1024.jpg\" alt=\"\" class=\"wp-image-4924\" width=\"836\" height=\"1486\" srcset=\"https:\/\/focotocantinense.com.br\/wp-content\/uploads\/2023\/06\/5215c382-74e8-4be1-ae0e-821dde0eaaee-1-576x1024.jpg 576w, https:\/\/focotocantinense.com.br\/wp-content\/uploads\/2023\/06\/5215c382-74e8-4be1-ae0e-821dde0eaaee-1-169x300.jpg 169w, https:\/\/focotocantinense.com.br\/wp-content\/uploads\/2023\/06\/5215c382-74e8-4be1-ae0e-821dde0eaaee-1-768x1365.jpg 768w, https:\/\/focotocantinense.com.br\/wp-content\/uploads\/2023\/06\/5215c382-74e8-4be1-ae0e-821dde0eaaee-1-864x1536.jpg 864w, https:\/\/focotocantinense.com.br\/wp-content\/uploads\/2023\/06\/5215c382-74e8-4be1-ae0e-821dde0eaaee-1.jpg 900w\" sizes=\"auto, (max-width: 836px) 100vw, 836px\" \/><\/figure>\n\n\n\n<figure class=\"wp-block-image is-resized\"><img loading=\"lazy\" decoding=\"async\" src=\"http:\/\/n1to.com.br\/img\/uploads\/VINI_71.jpg\" alt=\"\" width=\"836\" height=\"252\"\/><\/figure>\n","protected":false},"excerpt":{"rendered":"<p>A prefeita de Gurupi, Josi Nunes, decretou ponto facultativo nas reparti\u00e7\u00f5es p\u00fablicas municipais nesta quinta-feira, 08, sexta-feira, 09 e segunda-feira, 12 de junho, em raz\u00e3o das festividades crist\u00e3 de Corpus Christi e dia que antecede ao feriado de Santo Ant\u00f4nio, padroeiro de Gurupi. O decreto foi publicado no Di\u00e1rio Oficial desta ter\u00e7a-feira, 06, e leva &hellip;<\/p>\n","protected":false},"author":5,"featured_media":4970,"comment_status":"open","ping_status":"open","sticky":false,"template":"","format":"standard","meta":{"footnotes":""},"categories":[38],"tags":[],"class_list":["post-4964","post","type-post","status-publish","format-standard","has-post-thumbnail","","category-gurupi"],"_links":{"self":[{"href":"https:\/\/focotocantinense.com.br\/index.php?rest_route=\/wp\/v2\/posts\/4964","targetHints":{"allow":["GET"]}}],"collection":[{"href":"https:\/\/focotocantinense.com.br\/index.php?rest_route=\/wp\/v2\/posts"}],"about":[{"href":"https:\/\/focotocantinense.com.br\/index.php?rest_route=\/wp\/v2\/types\/post"}],"author":[{"embeddable":true,"href":"https:\/\/focotocantinense.com.br\/index.php?rest_route=\/wp\/v2\/users\/5"}],"replies":[{"embeddable":true,"href":"https:\/\/focotocantinense.com.br\/index.php?rest_route=%2Fwp%2Fv2%2Fcomments&post=4964"}],"version-history":[{"count":3,"href":"https:\/\/focotocantinense.com.br\/index.php?rest_route=\/wp\/v2\/posts\/4964\/revisions"}],"predecessor-version":[{"id":4969,"href":"https:\/\/focotocantinense.com.br\/index.php?rest_route=\/wp\/v2\/posts\/4964\/revisions\/4969"}],"wp:featuredmedia":[{"embeddable":true,"href":"https:\/\/focotocantinense.com.br\/index.php?rest_route=\/wp\/v2\/media\/4970"}],"wp:attachment":[{"href":"https:\/\/focotocantinense.com.br\/index.php?rest_route=%2Fwp%2Fv2%2Fmedia&parent=4964"}],"wp:term":[{"taxonomy":"category","embeddable":true,"href":"https:\/\/focotocantinense.com.br\/index.php?rest_route=%2Fwp%2Fv2%2Fcategories&post=4964"},{"taxonomy":"post_tag","embeddable":true,"href":"https:\/\/focotocantinense.com.br\/index.php?rest_route=%2Fwp%2Fv2%2Ftags&post=4964"}],"curies":[{"name":"wp","href":"https:\/\/api.w.org\/{rel}","templated":true}]}}