{"id":4960,"date":"2023-06-06T19:56:53","date_gmt":"2023-06-06T22:56:53","guid":{"rendered":"https:\/\/focotocantinense.com.br\/?p=4960"},"modified":"2023-06-06T19:57:11","modified_gmt":"2023-06-06T22:57:11","slug":"governador-em-exercicio-laurez-moreira-recebe-vereadores-de-gurupi-e-discute-demandas-da-cidade","status":"publish","type":"post","link":"https:\/\/focotocantinense.com.br\/?p=4960","title":{"rendered":"Governador em exerc\u00edcio, Laurez Moreira, recebe vereadores de Gurupi e discute demandas da cidade"},"content":{"rendered":"\n<p>O governador do Tocantins em exerc\u00edcio, Laurez Moreira, recebeu nesta ter\u00e7a-feira, 6, no Pal\u00e1cio Araguaia, 14 vereadores de Gurupi, que vieram a Palmas discutir algumas demandas da cidade e que est\u00e3o inseridas na agenda do Governo, nesta quarta-feira, 7, no sul do Estado.&nbsp; Acompanharam a reuni\u00e3o o ex-governador Mois\u00e9s Avelino e o ex-vice-governador Paulo Sidnei Antunes.<\/p>\n\n\n\n<p>Laurez Moreira falou sobre a import\u00e2ncia em receber os vereadores, uma vez que, s\u00e3o eles que conhecem melhor a realidade de cada localidade, pois vivem o dia a dia juntamente com a popula\u00e7\u00e3o. \u201cNingu\u00e9m conhece mais as aspira\u00e7\u00f5es das pessoas de Gurupi que os vereadores. Eles est\u00e3o ao lado da popula\u00e7\u00e3o todos os dias, ouvindo as reivindica\u00e7\u00f5es e \u00e9 natural que antes, a cidade discuta com eles quais s\u00e3o as principais solicita\u00e7\u00f5es. Vamos resolver nesta quarta-feira, 7, v\u00e1rias demandas e outras vamos dar sequ\u00eancia junto com o governador Wanderlei Barbosa\u201d, afirmou o governador em exerc\u00edcio, Laurez Moreira.&nbsp;<\/p>\n\n\n\n<p>O vereador Zezinho da Lafiche frisou a relev\u00e2ncia da reuni\u00e3o, destacando que foi poss\u00edvel apresentar as demandas da cidade e al\u00e9m disso, uma oportunidade de estar com dois expoentes da pol\u00edtica tocantinense, o ex-governador Mois\u00e9s Avelino e o ex-vice-governador Paulo Sidnei. \u201cFoi uma surpresa encontrar o ex-governador Mois\u00e9s Avelino e o ex-vice-governador Paulo Sidnei, nesta reuni\u00e3o com o nosso governador em exerc\u00edcio, Laurez Moreira. Tratamos de v\u00e1rios assuntos de interesse da cidade de Gurupi e nos alegramos muito pelas boas not\u00edcias\u201d, ressaltou.<\/p>\n\n\n\n<p>Elvan Le\u00e3o, classificou a reuni\u00e3o como um momento \u00edmpar, ao ser recebido pelo governador em exerc\u00edcio, Laurez Moreira, para tratar sobre parcerias para toda a regi\u00e3o de Gurupi. \u201cEle nos convidou e deixou o governador do Estado \u00e0 disposi\u00e7\u00e3o para ajudar Gurupi, at\u00e9 porque \u00e9 um conhecedor da realidade de toda a regi\u00e3o sul\u201d, ressaltou o vereador Elvan Le\u00e3o.<\/p>\n\n\n\n<p><strong>UVT<\/strong><\/p>\n\n\n\n<p>O governador em exerc\u00edcio, Laurez Moreira, prestigiou a reuni\u00e3o da diretoria da Uni\u00e3o dos Vereadores do Estado do Tocantins (UVT), realizada na sala de reuni\u00f5es do Pal\u00e1cio Araguaia, nesta ter\u00e7a-feira, 6. Laurez Moreira reafirmou a import\u00e2ncia dos vereadores como portador das reivindica\u00e7\u00f5es da sociedade e colocou o seu gabinete \u00e0 disposi\u00e7\u00e3o da entidade. \u201c\u00c9 uma alegria estar aqui com voc\u00eas e aproveito para me colocar \u00e0 disposi\u00e7\u00e3o do governador Wanderlei Barbosa, para discutir as demandas da categoria e das localidades que representam\u201d, afirmou Laurez Moreira.<\/p>\n\n\n\n<figure class=\"wp-block-image size-large\"><img loading=\"lazy\" decoding=\"async\" width=\"1024\" height=\"585\" src=\"https:\/\/focotocantinense.com.br\/wp-content\/uploads\/2023\/06\/aaaaaaaaaaaaaaaaaaa-1-1024x585.jpg\" alt=\"\" class=\"wp-image-4961\" srcset=\"https:\/\/focotocantinense.com.br\/wp-content\/uploads\/2023\/06\/aaaaaaaaaaaaaaaaaaa-1-1024x585.jpg 1024w, https:\/\/focotocantinense.com.br\/wp-content\/uploads\/2023\/06\/aaaaaaaaaaaaaaaaaaa-1-300x171.jpg 300w, https:\/\/focotocantinense.com.br\/wp-content\/uploads\/2023\/06\/aaaaaaaaaaaaaaaaaaa-1-768x439.jpg 768w, https:\/\/focotocantinense.com.br\/wp-content\/uploads\/2023\/06\/aaaaaaaaaaaaaaaaaaa-1-1536x878.jpg 1536w, https:\/\/focotocantinense.com.br\/wp-content\/uploads\/2023\/06\/aaaaaaaaaaaaaaaaaaa-1-2048x1170.jpg 2048w\" sizes=\"auto, (max-width: 1024px) 100vw, 1024px\" \/><\/figure>\n\n\n\n<figure class=\"wp-block-image size-large is-resized\"><img loading=\"lazy\" decoding=\"async\" src=\"https:\/\/focotocantinense.com.br\/wp-content\/uploads\/2023\/06\/5215c382-74e8-4be1-ae0e-821dde0eaaee-1-576x1024.jpg\" alt=\"\" class=\"wp-image-4924\" width=\"832\" height=\"1479\" srcset=\"https:\/\/focotocantinense.com.br\/wp-content\/uploads\/2023\/06\/5215c382-74e8-4be1-ae0e-821dde0eaaee-1-576x1024.jpg 576w, https:\/\/focotocantinense.com.br\/wp-content\/uploads\/2023\/06\/5215c382-74e8-4be1-ae0e-821dde0eaaee-1-169x300.jpg 169w, https:\/\/focotocantinense.com.br\/wp-content\/uploads\/2023\/06\/5215c382-74e8-4be1-ae0e-821dde0eaaee-1-768x1365.jpg 768w, https:\/\/focotocantinense.com.br\/wp-content\/uploads\/2023\/06\/5215c382-74e8-4be1-ae0e-821dde0eaaee-1-864x1536.jpg 864w, https:\/\/focotocantinense.com.br\/wp-content\/uploads\/2023\/06\/5215c382-74e8-4be1-ae0e-821dde0eaaee-1.jpg 900w\" sizes=\"auto, (max-width: 832px) 100vw, 832px\" \/><\/figure>\n","protected":false},"excerpt":{"rendered":"<p>O governador do Tocantins em exerc\u00edcio, Laurez Moreira, recebeu nesta ter\u00e7a-feira, 6, no Pal\u00e1cio Araguaia, 14 vereadores de Gurupi, que vieram a Palmas discutir algumas demandas da cidade e que est\u00e3o inseridas na agenda do Governo, nesta quarta-feira, 7, no sul do Estado.&nbsp; Acompanharam a reuni\u00e3o o ex-governador Mois\u00e9s Avelino e o ex-vice-governador Paulo Sidnei &hellip;<\/p>\n","protected":false},"author":5,"featured_media":4961,"comment_status":"open","ping_status":"open","sticky":false,"template":"","format":"standard","meta":{"footnotes":""},"categories":[38],"tags":[],"class_list":["post-4960","post","type-post","status-publish","format-standard","has-post-thumbnail","","category-gurupi"],"_links":{"self":[{"href":"https:\/\/focotocantinense.com.br\/index.php?rest_route=\/wp\/v2\/posts\/4960","targetHints":{"allow":["GET"]}}],"collection":[{"href":"https:\/\/focotocantinense.com.br\/index.php?rest_route=\/wp\/v2\/posts"}],"about":[{"href":"https:\/\/focotocantinense.com.br\/index.php?rest_route=\/wp\/v2\/types\/post"}],"author":[{"embeddable":true,"href":"https:\/\/focotocantinense.com.br\/index.php?rest_route=\/wp\/v2\/users\/5"}],"replies":[{"embeddable":true,"href":"https:\/\/focotocantinense.com.br\/index.php?rest_route=%2Fwp%2Fv2%2Fcomments&post=4960"}],"version-history":[{"count":2,"href":"https:\/\/focotocantinense.com.br\/index.php?rest_route=\/wp\/v2\/posts\/4960\/revisions"}],"predecessor-version":[{"id":4963,"href":"https:\/\/focotocantinense.com.br\/index.php?rest_route=\/wp\/v2\/posts\/4960\/revisions\/4963"}],"wp:featuredmedia":[{"embeddable":true,"href":"https:\/\/focotocantinense.com.br\/index.php?rest_route=\/wp\/v2\/media\/4961"}],"wp:attachment":[{"href":"https:\/\/focotocantinense.com.br\/index.php?rest_route=%2Fwp%2Fv2%2Fmedia&parent=4960"}],"wp:term":[{"taxonomy":"category","embeddable":true,"href":"https:\/\/focotocantinense.com.br\/index.php?rest_route=%2Fwp%2Fv2%2Fcategories&post=4960"},{"taxonomy":"post_tag","embeddable":true,"href":"https:\/\/focotocantinense.com.br\/index.php?rest_route=%2Fwp%2Fv2%2Ftags&post=4960"}],"curies":[{"name":"wp","href":"https:\/\/api.w.org\/{rel}","templated":true}]}}