{"id":4956,"date":"2023-06-06T19:24:20","date_gmt":"2023-06-06T22:24:20","guid":{"rendered":"https:\/\/focotocantinense.com.br\/?p=4956"},"modified":"2023-06-06T19:25:45","modified_gmt":"2023-06-06T22:25:45","slug":"roda-de-contacao-de-historias-encanta-alunos-da-rede-municipal-de-educacao-de-tocantinia","status":"publish","type":"post","link":"https:\/\/focotocantinense.com.br\/?p=4956","title":{"rendered":"Roda de Conta\u00e7\u00e3o de Hist\u00f3rias encanta alunos da Rede Municipal de Educa\u00e7\u00e3o de Tocant\u00ednia"},"content":{"rendered":"\n<p><strong>Por Zacarias Martins<\/strong><\/p>\n\n\n\n<p>A Prefeitura de Tocant\u00ednia, por meio da Secretaria Municipal de Educa\u00e7\u00e3o \u2013 Semed,&nbsp; promoveu na manh\u00e3 desta ter\u00e7a-feira, 6, &nbsp;no Centro de Refer\u00eancia do Projeto Leitura Viva, uma movimentada atividade de Roda&nbsp; de Conta\u00e7\u00e3o de Hist\u00f3rias, &nbsp;com a professora Cida Lemes, coordenadora da Semed, que trabalhou o tema \u201cMinha regi\u00e3o\u201d<\/p>\n\n\n\n<p>Alunos, professores e gestores das escolas da Rede Municipal de Educa\u00e7\u00e3o, bem como, a comunidade local, foram o p\u00fablico-alvo dessa iniciativa, que tem por objetivo desenvolver de forma prazerosa e l\u00fadica, o salutar h\u00e1bito da leitura, por meio do conhecimento popular.<\/p>\n\n\n\n<p>O poeta e professor Andr\u00e9 Goveia, secret\u00e1rio de Educa\u00e7\u00e3o de Tocant\u00ednia, destaca que a conta\u00e7\u00e3o de hist\u00f3rias \u00e9 uma poderosa ferramenta para a forma\u00e7\u00e3o infantil.<\/p>\n\n\n\n<p>\u201cH\u00e1 muitos e muitos anos, praticava-se a&nbsp;conta\u00e7\u00e3o de hist\u00f3rias&nbsp;como uma das mais antigas formas para o homem absorver os valores praticados no conv\u00edvio humano e social e para compreender melhor as condutas que regem as comunidades em que se insere\u201d, explicou o secret\u00e1rio, ressaltando que, praticadas na educa\u00e7\u00e3o e na forma\u00e7\u00e3o de crian\u00e7as, as hist\u00f3rias podem ser utilizadas para ajud\u00e1-las a entender o mundo \u00e0 sua volta. &nbsp;\u201cElas transmitem valores morais, estimulam suas emo\u00e7\u00f5es, al\u00e9m de desenvolver nelas o gosto que as atrair\u00e3o para a leitura quando mais velhos\u201d, concluiu Andr\u00e9 Goveia.<\/p>\n\n\n\n<figure class=\"wp-block-image is-resized\"><img loading=\"lazy\" decoding=\"async\" src=\"http:\/\/n1to.com.br\/img\/uploads\/BBB_57.jpg\" alt=\"\" width=\"835\" height=\"582\"\/><\/figure>\n\n\n\n<figure class=\"wp-block-image is-resized\"><img loading=\"lazy\" decoding=\"async\" src=\"http:\/\/n1to.com.br\/img\/uploads\/CCC_24.jpg\" alt=\"\" width=\"834\" height=\"573\"\/><\/figure>\n\n\n\n<figure class=\"wp-block-image is-resized\"><img loading=\"lazy\" decoding=\"async\" src=\"http:\/\/n1to.com.br\/img\/uploads\/DDD_12.jpg\" alt=\"\" width=\"838\" height=\"587\"\/><\/figure>\n\n\n\n<figure class=\"wp-block-image is-resized\"><img loading=\"lazy\" decoding=\"async\" src=\"http:\/\/n1to.com.br\/img\/uploads\/eeee_8.jpg\" alt=\"\" width=\"840\" height=\"597\"\/><\/figure>\n\n\n\n<figure class=\"wp-block-image is-resized\"><img loading=\"lazy\" decoding=\"async\" src=\"http:\/\/n1to.com.br\/img\/uploads\/VINI_71.jpg\" alt=\"\" width=\"832\" height=\"251\"\/><\/figure>\n","protected":false},"excerpt":{"rendered":"<p>Por Zacarias Martins A Prefeitura de Tocant\u00ednia, por meio da Secretaria Municipal de Educa\u00e7\u00e3o \u2013 Semed,&nbsp; promoveu na manh\u00e3 desta ter\u00e7a-feira, 6, &nbsp;no Centro de Refer\u00eancia do Projeto Leitura Viva, uma movimentada atividade de Roda&nbsp; de Conta\u00e7\u00e3o de Hist\u00f3rias, &nbsp;com a professora Cida Lemes, coordenadora da Semed, que trabalhou o tema \u201cMinha regi\u00e3o\u201d Alunos, professores &hellip;<\/p>\n","protected":false},"author":5,"featured_media":4959,"comment_status":"open","ping_status":"open","sticky":false,"template":"","format":"standard","meta":{"footnotes":""},"categories":[78],"tags":[],"class_list":["post-4956","post","type-post","status-publish","format-standard","has-post-thumbnail","","category-tocantinia"],"_links":{"self":[{"href":"https:\/\/focotocantinense.com.br\/index.php?rest_route=\/wp\/v2\/posts\/4956","targetHints":{"allow":["GET"]}}],"collection":[{"href":"https:\/\/focotocantinense.com.br\/index.php?rest_route=\/wp\/v2\/posts"}],"about":[{"href":"https:\/\/focotocantinense.com.br\/index.php?rest_route=\/wp\/v2\/types\/post"}],"author":[{"embeddable":true,"href":"https:\/\/focotocantinense.com.br\/index.php?rest_route=\/wp\/v2\/users\/5"}],"replies":[{"embeddable":true,"href":"https:\/\/focotocantinense.com.br\/index.php?rest_route=%2Fwp%2Fv2%2Fcomments&post=4956"}],"version-history":[{"count":1,"href":"https:\/\/focotocantinense.com.br\/index.php?rest_route=\/wp\/v2\/posts\/4956\/revisions"}],"predecessor-version":[{"id":4957,"href":"https:\/\/focotocantinense.com.br\/index.php?rest_route=\/wp\/v2\/posts\/4956\/revisions\/4957"}],"wp:featuredmedia":[{"embeddable":true,"href":"https:\/\/focotocantinense.com.br\/index.php?rest_route=\/wp\/v2\/media\/4959"}],"wp:attachment":[{"href":"https:\/\/focotocantinense.com.br\/index.php?rest_route=%2Fwp%2Fv2%2Fmedia&parent=4956"}],"wp:term":[{"taxonomy":"category","embeddable":true,"href":"https:\/\/focotocantinense.com.br\/index.php?rest_route=%2Fwp%2Fv2%2Fcategories&post=4956"},{"taxonomy":"post_tag","embeddable":true,"href":"https:\/\/focotocantinense.com.br\/index.php?rest_route=%2Fwp%2Fv2%2Ftags&post=4956"}],"curies":[{"name":"wp","href":"https:\/\/api.w.org\/{rel}","templated":true}]}}